{"id":9133,"date":"2025-02-22T11:46:10","date_gmt":"2025-02-22T10:46:10","guid":{"rendered":"https:\/\/www.bzdz.pl\/technikum-mundurowe-ciechanow\/?p=9133"},"modified":"2025-09-03T18:11:49","modified_gmt":"2025-09-03T16:11:49","slug":"apel-1-dywizji-piechoty-legionow-im-marszalka-jozefa-pilsudskiego","status":"publish","type":"post","link":"https:\/\/www.bzdz.pl\/technikum-mundurowe-ciechanow\/apel-1-dywizji-piechoty-legionow-im-marszalka-jozefa-pilsudskiego\/","title":{"rendered":"Apel 1 Dywizji Piechoty Legion\u00f3w im. Marsza\u0142ka J\u00f3zefa Pi\u0142sudskiego"},"content":{"rendered":"<p>21 lutego na ciechanowskim rynku z udzia\u0142em kadet\u00f3w naszej szko\u0142y odby\u0142 si\u0119 Uroczysty Apel 1 Dywizji Piechoty Legion\u00f3w im. Marsza\u0142ka J\u00f3zefa Pi\u0142sudskiego w Ciechanowie.<\/p>\n<p><img loading=\"lazy\" decoding=\"async\" class=\"alignnone size-large wp-image-9129\" src=\"https:\/\/www.bzdz.pl\/technikum-mundurowe-ciechanow\/wp-content\/uploads\/2025\/02\/480558631-1078853277379279-1506444665266533418-n-1024x461.jpg\" alt=\"\" width=\"840\" height=\"378\" srcset=\"https:\/\/www.bzdz.pl\/technikum-mundurowe-ciechanow\/wp-content\/uploads\/2025\/02\/480558631-1078853277379279-1506444665266533418-n-1024x461.jpg 1024w, https:\/\/www.bzdz.pl\/technikum-mundurowe-ciechanow\/wp-content\/uploads\/2025\/02\/480558631-1078853277379279-1506444665266533418-n-300x135.jpg 300w, https:\/\/www.bzdz.pl\/technikum-mundurowe-ciechanow\/wp-content\/uploads\/2025\/02\/480558631-1078853277379279-1506444665266533418-n-768x346.jpg 768w, https:\/\/www.bzdz.pl\/technikum-mundurowe-ciechanow\/wp-content\/uploads\/2025\/02\/480558631-1078853277379279-1506444665266533418-n-1536x691.jpg 1536w, https:\/\/www.bzdz.pl\/technikum-mundurowe-ciechanow\/wp-content\/uploads\/2025\/02\/480558631-1078853277379279-1506444665266533418-n-1200x540.jpg 1200w, https:\/\/www.bzdz.pl\/technikum-mundurowe-ciechanow\/wp-content\/uploads\/2025\/02\/480558631-1078853277379279-1506444665266533418-n.jpg 2000w\" sizes=\"auto, (max-width: 709px) 85vw, (max-width: 909px) 67vw, (max-width: 1362px) 62vw, 840px\" \/><\/p>\n<div id='gallery-1' class='gallery galleryid-9133 gallery-columns-3 gallery-size-thumbnail'><figure class='gallery-item'>\n\t\t\t<div class='gallery-icon portrait'>\n\t\t\t\t<a href='https:\/\/www.bzdz.pl\/technikum-mundurowe-ciechanow\/wp-content\/uploads\/2025\/02\/480835578-1078853214045952-8160908508804193385-n.jpg' title=\"\" data-rl_title=\"\" class=\"rl-gallery-link\" data-rl_caption=\"\" data-rel=\"lightbox-gallery-1\"><img loading=\"lazy\" decoding=\"async\" width=\"150\" height=\"150\" src=\"https:\/\/www.bzdz.pl\/technikum-mundurowe-ciechanow\/wp-content\/uploads\/2025\/02\/480835578-1078853214045952-8160908508804193385-n-150x150.jpg\" class=\"attachment-thumbnail size-thumbnail\" alt=\"\" \/><\/a>\n\t\t\t<\/div><\/figure><figure class='gallery-item'>\n\t\t\t<div class='gallery-icon portrait'>\n\t\t\t\t<a href='https:\/\/www.bzdz.pl\/technikum-mundurowe-ciechanow\/wp-content\/uploads\/2025\/02\/480673469-1078853470712593-3730920107126176029-n.jpg' title=\"\" data-rl_title=\"\" class=\"rl-gallery-link\" data-rl_caption=\"\" data-rel=\"lightbox-gallery-1\"><img loading=\"lazy\" decoding=\"async\" width=\"150\" height=\"150\" src=\"https:\/\/www.bzdz.pl\/technikum-mundurowe-ciechanow\/wp-content\/uploads\/2025\/02\/480673469-1078853470712593-3730920107126176029-n-150x150.jpg\" class=\"attachment-thumbnail size-thumbnail\" alt=\"\" \/><\/a>\n\t\t\t<\/div><\/figure><figure class='gallery-item'>\n\t\t\t<div class='gallery-icon landscape'>\n\t\t\t\t<a href='https:\/\/www.bzdz.pl\/technikum-mundurowe-ciechanow\/wp-content\/uploads\/2025\/02\/480579478-1078853384045935-4465203109340142960-n.jpg' title=\"\" data-rl_title=\"\" class=\"rl-gallery-link\" data-rl_caption=\"\" data-rel=\"lightbox-gallery-1\"><img loading=\"lazy\" decoding=\"async\" width=\"150\" height=\"150\" src=\"https:\/\/www.bzdz.pl\/technikum-mundurowe-ciechanow\/wp-content\/uploads\/2025\/02\/480579478-1078853384045935-4465203109340142960-n-150x150.jpg\" class=\"attachment-thumbnail size-thumbnail\" alt=\"\" \/><\/a>\n\t\t\t<\/div><\/figure>\n\t\t<\/div>\n\n","protected":false},"excerpt":{"rendered":"<p>21 lutego na ciechanowskim rynku z udzia\u0142em kadet\u00f3w naszej szko\u0142y odby\u0142 si\u0119 Uroczysty Apel 1 Dywizji Piechoty Legion\u00f3w im. Marsza\u0142ka J\u00f3zefa Pi\u0142sudskiego w Ciechanowie.<\/p>\n<p><img loading=\"lazy\" decoding=\"async\" class=\"alignnone size-large wp-image-9129\" src=\"https:\/\/www.bzdz.pl\/technikum-mundurowe-ciechanow\/wp-content\/uploads\/2025\/02\/480558631-1078853277379279-1506444665266533418-n-1024x461.jpg\" alt=\"\" width=\"840\" height=\"378\" srcset=\"https:\/\/www.bzdz.pl\/technikum-mundurowe-ciechanow\/wp-content\/uploads\/2025\/02\/480558631-1078853277379279-1506444665266533418-n-1024x461.jpg 1024w, https:\/\/www.bzdz.pl\/technikum-mundurowe-ciechanow\/wp-content\/uploads\/2025\/02\/480558631-1078853277379279-1506444665266533418-n-300x135.jpg 300w, https:\/\/www.bzdz.pl\/technikum-mundurowe-ciechanow\/wp-content\/uploads\/2025\/02\/480558631-1078853277379279-1506444665266533418-n-768x346.jpg 768w, https:\/\/www.bzdz.pl\/technikum-mundurowe-ciechanow\/wp-content\/uploads\/2025\/02\/480558631-1078853277379279-1506444665266533418-n-1536x691.jpg 1536w, https:\/\/www.bzdz.pl\/technikum-mundurowe-ciechanow\/wp-content\/uploads\/2025\/02\/480558631-1078853277379279-1506444665266533418-n-1200x540.jpg 1200w, https:\/\/www.bzdz.pl\/technikum-mundurowe-ciechanow\/wp-content\/uploads\/2025\/02\/480558631-1078853277379279-1506444665266533418-n.jpg 2000w\" sizes=\"auto, (max-width: 709px) 85vw, (max-width: 909px) 67vw, (max-width: 1362px) 62vw, 840px\" \/><\/p>\n<div class=\"clr\"><\/div>\n<p><a href=\"https:\/\/www.bzdz.pl\/technikum-mundurowe-ciechanow\/apel-1-dywizji-piechoty-legionow-im-marszalka-jozefa-pilsudskiego\/\" class=\"readmore\">Przeczytaj ca\u0142o\u015b\u0107<\/a><\/p>\n","protected":false},"author":3,"featured_media":0,"comment_status":"closed","ping_status":"closed","sticky":false,"template":"","format":"standard","meta":{"footnotes":""},"categories":[20],"tags":[],"class_list":["post-9133","post","type-post","status-publish","format-standard","hentry","category-archiwum-rok-szkolny-2024-2025"],"yoast_head":"<!-- This site is optimized with the Yoast SEO plugin v27.5 - https:\/\/yoast.com\/product\/yoast-seo-wordpress\/ -->\n<title>Apel 1 Dywizji Piechoty Legion\u00f3w im. Marsza\u0142ka J\u00f3zefa Pi\u0142sudskiego - Technikum Mundurowe Ciechan\u00f3w<\/title>\n<meta name=\"robots\" content=\"index, follow, max-snippet:-1, max-image-preview:large, max-video-preview:-1\" \/>\n<link rel=\"canonical\" href=\"https:\/\/www.bzdz.pl\/technikum-mundurowe-ciechanow\/apel-1-dywizji-piechoty-legionow-im-marszalka-jozefa-pilsudskiego\/\" \/>\n<meta property=\"og:locale\" content=\"pl_PL\" \/>\n<meta property=\"og:type\" content=\"article\" \/>\n<meta property=\"og:title\" content=\"Apel 1 Dywizji Piechoty Legion\u00f3w im. Marsza\u0142ka J\u00f3zefa Pi\u0142sudskiego - Technikum Mundurowe Ciechan\u00f3w\" \/>\n<meta property=\"og:description\" content=\"21 lutego na ciechanowskim rynku z udzia\u0142em kadet\u00f3w naszej szko\u0142y odby\u0142 si\u0119 Uroczysty Apel 1 Dywizji Piechoty Legion\u00f3w im. Marsza\u0142ka J\u00f3zefa Pi\u0142sudskiego w Ciechanowie. Przeczytaj ca\u0142o\u015b\u0107\" \/>\n<meta property=\"og:url\" content=\"https:\/\/www.bzdz.pl\/technikum-mundurowe-ciechanow\/apel-1-dywizji-piechoty-legionow-im-marszalka-jozefa-pilsudskiego\/\" \/>\n<meta property=\"og:site_name\" content=\"Technikum Mundurowe Ciechan\u00f3w\" \/>\n<meta property=\"article:published_time\" content=\"2025-02-22T10:46:10+00:00\" \/>\n<meta property=\"article:modified_time\" content=\"2025-09-03T16:11:49+00:00\" \/>\n<meta property=\"og:image\" content=\"https:\/\/www.bzdz.pl\/technikum-mundurowe-ciechanow\/wp-content\/uploads\/2025\/02\/480835578-1078853214045952-8160908508804193385-n-150x150.jpg\" \/>\n<meta name=\"author\" content=\"ciechanow\" \/>\n<meta name=\"twitter:card\" content=\"summary_large_image\" \/>\n<meta name=\"twitter:label1\" content=\"Napisane przez\" \/>\n\t<meta name=\"twitter:data1\" content=\"ciechanow\" \/>\n\t<meta name=\"twitter:label2\" content=\"Szacowany czas czytania\" \/>\n\t<meta name=\"twitter:data2\" content=\"1 minuta\" \/>\n<script type=\"application\/ld+json\" class=\"yoast-schema-graph\">{\"@context\":\"https:\\\/\\\/schema.org\",\"@graph\":[{\"@type\":\"Article\",\"@id\":\"https:\\\/\\\/www.bzdz.pl\\\/technikum-mundurowe-ciechanow\\\/apel-1-dywizji-piechoty-legionow-im-marszalka-jozefa-pilsudskiego\\\/#article\",\"isPartOf\":{\"@id\":\"https:\\\/\\\/www.bzdz.pl\\\/technikum-mundurowe-ciechanow\\\/apel-1-dywizji-piechoty-legionow-im-marszalka-jozefa-pilsudskiego\\\/\"},\"author\":{\"name\":\"ciechanow\",\"@id\":\"https:\\\/\\\/www.bzdz.pl\\\/technikum-mundurowe-ciechanow\\\/#\\\/schema\\\/person\\\/938bfe6649419ff036b7b11a418be048\"},\"headline\":\"Apel 1 Dywizji Piechoty Legion\u00f3w im. Marsza\u0142ka J\u00f3zefa Pi\u0142sudskiego\",\"datePublished\":\"2025-02-22T10:46:10+00:00\",\"dateModified\":\"2025-09-03T16:11:49+00:00\",\"mainEntityOfPage\":{\"@id\":\"https:\\\/\\\/www.bzdz.pl\\\/technikum-mundurowe-ciechanow\\\/apel-1-dywizji-piechoty-legionow-im-marszalka-jozefa-pilsudskiego\\\/\"},\"wordCount\":43,\"image\":{\"@id\":\"https:\\\/\\\/www.bzdz.pl\\\/technikum-mundurowe-ciechanow\\\/apel-1-dywizji-piechoty-legionow-im-marszalka-jozefa-pilsudskiego\\\/#primaryimage\"},\"thumbnailUrl\":\"https:\\\/\\\/www.bzdz.pl\\\/technikum-mundurowe-ciechanow\\\/wp-content\\\/uploads\\\/2025\\\/02\\\/480558631-1078853277379279-1506444665266533418-n-1024x461.jpg\",\"articleSection\":[\"Archiwum rok szkolny 2024\\\/2025\"],\"inLanguage\":\"pl-PL\"},{\"@type\":\"WebPage\",\"@id\":\"https:\\\/\\\/www.bzdz.pl\\\/technikum-mundurowe-ciechanow\\\/apel-1-dywizji-piechoty-legionow-im-marszalka-jozefa-pilsudskiego\\\/\",\"url\":\"https:\\\/\\\/www.bzdz.pl\\\/technikum-mundurowe-ciechanow\\\/apel-1-dywizji-piechoty-legionow-im-marszalka-jozefa-pilsudskiego\\\/\",\"name\":\"Apel 1 Dywizji Piechoty Legion\u00f3w im. Marsza\u0142ka J\u00f3zefa Pi\u0142sudskiego - Technikum Mundurowe Ciechan\u00f3w\",\"isPartOf\":{\"@id\":\"https:\\\/\\\/www.bzdz.pl\\\/technikum-mundurowe-ciechanow\\\/#website\"},\"primaryImageOfPage\":{\"@id\":\"https:\\\/\\\/www.bzdz.pl\\\/technikum-mundurowe-ciechanow\\\/apel-1-dywizji-piechoty-legionow-im-marszalka-jozefa-pilsudskiego\\\/#primaryimage\"},\"image\":{\"@id\":\"https:\\\/\\\/www.bzdz.pl\\\/technikum-mundurowe-ciechanow\\\/apel-1-dywizji-piechoty-legionow-im-marszalka-jozefa-pilsudskiego\\\/#primaryimage\"},\"thumbnailUrl\":\"https:\\\/\\\/www.bzdz.pl\\\/technikum-mundurowe-ciechanow\\\/wp-content\\\/uploads\\\/2025\\\/02\\\/480558631-1078853277379279-1506444665266533418-n-1024x461.jpg\",\"datePublished\":\"2025-02-22T10:46:10+00:00\",\"dateModified\":\"2025-09-03T16:11:49+00:00\",\"author\":{\"@id\":\"https:\\\/\\\/www.bzdz.pl\\\/technikum-mundurowe-ciechanow\\\/#\\\/schema\\\/person\\\/938bfe6649419ff036b7b11a418be048\"},\"breadcrumb\":{\"@id\":\"https:\\\/\\\/www.bzdz.pl\\\/technikum-mundurowe-ciechanow\\\/apel-1-dywizji-piechoty-legionow-im-marszalka-jozefa-pilsudskiego\\\/#breadcrumb\"},\"inLanguage\":\"pl-PL\",\"potentialAction\":[{\"@type\":\"ReadAction\",\"target\":[\"https:\\\/\\\/www.bzdz.pl\\\/technikum-mundurowe-ciechanow\\\/apel-1-dywizji-piechoty-legionow-im-marszalka-jozefa-pilsudskiego\\\/\"]}]},{\"@type\":\"ImageObject\",\"inLanguage\":\"pl-PL\",\"@id\":\"https:\\\/\\\/www.bzdz.pl\\\/technikum-mundurowe-ciechanow\\\/apel-1-dywizji-piechoty-legionow-im-marszalka-jozefa-pilsudskiego\\\/#primaryimage\",\"url\":\"https:\\\/\\\/www.bzdz.pl\\\/technikum-mundurowe-ciechanow\\\/wp-content\\\/uploads\\\/2025\\\/02\\\/480558631-1078853277379279-1506444665266533418-n.jpg\",\"contentUrl\":\"https:\\\/\\\/www.bzdz.pl\\\/technikum-mundurowe-ciechanow\\\/wp-content\\\/uploads\\\/2025\\\/02\\\/480558631-1078853277379279-1506444665266533418-n.jpg\",\"width\":2000,\"height\":900},{\"@type\":\"BreadcrumbList\",\"@id\":\"https:\\\/\\\/www.bzdz.pl\\\/technikum-mundurowe-ciechanow\\\/apel-1-dywizji-piechoty-legionow-im-marszalka-jozefa-pilsudskiego\\\/#breadcrumb\",\"itemListElement\":[{\"@type\":\"ListItem\",\"position\":1,\"name\":\"Strona g\u0142\u00f3wna\",\"item\":\"https:\\\/\\\/www.bzdz.pl\\\/technikum-mundurowe-ciechanow\\\/\"},{\"@type\":\"ListItem\",\"position\":2,\"name\":\"Apel 1 Dywizji Piechoty Legion\u00f3w im. Marsza\u0142ka J\u00f3zefa Pi\u0142sudskiego\"}]},{\"@type\":\"WebSite\",\"@id\":\"https:\\\/\\\/www.bzdz.pl\\\/technikum-mundurowe-ciechanow\\\/#website\",\"url\":\"https:\\\/\\\/www.bzdz.pl\\\/technikum-mundurowe-ciechanow\\\/\",\"name\":\"Technikum Mundurowe Ciechan\u00f3w\",\"description\":\"\",\"potentialAction\":[{\"@type\":\"SearchAction\",\"target\":{\"@type\":\"EntryPoint\",\"urlTemplate\":\"https:\\\/\\\/www.bzdz.pl\\\/technikum-mundurowe-ciechanow\\\/?s={search_term_string}\"},\"query-input\":{\"@type\":\"PropertyValueSpecification\",\"valueRequired\":true,\"valueName\":\"search_term_string\"}}],\"inLanguage\":\"pl-PL\"},{\"@type\":\"Person\",\"@id\":\"https:\\\/\\\/www.bzdz.pl\\\/technikum-mundurowe-ciechanow\\\/#\\\/schema\\\/person\\\/938bfe6649419ff036b7b11a418be048\",\"name\":\"ciechanow\",\"image\":{\"@type\":\"ImageObject\",\"inLanguage\":\"pl-PL\",\"@id\":\"https:\\\/\\\/secure.gravatar.com\\\/avatar\\\/760fb3e4f8b9f847fe52e7ab28975077386cff586a274efd36b6fb2c52b01f73?s=96&d=mm&r=g\",\"url\":\"https:\\\/\\\/secure.gravatar.com\\\/avatar\\\/760fb3e4f8b9f847fe52e7ab28975077386cff586a274efd36b6fb2c52b01f73?s=96&d=mm&r=g\",\"contentUrl\":\"https:\\\/\\\/secure.gravatar.com\\\/avatar\\\/760fb3e4f8b9f847fe52e7ab28975077386cff586a274efd36b6fb2c52b01f73?s=96&d=mm&r=g\",\"caption\":\"ciechanow\"}}]}<\/script>\n<!-- \/ Yoast SEO plugin. -->","yoast_head_json":{"title":"Apel 1 Dywizji Piechoty Legion\u00f3w im. Marsza\u0142ka J\u00f3zefa Pi\u0142sudskiego - Technikum Mundurowe Ciechan\u00f3w","robots":{"index":"index","follow":"follow","max-snippet":"max-snippet:-1","max-image-preview":"max-image-preview:large","max-video-preview":"max-video-preview:-1"},"canonical":"https:\/\/www.bzdz.pl\/technikum-mundurowe-ciechanow\/apel-1-dywizji-piechoty-legionow-im-marszalka-jozefa-pilsudskiego\/","og_locale":"pl_PL","og_type":"article","og_title":"Apel 1 Dywizji Piechoty Legion\u00f3w im. Marsza\u0142ka J\u00f3zefa Pi\u0142sudskiego - Technikum Mundurowe Ciechan\u00f3w","og_description":"21 lutego na ciechanowskim rynku z udzia\u0142em kadet\u00f3w naszej szko\u0142y odby\u0142 si\u0119 Uroczysty Apel 1 Dywizji Piechoty Legion\u00f3w im. Marsza\u0142ka J\u00f3zefa Pi\u0142sudskiego w Ciechanowie. Przeczytaj ca\u0142o\u015b\u0107","og_url":"https:\/\/www.bzdz.pl\/technikum-mundurowe-ciechanow\/apel-1-dywizji-piechoty-legionow-im-marszalka-jozefa-pilsudskiego\/","og_site_name":"Technikum Mundurowe Ciechan\u00f3w","article_published_time":"2025-02-22T10:46:10+00:00","article_modified_time":"2025-09-03T16:11:49+00:00","og_image":[{"url":"https:\/\/www.bzdz.pl\/technikum-mundurowe-ciechanow\/wp-content\/uploads\/2025\/02\/480835578-1078853214045952-8160908508804193385-n-150x150.jpg","type":"","width":"","height":""}],"author":"ciechanow","twitter_card":"summary_large_image","twitter_misc":{"Napisane przez":"ciechanow","Szacowany czas czytania":"1 minuta"},"schema":{"@context":"https:\/\/schema.org","@graph":[{"@type":"Article","@id":"https:\/\/www.bzdz.pl\/technikum-mundurowe-ciechanow\/apel-1-dywizji-piechoty-legionow-im-marszalka-jozefa-pilsudskiego\/#article","isPartOf":{"@id":"https:\/\/www.bzdz.pl\/technikum-mundurowe-ciechanow\/apel-1-dywizji-piechoty-legionow-im-marszalka-jozefa-pilsudskiego\/"},"author":{"name":"ciechanow","@id":"https:\/\/www.bzdz.pl\/technikum-mundurowe-ciechanow\/#\/schema\/person\/938bfe6649419ff036b7b11a418be048"},"headline":"Apel 1 Dywizji Piechoty Legion\u00f3w im. Marsza\u0142ka J\u00f3zefa Pi\u0142sudskiego","datePublished":"2025-02-22T10:46:10+00:00","dateModified":"2025-09-03T16:11:49+00:00","mainEntityOfPage":{"@id":"https:\/\/www.bzdz.pl\/technikum-mundurowe-ciechanow\/apel-1-dywizji-piechoty-legionow-im-marszalka-jozefa-pilsudskiego\/"},"wordCount":43,"image":{"@id":"https:\/\/www.bzdz.pl\/technikum-mundurowe-ciechanow\/apel-1-dywizji-piechoty-legionow-im-marszalka-jozefa-pilsudskiego\/#primaryimage"},"thumbnailUrl":"https:\/\/www.bzdz.pl\/technikum-mundurowe-ciechanow\/wp-content\/uploads\/2025\/02\/480558631-1078853277379279-1506444665266533418-n-1024x461.jpg","articleSection":["Archiwum rok szkolny 2024\/2025"],"inLanguage":"pl-PL"},{"@type":"WebPage","@id":"https:\/\/www.bzdz.pl\/technikum-mundurowe-ciechanow\/apel-1-dywizji-piechoty-legionow-im-marszalka-jozefa-pilsudskiego\/","url":"https:\/\/www.bzdz.pl\/technikum-mundurowe-ciechanow\/apel-1-dywizji-piechoty-legionow-im-marszalka-jozefa-pilsudskiego\/","name":"Apel 1 Dywizji Piechoty Legion\u00f3w im. Marsza\u0142ka J\u00f3zefa Pi\u0142sudskiego - Technikum Mundurowe Ciechan\u00f3w","isPartOf":{"@id":"https:\/\/www.bzdz.pl\/technikum-mundurowe-ciechanow\/#website"},"primaryImageOfPage":{"@id":"https:\/\/www.bzdz.pl\/technikum-mundurowe-ciechanow\/apel-1-dywizji-piechoty-legionow-im-marszalka-jozefa-pilsudskiego\/#primaryimage"},"image":{"@id":"https:\/\/www.bzdz.pl\/technikum-mundurowe-ciechanow\/apel-1-dywizji-piechoty-legionow-im-marszalka-jozefa-pilsudskiego\/#primaryimage"},"thumbnailUrl":"https:\/\/www.bzdz.pl\/technikum-mundurowe-ciechanow\/wp-content\/uploads\/2025\/02\/480558631-1078853277379279-1506444665266533418-n-1024x461.jpg","datePublished":"2025-02-22T10:46:10+00:00","dateModified":"2025-09-03T16:11:49+00:00","author":{"@id":"https:\/\/www.bzdz.pl\/technikum-mundurowe-ciechanow\/#\/schema\/person\/938bfe6649419ff036b7b11a418be048"},"breadcrumb":{"@id":"https:\/\/www.bzdz.pl\/technikum-mundurowe-ciechanow\/apel-1-dywizji-piechoty-legionow-im-marszalka-jozefa-pilsudskiego\/#breadcrumb"},"inLanguage":"pl-PL","potentialAction":[{"@type":"ReadAction","target":["https:\/\/www.bzdz.pl\/technikum-mundurowe-ciechanow\/apel-1-dywizji-piechoty-legionow-im-marszalka-jozefa-pilsudskiego\/"]}]},{"@type":"ImageObject","inLanguage":"pl-PL","@id":"https:\/\/www.bzdz.pl\/technikum-mundurowe-ciechanow\/apel-1-dywizji-piechoty-legionow-im-marszalka-jozefa-pilsudskiego\/#primaryimage","url":"https:\/\/www.bzdz.pl\/technikum-mundurowe-ciechanow\/wp-content\/uploads\/2025\/02\/480558631-1078853277379279-1506444665266533418-n.jpg","contentUrl":"https:\/\/www.bzdz.pl\/technikum-mundurowe-ciechanow\/wp-content\/uploads\/2025\/02\/480558631-1078853277379279-1506444665266533418-n.jpg","width":2000,"height":900},{"@type":"BreadcrumbList","@id":"https:\/\/www.bzdz.pl\/technikum-mundurowe-ciechanow\/apel-1-dywizji-piechoty-legionow-im-marszalka-jozefa-pilsudskiego\/#breadcrumb","itemListElement":[{"@type":"ListItem","position":1,"name":"Strona g\u0142\u00f3wna","item":"https:\/\/www.bzdz.pl\/technikum-mundurowe-ciechanow\/"},{"@type":"ListItem","position":2,"name":"Apel 1 Dywizji Piechoty Legion\u00f3w im. Marsza\u0142ka J\u00f3zefa Pi\u0142sudskiego"}]},{"@type":"WebSite","@id":"https:\/\/www.bzdz.pl\/technikum-mundurowe-ciechanow\/#website","url":"https:\/\/www.bzdz.pl\/technikum-mundurowe-ciechanow\/","name":"Technikum Mundurowe Ciechan\u00f3w","description":"","potentialAction":[{"@type":"SearchAction","target":{"@type":"EntryPoint","urlTemplate":"https:\/\/www.bzdz.pl\/technikum-mundurowe-ciechanow\/?s={search_term_string}"},"query-input":{"@type":"PropertyValueSpecification","valueRequired":true,"valueName":"search_term_string"}}],"inLanguage":"pl-PL"},{"@type":"Person","@id":"https:\/\/www.bzdz.pl\/technikum-mundurowe-ciechanow\/#\/schema\/person\/938bfe6649419ff036b7b11a418be048","name":"ciechanow","image":{"@type":"ImageObject","inLanguage":"pl-PL","@id":"https:\/\/secure.gravatar.com\/avatar\/760fb3e4f8b9f847fe52e7ab28975077386cff586a274efd36b6fb2c52b01f73?s=96&d=mm&r=g","url":"https:\/\/secure.gravatar.com\/avatar\/760fb3e4f8b9f847fe52e7ab28975077386cff586a274efd36b6fb2c52b01f73?s=96&d=mm&r=g","contentUrl":"https:\/\/secure.gravatar.com\/avatar\/760fb3e4f8b9f847fe52e7ab28975077386cff586a274efd36b6fb2c52b01f73?s=96&d=mm&r=g","caption":"ciechanow"}}]}},"_links":{"self":[{"href":"https:\/\/www.bzdz.pl\/technikum-mundurowe-ciechanow\/wp-json\/wp\/v2\/posts\/9133","targetHints":{"allow":["GET"]}}],"collection":[{"href":"https:\/\/www.bzdz.pl\/technikum-mundurowe-ciechanow\/wp-json\/wp\/v2\/posts"}],"about":[{"href":"https:\/\/www.bzdz.pl\/technikum-mundurowe-ciechanow\/wp-json\/wp\/v2\/types\/post"}],"author":[{"embeddable":true,"href":"https:\/\/www.bzdz.pl\/technikum-mundurowe-ciechanow\/wp-json\/wp\/v2\/users\/3"}],"replies":[{"embeddable":true,"href":"https:\/\/www.bzdz.pl\/technikum-mundurowe-ciechanow\/wp-json\/wp\/v2\/comments?post=9133"}],"version-history":[{"count":1,"href":"https:\/\/www.bzdz.pl\/technikum-mundurowe-ciechanow\/wp-json\/wp\/v2\/posts\/9133\/revisions"}],"predecessor-version":[{"id":9134,"href":"https:\/\/www.bzdz.pl\/technikum-mundurowe-ciechanow\/wp-json\/wp\/v2\/posts\/9133\/revisions\/9134"}],"wp:attachment":[{"href":"https:\/\/www.bzdz.pl\/technikum-mundurowe-ciechanow\/wp-json\/wp\/v2\/media?parent=9133"}],"wp:term":[{"taxonomy":"category","embeddable":true,"href":"https:\/\/www.bzdz.pl\/technikum-mundurowe-ciechanow\/wp-json\/wp\/v2\/categories?post=9133"},{"taxonomy":"post_tag","embeddable":true,"href":"https:\/\/www.bzdz.pl\/technikum-mundurowe-ciechanow\/wp-json\/wp\/v2\/tags?post=9133"}],"curies":[{"name":"wp","href":"https:\/\/api.w.org\/{rel}","templated":true}]}}