{"id":9112,"date":"2025-02-20T16:10:39","date_gmt":"2025-02-20T15:10:39","guid":{"rendered":"https:\/\/www.bzdz.pl\/technikum-mundurowe-ciechanow\/?p=9112"},"modified":"2025-09-03T18:11:54","modified_gmt":"2025-09-03T16:11:54","slug":"wizyta-w-sejmie-rp","status":"publish","type":"post","link":"https:\/\/www.bzdz.pl\/technikum-mundurowe-ciechanow\/wizyta-w-sejmie-rp\/","title":{"rendered":"Wizyta w Sejmie RP"},"content":{"rendered":"<p>20 lutego\u00a0 grupa kadet\u00f3w naszej szko\u0142y na zaproszenie Pos\u0142a Pana Adama Krzemi\u0144skiego odwiedzi\u0142a budynek Sejmu RP. Przys\u0142uchiwali si\u0119 obradom Parlamentu i zostali przywitani przez Pana Marsza\u0142ka Piotra Zgorzelskiego. Dla wielu naszych uczni\u00f3w by\u0142a to pierwsza wizyta w parlamencie i\u00a0 wspania\u0142a lekcja wychowania obywatelskiego.\u00a0<\/p>\n<p>Dzi\u0119kujemy Panie Po\u015ble.<\/p>\n<p><img loading=\"lazy\" decoding=\"async\" class=\"alignnone size-full wp-image-9105\" src=\"https:\/\/www.bzdz.pl\/technikum-mundurowe-ciechanow\/wp-content\/uploads\/2025\/02\/480729855-1078179564113317-566884691237924212-n.jpg\" alt=\"\" width=\"1020\" height=\"765\" srcset=\"https:\/\/www.bzdz.pl\/technikum-mundurowe-ciechanow\/wp-content\/uploads\/2025\/02\/480729855-1078179564113317-566884691237924212-n.jpg 1020w, https:\/\/www.bzdz.pl\/technikum-mundurowe-ciechanow\/wp-content\/uploads\/2025\/02\/480729855-1078179564113317-566884691237924212-n-300x225.jpg 300w, https:\/\/www.bzdz.pl\/technikum-mundurowe-ciechanow\/wp-content\/uploads\/2025\/02\/480729855-1078179564113317-566884691237924212-n-768x576.jpg 768w\" sizes=\"auto, (max-width: 709px) 85vw, (max-width: 909px) 67vw, (max-width: 1362px) 62vw, 840px\" \/><\/p>\n<div id='gallery-1' class='gallery galleryid-9112 gallery-columns-3 gallery-size-thumbnail'><figure class='gallery-item'>\n\t\t\t<div class='gallery-icon portrait'>\n\t\t\t\t<a href='https:\/\/www.bzdz.pl\/technikum-mundurowe-ciechanow\/wp-content\/uploads\/2025\/02\/480438706-1078195324111741-5199793091571039929-n.jpg' title=\"\" data-rl_title=\"\" class=\"rl-gallery-link\" data-rl_caption=\"\" data-rel=\"lightbox-gallery-1\"><img loading=\"lazy\" decoding=\"async\" width=\"150\" height=\"150\" src=\"https:\/\/www.bzdz.pl\/technikum-mundurowe-ciechanow\/wp-content\/uploads\/2025\/02\/480438706-1078195324111741-5199793091571039929-n-150x150.jpg\" class=\"attachment-thumbnail size-thumbnail\" alt=\"\" \/><\/a>\n\t\t\t<\/div><\/figure><figure class='gallery-item'>\n\t\t\t<div class='gallery-icon landscape'>\n\t\t\t\t<a href='https:\/\/www.bzdz.pl\/technikum-mundurowe-ciechanow\/wp-content\/uploads\/2025\/02\/480556244-1078195414111732-5454963165362076712-n.jpg' title=\"\" data-rl_title=\"\" class=\"rl-gallery-link\" data-rl_caption=\"\" data-rel=\"lightbox-gallery-1\"><img loading=\"lazy\" decoding=\"async\" width=\"150\" height=\"150\" src=\"https:\/\/www.bzdz.pl\/technikum-mundurowe-ciechanow\/wp-content\/uploads\/2025\/02\/480556244-1078195414111732-5454963165362076712-n-150x150.jpg\" class=\"attachment-thumbnail size-thumbnail\" alt=\"\" \/><\/a>\n\t\t\t<\/div><\/figure><figure class='gallery-item'>\n\t\t\t<div class='gallery-icon landscape'>\n\t\t\t\t<a href='https:\/\/www.bzdz.pl\/technikum-mundurowe-ciechanow\/wp-content\/uploads\/2025\/02\/481339705-1078195467445060-7215399295256675798-n.jpg' title=\"\" data-rl_title=\"\" class=\"rl-gallery-link\" data-rl_caption=\"\" data-rel=\"lightbox-gallery-1\"><img loading=\"lazy\" decoding=\"async\" width=\"150\" height=\"150\" src=\"https:\/\/www.bzdz.pl\/technikum-mundurowe-ciechanow\/wp-content\/uploads\/2025\/02\/481339705-1078195467445060-7215399295256675798-n-150x150.jpg\" class=\"attachment-thumbnail size-thumbnail\" alt=\"\" \/><\/a>\n\t\t\t<\/div><\/figure><figure class='gallery-item'>\n\t\t\t<div class='gallery-icon landscape'>\n\t\t\t\t<a href='https:\/\/www.bzdz.pl\/technikum-mundurowe-ciechanow\/wp-content\/uploads\/2025\/02\/480565862-1078195504111723-1845624329894508948-n.jpg' title=\"\" data-rl_title=\"\" class=\"rl-gallery-link\" data-rl_caption=\"\" data-rel=\"lightbox-gallery-1\"><img loading=\"lazy\" decoding=\"async\" width=\"150\" height=\"150\" src=\"https:\/\/www.bzdz.pl\/technikum-mundurowe-ciechanow\/wp-content\/uploads\/2025\/02\/480565862-1078195504111723-1845624329894508948-n-150x150.jpg\" class=\"attachment-thumbnail size-thumbnail\" alt=\"\" \/><\/a>\n\t\t\t<\/div><\/figure><figure class='gallery-item'>\n\t\t\t<div class='gallery-icon landscape'>\n\t\t\t\t<a href='https:\/\/www.bzdz.pl\/technikum-mundurowe-ciechanow\/wp-content\/uploads\/2025\/02\/480684074-1078201850777755-2991252771066929602-n.jpg' title=\"\" data-rl_title=\"\" class=\"rl-gallery-link\" data-rl_caption=\"\" data-rel=\"lightbox-gallery-1\"><img loading=\"lazy\" decoding=\"async\" width=\"150\" height=\"150\" src=\"https:\/\/www.bzdz.pl\/technikum-mundurowe-ciechanow\/wp-content\/uploads\/2025\/02\/480684074-1078201850777755-2991252771066929602-n-150x150.jpg\" class=\"attachment-thumbnail size-thumbnail\" alt=\"\" \/><\/a>\n\t\t\t<\/div><\/figure><figure class='gallery-item'>\n\t\t\t<div class='gallery-icon portrait'>\n\t\t\t\t<a href='https:\/\/www.bzdz.pl\/technikum-mundurowe-ciechanow\/wp-content\/uploads\/2025\/02\/480995639-1078195370778403-3933650558689687429-n.jpg' title=\"\" data-rl_title=\"\" class=\"rl-gallery-link\" data-rl_caption=\"\" data-rel=\"lightbox-gallery-1\"><img loading=\"lazy\" decoding=\"async\" width=\"150\" height=\"150\" src=\"https:\/\/www.bzdz.pl\/technikum-mundurowe-ciechanow\/wp-content\/uploads\/2025\/02\/480995639-1078195370778403-3933650558689687429-n-150x150.jpg\" class=\"attachment-thumbnail size-thumbnail\" alt=\"\" \/><\/a>\n\t\t\t<\/div><\/figure><figure class='gallery-item'>\n\t\t\t<div class='gallery-icon landscape'>\n\t\t\t\t<a href='https:\/\/www.bzdz.pl\/technikum-mundurowe-ciechanow\/wp-content\/uploads\/2025\/02\/480810595-1078179764113297-1567516991445825890-n.jpg' title=\"\" data-rl_title=\"\" class=\"rl-gallery-link\" data-rl_caption=\"\" data-rel=\"lightbox-gallery-1\"><img loading=\"lazy\" decoding=\"async\" width=\"150\" height=\"150\" src=\"https:\/\/www.bzdz.pl\/technikum-mundurowe-ciechanow\/wp-content\/uploads\/2025\/02\/480810595-1078179764113297-1567516991445825890-n-150x150.jpg\" class=\"attachment-thumbnail size-thumbnail\" alt=\"\" \/><\/a>\n\t\t\t<\/div><\/figure><figure class='gallery-item'>\n\t\t\t<div class='gallery-icon landscape'>\n\t\t\t\t<a href='https:\/\/www.bzdz.pl\/technikum-mundurowe-ciechanow\/wp-content\/uploads\/2025\/02\/480492153-1078184824112791-551824463786711741-n.jpg' title=\"\" data-rl_title=\"\" class=\"rl-gallery-link\" data-rl_caption=\"\" data-rel=\"lightbox-gallery-1\"><img loading=\"lazy\" decoding=\"async\" width=\"150\" height=\"150\" src=\"https:\/\/www.bzdz.pl\/technikum-mundurowe-ciechanow\/wp-content\/uploads\/2025\/02\/480492153-1078184824112791-551824463786711741-n-150x150.jpg\" class=\"attachment-thumbnail size-thumbnail\" alt=\"\" \/><\/a>\n\t\t\t<\/div><\/figure><figure class='gallery-item'>\n\t\t\t<div class='gallery-icon landscape'>\n\t\t\t\t<a href='https:\/\/www.bzdz.pl\/technikum-mundurowe-ciechanow\/wp-content\/uploads\/2025\/02\/480778313-1078202637444343-3525640672613894140-n.jpg' title=\"\" data-rl_title=\"\" class=\"rl-gallery-link\" data-rl_caption=\"\" data-rel=\"lightbox-gallery-1\"><img loading=\"lazy\" decoding=\"async\" width=\"150\" height=\"150\" src=\"https:\/\/www.bzdz.pl\/technikum-mundurowe-ciechanow\/wp-content\/uploads\/2025\/02\/480778313-1078202637444343-3525640672613894140-n-150x150.jpg\" class=\"attachment-thumbnail size-thumbnail\" alt=\"\" \/><\/a>\n\t\t\t<\/div><\/figure>\n\t\t<\/div>\n\n<p>&nbsp;<\/p>\n","protected":false},"excerpt":{"rendered":"<p>20 lutego\u00a0 grupa kadet\u00f3w naszej szko\u0142y na zaproszenie Pos\u0142a Pana Adama Krzemi\u0144skiego odwiedzi\u0142a budynek Sejmu RP. Przys\u0142uchiwali si\u0119 obradom Parlamentu i zostali przywitani przez Pana Marsza\u0142ka Piotra Zgorzelskiego. Dla wielu naszych uczni\u00f3w by\u0142a to pierwsza wizyta w parlamencie i\u00a0 wspania\u0142a lekcja wychowania obywatelskiego.\u00a0<\/p>\n<p>Dzi\u0119kujemy Panie Po\u015ble.<\/p>\n<p><img loading=\"lazy\" decoding=\"async\" class=\"alignnone size-full wp-image-9105\" src=\"https:\/\/www.bzdz.pl\/technikum-mundurowe-ciechanow\/wp-content\/uploads\/2025\/02\/480729855-1078179564113317-566884691237924212-n.jpg\" alt=\"\" width=\"1020\" height=\"765\" srcset=\"https:\/\/www.bzdz.pl\/technikum-mundurowe-ciechanow\/wp-content\/uploads\/2025\/02\/480729855-1078179564113317-566884691237924212-n.jpg 1020w, https:\/\/www.bzdz.pl\/technikum-mundurowe-ciechanow\/wp-content\/uploads\/2025\/02\/480729855-1078179564113317-566884691237924212-n-300x225.jpg 300w, https:\/\/www.bzdz.pl\/technikum-mundurowe-ciechanow\/wp-content\/uploads\/2025\/02\/480729855-1078179564113317-566884691237924212-n-768x576.jpg 768w\" sizes=\"auto, (max-width: 709px) 85vw, (max-width: 909px) 67vw, (max-width: 1362px) 62vw, 840px\" \/><\/p>\n<p>&nbsp;<\/p>\n<div class=\"clr\"><\/div>\n<p><a href=\"https:\/\/www.bzdz.pl\/technikum-mundurowe-ciechanow\/wizyta-w-sejmie-rp\/\" class=\"readmore\">Przeczytaj ca\u0142o\u015b\u0107<\/a><\/p>\n","protected":false},"author":3,"featured_media":0,"comment_status":"closed","ping_status":"closed","sticky":false,"template":"","format":"standard","meta":{"footnotes":""},"categories":[20],"tags":[],"class_list":["post-9112","post","type-post","status-publish","format-standard","hentry","category-archiwum-rok-szkolny-2024-2025"],"yoast_head":"<!-- This site is optimized with the Yoast SEO plugin v27.5 - https:\/\/yoast.com\/product\/yoast-seo-wordpress\/ -->\n<title>Wizyta w Sejmie RP - Technikum Mundurowe Ciechan\u00f3w<\/title>\n<meta name=\"robots\" content=\"index, follow, max-snippet:-1, max-image-preview:large, max-video-preview:-1\" \/>\n<link rel=\"canonical\" href=\"https:\/\/www.bzdz.pl\/technikum-mundurowe-ciechanow\/wizyta-w-sejmie-rp\/\" \/>\n<meta property=\"og:locale\" content=\"pl_PL\" \/>\n<meta property=\"og:type\" content=\"article\" \/>\n<meta property=\"og:title\" content=\"Wizyta w Sejmie RP - Technikum Mundurowe Ciechan\u00f3w\" \/>\n<meta property=\"og:description\" content=\"20 lutego\u00a0 grupa kadet\u00f3w naszej szko\u0142y na zaproszenie Pos\u0142a Pana Adama Krzemi\u0144skiego odwiedzi\u0142a budynek Sejmu RP. Przys\u0142uchiwali si\u0119 obradom Parlamentu i zostali przywitani przez Pana Marsza\u0142ka Piotra Zgorzelskiego. Dla wielu naszych uczni\u00f3w by\u0142a to pierwsza wizyta w parlamencie i\u00a0 wspania\u0142a lekcja wychowania obywatelskiego.\u00a0 Dzi\u0119kujemy Panie Po\u015ble.  &nbsp;Przeczytaj ca\u0142o\u015b\u0107\" \/>\n<meta property=\"og:url\" content=\"https:\/\/www.bzdz.pl\/technikum-mundurowe-ciechanow\/wizyta-w-sejmie-rp\/\" \/>\n<meta property=\"og:site_name\" content=\"Technikum Mundurowe Ciechan\u00f3w\" \/>\n<meta property=\"article:published_time\" content=\"2025-02-20T15:10:39+00:00\" \/>\n<meta property=\"article:modified_time\" content=\"2025-09-03T16:11:54+00:00\" \/>\n<meta property=\"og:image\" content=\"https:\/\/www.bzdz.pl\/technikum-mundurowe-ciechanow\/wp-content\/uploads\/2025\/02\/480438706-1078195324111741-5199793091571039929-n-150x150.jpg\" \/>\n<meta name=\"author\" content=\"ciechanow\" \/>\n<meta name=\"twitter:card\" content=\"summary_large_image\" \/>\n<meta name=\"twitter:label1\" content=\"Napisane przez\" \/>\n\t<meta name=\"twitter:data1\" content=\"ciechanow\" \/>\n\t<meta name=\"twitter:label2\" content=\"Szacowany czas czytania\" \/>\n\t<meta name=\"twitter:data2\" content=\"1 minuta\" \/>\n<script type=\"application\/ld+json\" class=\"yoast-schema-graph\">{\"@context\":\"https:\\\/\\\/schema.org\",\"@graph\":[{\"@type\":\"Article\",\"@id\":\"https:\\\/\\\/www.bzdz.pl\\\/technikum-mundurowe-ciechanow\\\/wizyta-w-sejmie-rp\\\/#article\",\"isPartOf\":{\"@id\":\"https:\\\/\\\/www.bzdz.pl\\\/technikum-mundurowe-ciechanow\\\/wizyta-w-sejmie-rp\\\/\"},\"author\":{\"name\":\"ciechanow\",\"@id\":\"https:\\\/\\\/www.bzdz.pl\\\/technikum-mundurowe-ciechanow\\\/#\\\/schema\\\/person\\\/938bfe6649419ff036b7b11a418be048\"},\"headline\":\"Wizyta w Sejmie RP\",\"datePublished\":\"2025-02-20T15:10:39+00:00\",\"dateModified\":\"2025-09-03T16:11:54+00:00\",\"mainEntityOfPage\":{\"@id\":\"https:\\\/\\\/www.bzdz.pl\\\/technikum-mundurowe-ciechanow\\\/wizyta-w-sejmie-rp\\\/\"},\"wordCount\":64,\"image\":{\"@id\":\"https:\\\/\\\/www.bzdz.pl\\\/technikum-mundurowe-ciechanow\\\/wizyta-w-sejmie-rp\\\/#primaryimage\"},\"thumbnailUrl\":\"https:\\\/\\\/www.bzdz.pl\\\/technikum-mundurowe-ciechanow\\\/wp-content\\\/uploads\\\/2025\\\/02\\\/480729855-1078179564113317-566884691237924212-n.jpg\",\"articleSection\":[\"Archiwum rok szkolny 2024\\\/2025\"],\"inLanguage\":\"pl-PL\"},{\"@type\":\"WebPage\",\"@id\":\"https:\\\/\\\/www.bzdz.pl\\\/technikum-mundurowe-ciechanow\\\/wizyta-w-sejmie-rp\\\/\",\"url\":\"https:\\\/\\\/www.bzdz.pl\\\/technikum-mundurowe-ciechanow\\\/wizyta-w-sejmie-rp\\\/\",\"name\":\"Wizyta w Sejmie RP - Technikum Mundurowe Ciechan\u00f3w\",\"isPartOf\":{\"@id\":\"https:\\\/\\\/www.bzdz.pl\\\/technikum-mundurowe-ciechanow\\\/#website\"},\"primaryImageOfPage\":{\"@id\":\"https:\\\/\\\/www.bzdz.pl\\\/technikum-mundurowe-ciechanow\\\/wizyta-w-sejmie-rp\\\/#primaryimage\"},\"image\":{\"@id\":\"https:\\\/\\\/www.bzdz.pl\\\/technikum-mundurowe-ciechanow\\\/wizyta-w-sejmie-rp\\\/#primaryimage\"},\"thumbnailUrl\":\"https:\\\/\\\/www.bzdz.pl\\\/technikum-mundurowe-ciechanow\\\/wp-content\\\/uploads\\\/2025\\\/02\\\/480729855-1078179564113317-566884691237924212-n.jpg\",\"datePublished\":\"2025-02-20T15:10:39+00:00\",\"dateModified\":\"2025-09-03T16:11:54+00:00\",\"author\":{\"@id\":\"https:\\\/\\\/www.bzdz.pl\\\/technikum-mundurowe-ciechanow\\\/#\\\/schema\\\/person\\\/938bfe6649419ff036b7b11a418be048\"},\"breadcrumb\":{\"@id\":\"https:\\\/\\\/www.bzdz.pl\\\/technikum-mundurowe-ciechanow\\\/wizyta-w-sejmie-rp\\\/#breadcrumb\"},\"inLanguage\":\"pl-PL\",\"potentialAction\":[{\"@type\":\"ReadAction\",\"target\":[\"https:\\\/\\\/www.bzdz.pl\\\/technikum-mundurowe-ciechanow\\\/wizyta-w-sejmie-rp\\\/\"]}]},{\"@type\":\"ImageObject\",\"inLanguage\":\"pl-PL\",\"@id\":\"https:\\\/\\\/www.bzdz.pl\\\/technikum-mundurowe-ciechanow\\\/wizyta-w-sejmie-rp\\\/#primaryimage\",\"url\":\"https:\\\/\\\/www.bzdz.pl\\\/technikum-mundurowe-ciechanow\\\/wp-content\\\/uploads\\\/2025\\\/02\\\/480729855-1078179564113317-566884691237924212-n.jpg\",\"contentUrl\":\"https:\\\/\\\/www.bzdz.pl\\\/technikum-mundurowe-ciechanow\\\/wp-content\\\/uploads\\\/2025\\\/02\\\/480729855-1078179564113317-566884691237924212-n.jpg\",\"width\":1020,\"height\":765},{\"@type\":\"BreadcrumbList\",\"@id\":\"https:\\\/\\\/www.bzdz.pl\\\/technikum-mundurowe-ciechanow\\\/wizyta-w-sejmie-rp\\\/#breadcrumb\",\"itemListElement\":[{\"@type\":\"ListItem\",\"position\":1,\"name\":\"Strona g\u0142\u00f3wna\",\"item\":\"https:\\\/\\\/www.bzdz.pl\\\/technikum-mundurowe-ciechanow\\\/\"},{\"@type\":\"ListItem\",\"position\":2,\"name\":\"Wizyta w Sejmie RP\"}]},{\"@type\":\"WebSite\",\"@id\":\"https:\\\/\\\/www.bzdz.pl\\\/technikum-mundurowe-ciechanow\\\/#website\",\"url\":\"https:\\\/\\\/www.bzdz.pl\\\/technikum-mundurowe-ciechanow\\\/\",\"name\":\"Technikum Mundurowe Ciechan\u00f3w\",\"description\":\"\",\"potentialAction\":[{\"@type\":\"SearchAction\",\"target\":{\"@type\":\"EntryPoint\",\"urlTemplate\":\"https:\\\/\\\/www.bzdz.pl\\\/technikum-mundurowe-ciechanow\\\/?s={search_term_string}\"},\"query-input\":{\"@type\":\"PropertyValueSpecification\",\"valueRequired\":true,\"valueName\":\"search_term_string\"}}],\"inLanguage\":\"pl-PL\"},{\"@type\":\"Person\",\"@id\":\"https:\\\/\\\/www.bzdz.pl\\\/technikum-mundurowe-ciechanow\\\/#\\\/schema\\\/person\\\/938bfe6649419ff036b7b11a418be048\",\"name\":\"ciechanow\",\"image\":{\"@type\":\"ImageObject\",\"inLanguage\":\"pl-PL\",\"@id\":\"https:\\\/\\\/secure.gravatar.com\\\/avatar\\\/760fb3e4f8b9f847fe52e7ab28975077386cff586a274efd36b6fb2c52b01f73?s=96&d=mm&r=g\",\"url\":\"https:\\\/\\\/secure.gravatar.com\\\/avatar\\\/760fb3e4f8b9f847fe52e7ab28975077386cff586a274efd36b6fb2c52b01f73?s=96&d=mm&r=g\",\"contentUrl\":\"https:\\\/\\\/secure.gravatar.com\\\/avatar\\\/760fb3e4f8b9f847fe52e7ab28975077386cff586a274efd36b6fb2c52b01f73?s=96&d=mm&r=g\",\"caption\":\"ciechanow\"}}]}<\/script>\n<!-- \/ Yoast SEO plugin. -->","yoast_head_json":{"title":"Wizyta w Sejmie RP - Technikum Mundurowe Ciechan\u00f3w","robots":{"index":"index","follow":"follow","max-snippet":"max-snippet:-1","max-image-preview":"max-image-preview:large","max-video-preview":"max-video-preview:-1"},"canonical":"https:\/\/www.bzdz.pl\/technikum-mundurowe-ciechanow\/wizyta-w-sejmie-rp\/","og_locale":"pl_PL","og_type":"article","og_title":"Wizyta w Sejmie RP - Technikum Mundurowe Ciechan\u00f3w","og_description":"20 lutego\u00a0 grupa kadet\u00f3w naszej szko\u0142y na zaproszenie Pos\u0142a Pana Adama Krzemi\u0144skiego odwiedzi\u0142a budynek Sejmu RP. Przys\u0142uchiwali si\u0119 obradom Parlamentu i zostali przywitani przez Pana Marsza\u0142ka Piotra Zgorzelskiego. Dla wielu naszych uczni\u00f3w by\u0142a to pierwsza wizyta w parlamencie i\u00a0 wspania\u0142a lekcja wychowania obywatelskiego.\u00a0 Dzi\u0119kujemy Panie Po\u015ble.  &nbsp;Przeczytaj ca\u0142o\u015b\u0107","og_url":"https:\/\/www.bzdz.pl\/technikum-mundurowe-ciechanow\/wizyta-w-sejmie-rp\/","og_site_name":"Technikum Mundurowe Ciechan\u00f3w","article_published_time":"2025-02-20T15:10:39+00:00","article_modified_time":"2025-09-03T16:11:54+00:00","og_image":[{"url":"https:\/\/www.bzdz.pl\/technikum-mundurowe-ciechanow\/wp-content\/uploads\/2025\/02\/480438706-1078195324111741-5199793091571039929-n-150x150.jpg","type":"","width":"","height":""}],"author":"ciechanow","twitter_card":"summary_large_image","twitter_misc":{"Napisane przez":"ciechanow","Szacowany czas czytania":"1 minuta"},"schema":{"@context":"https:\/\/schema.org","@graph":[{"@type":"Article","@id":"https:\/\/www.bzdz.pl\/technikum-mundurowe-ciechanow\/wizyta-w-sejmie-rp\/#article","isPartOf":{"@id":"https:\/\/www.bzdz.pl\/technikum-mundurowe-ciechanow\/wizyta-w-sejmie-rp\/"},"author":{"name":"ciechanow","@id":"https:\/\/www.bzdz.pl\/technikum-mundurowe-ciechanow\/#\/schema\/person\/938bfe6649419ff036b7b11a418be048"},"headline":"Wizyta w Sejmie RP","datePublished":"2025-02-20T15:10:39+00:00","dateModified":"2025-09-03T16:11:54+00:00","mainEntityOfPage":{"@id":"https:\/\/www.bzdz.pl\/technikum-mundurowe-ciechanow\/wizyta-w-sejmie-rp\/"},"wordCount":64,"image":{"@id":"https:\/\/www.bzdz.pl\/technikum-mundurowe-ciechanow\/wizyta-w-sejmie-rp\/#primaryimage"},"thumbnailUrl":"https:\/\/www.bzdz.pl\/technikum-mundurowe-ciechanow\/wp-content\/uploads\/2025\/02\/480729855-1078179564113317-566884691237924212-n.jpg","articleSection":["Archiwum rok szkolny 2024\/2025"],"inLanguage":"pl-PL"},{"@type":"WebPage","@id":"https:\/\/www.bzdz.pl\/technikum-mundurowe-ciechanow\/wizyta-w-sejmie-rp\/","url":"https:\/\/www.bzdz.pl\/technikum-mundurowe-ciechanow\/wizyta-w-sejmie-rp\/","name":"Wizyta w Sejmie RP - Technikum Mundurowe Ciechan\u00f3w","isPartOf":{"@id":"https:\/\/www.bzdz.pl\/technikum-mundurowe-ciechanow\/#website"},"primaryImageOfPage":{"@id":"https:\/\/www.bzdz.pl\/technikum-mundurowe-ciechanow\/wizyta-w-sejmie-rp\/#primaryimage"},"image":{"@id":"https:\/\/www.bzdz.pl\/technikum-mundurowe-ciechanow\/wizyta-w-sejmie-rp\/#primaryimage"},"thumbnailUrl":"https:\/\/www.bzdz.pl\/technikum-mundurowe-ciechanow\/wp-content\/uploads\/2025\/02\/480729855-1078179564113317-566884691237924212-n.jpg","datePublished":"2025-02-20T15:10:39+00:00","dateModified":"2025-09-03T16:11:54+00:00","author":{"@id":"https:\/\/www.bzdz.pl\/technikum-mundurowe-ciechanow\/#\/schema\/person\/938bfe6649419ff036b7b11a418be048"},"breadcrumb":{"@id":"https:\/\/www.bzdz.pl\/technikum-mundurowe-ciechanow\/wizyta-w-sejmie-rp\/#breadcrumb"},"inLanguage":"pl-PL","potentialAction":[{"@type":"ReadAction","target":["https:\/\/www.bzdz.pl\/technikum-mundurowe-ciechanow\/wizyta-w-sejmie-rp\/"]}]},{"@type":"ImageObject","inLanguage":"pl-PL","@id":"https:\/\/www.bzdz.pl\/technikum-mundurowe-ciechanow\/wizyta-w-sejmie-rp\/#primaryimage","url":"https:\/\/www.bzdz.pl\/technikum-mundurowe-ciechanow\/wp-content\/uploads\/2025\/02\/480729855-1078179564113317-566884691237924212-n.jpg","contentUrl":"https:\/\/www.bzdz.pl\/technikum-mundurowe-ciechanow\/wp-content\/uploads\/2025\/02\/480729855-1078179564113317-566884691237924212-n.jpg","width":1020,"height":765},{"@type":"BreadcrumbList","@id":"https:\/\/www.bzdz.pl\/technikum-mundurowe-ciechanow\/wizyta-w-sejmie-rp\/#breadcrumb","itemListElement":[{"@type":"ListItem","position":1,"name":"Strona g\u0142\u00f3wna","item":"https:\/\/www.bzdz.pl\/technikum-mundurowe-ciechanow\/"},{"@type":"ListItem","position":2,"name":"Wizyta w Sejmie RP"}]},{"@type":"WebSite","@id":"https:\/\/www.bzdz.pl\/technikum-mundurowe-ciechanow\/#website","url":"https:\/\/www.bzdz.pl\/technikum-mundurowe-ciechanow\/","name":"Technikum Mundurowe Ciechan\u00f3w","description":"","potentialAction":[{"@type":"SearchAction","target":{"@type":"EntryPoint","urlTemplate":"https:\/\/www.bzdz.pl\/technikum-mundurowe-ciechanow\/?s={search_term_string}"},"query-input":{"@type":"PropertyValueSpecification","valueRequired":true,"valueName":"search_term_string"}}],"inLanguage":"pl-PL"},{"@type":"Person","@id":"https:\/\/www.bzdz.pl\/technikum-mundurowe-ciechanow\/#\/schema\/person\/938bfe6649419ff036b7b11a418be048","name":"ciechanow","image":{"@type":"ImageObject","inLanguage":"pl-PL","@id":"https:\/\/secure.gravatar.com\/avatar\/760fb3e4f8b9f847fe52e7ab28975077386cff586a274efd36b6fb2c52b01f73?s=96&d=mm&r=g","url":"https:\/\/secure.gravatar.com\/avatar\/760fb3e4f8b9f847fe52e7ab28975077386cff586a274efd36b6fb2c52b01f73?s=96&d=mm&r=g","contentUrl":"https:\/\/secure.gravatar.com\/avatar\/760fb3e4f8b9f847fe52e7ab28975077386cff586a274efd36b6fb2c52b01f73?s=96&d=mm&r=g","caption":"ciechanow"}}]}},"_links":{"self":[{"href":"https:\/\/www.bzdz.pl\/technikum-mundurowe-ciechanow\/wp-json\/wp\/v2\/posts\/9112","targetHints":{"allow":["GET"]}}],"collection":[{"href":"https:\/\/www.bzdz.pl\/technikum-mundurowe-ciechanow\/wp-json\/wp\/v2\/posts"}],"about":[{"href":"https:\/\/www.bzdz.pl\/technikum-mundurowe-ciechanow\/wp-json\/wp\/v2\/types\/post"}],"author":[{"embeddable":true,"href":"https:\/\/www.bzdz.pl\/technikum-mundurowe-ciechanow\/wp-json\/wp\/v2\/users\/3"}],"replies":[{"embeddable":true,"href":"https:\/\/www.bzdz.pl\/technikum-mundurowe-ciechanow\/wp-json\/wp\/v2\/comments?post=9112"}],"version-history":[{"count":1,"href":"https:\/\/www.bzdz.pl\/technikum-mundurowe-ciechanow\/wp-json\/wp\/v2\/posts\/9112\/revisions"}],"predecessor-version":[{"id":9113,"href":"https:\/\/www.bzdz.pl\/technikum-mundurowe-ciechanow\/wp-json\/wp\/v2\/posts\/9112\/revisions\/9113"}],"wp:attachment":[{"href":"https:\/\/www.bzdz.pl\/technikum-mundurowe-ciechanow\/wp-json\/wp\/v2\/media?parent=9112"}],"wp:term":[{"taxonomy":"category","embeddable":true,"href":"https:\/\/www.bzdz.pl\/technikum-mundurowe-ciechanow\/wp-json\/wp\/v2\/categories?post=9112"},{"taxonomy":"post_tag","embeddable":true,"href":"https:\/\/www.bzdz.pl\/technikum-mundurowe-ciechanow\/wp-json\/wp\/v2\/tags?post=9112"}],"curies":[{"name":"wp","href":"https:\/\/api.w.org\/{rel}","templated":true}]}}