{"id":10982,"date":"2026-04-29T10:13:21","date_gmt":"2026-04-29T08:13:21","guid":{"rendered":"https:\/\/www.bzdz.pl\/technikum-mundurowe-ciechanow\/?p=10982"},"modified":"2026-04-30T10:17:41","modified_gmt":"2026-04-30T08:17:41","slug":"10982-2","status":"publish","type":"post","link":"https:\/\/www.bzdz.pl\/technikum-mundurowe-ciechanow\/10982-2\/","title":{"rendered":"Podpisanie porozumienia z dyrektorem Izby Administracji Skarbowej"},"content":{"rendered":"<div class=\"xdj266r x14z9mp xat24cr x1lziwak x1vvkbs x126k92a\">\n<div dir=\"auto\"><img loading=\"lazy\" decoding=\"async\" class=\"alignnone size-full wp-image-10950\" src=\"https:\/\/www.bzdz.pl\/technikum-mundurowe-ciechanow\/wp-content\/uploads\/2026\/04\/686157731-1411733270757943-5484627698293400415-n.jpg\" alt=\"\" width=\"800\" height=\"501\" srcset=\"https:\/\/www.bzdz.pl\/technikum-mundurowe-ciechanow\/wp-content\/uploads\/2026\/04\/686157731-1411733270757943-5484627698293400415-n.jpg 800w, https:\/\/www.bzdz.pl\/technikum-mundurowe-ciechanow\/wp-content\/uploads\/2026\/04\/686157731-1411733270757943-5484627698293400415-n-300x188.jpg 300w, https:\/\/www.bzdz.pl\/technikum-mundurowe-ciechanow\/wp-content\/uploads\/2026\/04\/686157731-1411733270757943-5484627698293400415-n-768x481.jpg 768w\" sizes=\"auto, (max-width: 709px) 85vw, (max-width: 909px) 67vw, (max-width: 984px) 61vw, (max-width: 1362px) 45vw, 600px\" \/><\/div>\n<div dir=\"auto\">\u00a0<\/div>\n<div dir=\"auto\">28 kwietnia, przed rozpocz\u0119ciem oficjalnych uroczysto\u015bci z okazji Dnia Kadeta, dyrektor szko\u0142y Dariusz Mosakowski podpisa\u0142 porozumienie z dyrektorem Izby Administracji Skarbowej, Dariuszem Hysem. To wa\u017cny krok dla kandydat\u00f3w rozwa\u017caj\u0105cych wyb\u00f3r szko\u0142y \u2013 od wrze\u015bnia ruszy nowy kierunek: klasa o profilu administracji skarbowej.<\/div>\n<\/div>\n<div class=\"x14z9mp xat24cr x1lziwak x1vvkbs xtlvy1s x126k92a\">\n<div dir=\"auto\">To niew\u0105tpliwie unikatowa oferta w regionie. Dzi\u0119ki wsp\u00f3\u0142pracy z IAS uczniowie zdob\u0119d\u0105 praktyczne kwalifikacje i przygotowanie do pracy w Krajowej Administracji Skarbowej, kt\u00f3ra stale poszukuje specjalist\u00f3w.<\/div>\n<\/div>\n<div class=\"x14z9mp xat24cr x1lziwak x1vvkbs xtlvy1s x126k92a\">\n<div dir=\"auto\">Nowy kierunek i kolejne inicjatywy pokazuj\u0105, \u017ce Szko\u0142a Techniczna im. gen. W\u0142adys\u0142awa Andersa BZDZ w Ciechanowie stale si\u0119 rozwija i odpowiada na potrzeby rynku pracy.<\/div>\n<\/div>\n<div class=\"x14z9mp xat24cr x1lziwak x1vvkbs xtlvy1s x126k92a\">\n<div dir=\"auto\">fot. Czas Ciechanowa<\/div>\n<\/div>\n","protected":false},"excerpt":{"rendered":"<div class=\"xdj266r x14z9mp xat24cr x1lziwak x1vvkbs x126k92a\">\n<div dir=\"auto\"><img loading=\"lazy\" decoding=\"async\" class=\"alignnone size-full wp-image-10950\" src=\"https:\/\/www.bzdz.pl\/technikum-mundurowe-ciechanow\/wp-content\/uploads\/2026\/04\/686157731-1411733270757943-5484627698293400415-n.jpg\" alt=\"\" width=\"800\" height=\"501\" srcset=\"https:\/\/www.bzdz.pl\/technikum-mundurowe-ciechanow\/wp-content\/uploads\/2026\/04\/686157731-1411733270757943-5484627698293400415-n.jpg 800w, https:\/\/www.bzdz.pl\/technikum-mundurowe-ciechanow\/wp-content\/uploads\/2026\/04\/686157731-1411733270757943-5484627698293400415-n-300x188.jpg 300w, https:\/\/www.bzdz.pl\/technikum-mundurowe-ciechanow\/wp-content\/uploads\/2026\/04\/686157731-1411733270757943-5484627698293400415-n-768x481.jpg 768w\" sizes=\"auto, (max-width: 709px) 85vw, (max-width: 909px) 67vw, (max-width: 984px) 61vw, (max-width: 1362px) 45vw, 600px\" \/><\/div>\n<div dir=\"auto\">\u00a0<\/div>\n<div dir=\"auto\">28 kwietnia, przed rozpocz\u0119ciem oficjalnych uroczysto\u015bci z okazji Dnia Kadeta, dyrektor szko\u0142y Dariusz Mosakowski podpisa\u0142 porozumienie z dyrektorem Izby Administracji Skarbowej, Dariuszem Hysem. To wa\u017cny krok dla kandydat\u00f3w rozwa\u017caj\u0105cych wyb\u00f3r szko\u0142y \u2013 od wrze\u015bnia ruszy nowy kierunek: klasa o profilu administracji skarbowej.<\/div>\n<\/div>\n<div class=\"x14z9mp xat24cr x1lziwak x1vvkbs xtlvy1s x126k92a\">\n<div dir=\"auto\">To niew\u0105tpliwie unikatowa oferta w regionie. Dzi\u0119ki wsp\u00f3\u0142pracy z IAS uczniowie zdob\u0119d\u0105 praktyczne kwalifikacje i przygotowanie do pracy w Krajowej Administracji Skarbowej, kt\u00f3ra stale poszukuje specjalist\u00f3w.<\/div>\n<\/div>\n<div class=\"clr\"><\/div>\n<p><a href=\"https:\/\/www.bzdz.pl\/technikum-mundurowe-ciechanow\/10982-2\/\" class=\"readmore\">Przeczytaj ca\u0142o\u015b\u0107<\/a><\/p>\n","protected":false},"author":3,"featured_media":0,"comment_status":"closed","ping_status":"closed","sticky":false,"template":"","format":"standard","meta":{"footnotes":""},"categories":[1],"tags":[],"class_list":["post-10982","post","type-post","status-publish","format-standard","hentry","category-aktualnosci"],"yoast_head":"<!-- This site is optimized with the Yoast SEO plugin v27.5 - https:\/\/yoast.com\/product\/yoast-seo-wordpress\/ -->\n<title>Podpisanie porozumienia z dyrektorem Izby Administracji Skarbowej - Technikum Mundurowe Ciechan\u00f3w<\/title>\n<meta name=\"robots\" content=\"index, follow, max-snippet:-1, max-image-preview:large, max-video-preview:-1\" \/>\n<link rel=\"canonical\" href=\"https:\/\/www.bzdz.pl\/technikum-mundurowe-ciechanow\/10982-2\/\" \/>\n<meta property=\"og:locale\" content=\"pl_PL\" \/>\n<meta property=\"og:type\" content=\"article\" \/>\n<meta property=\"og:title\" content=\"Podpisanie porozumienia z dyrektorem Izby Administracji Skarbowej - Technikum Mundurowe Ciechan\u00f3w\" \/>\n<meta property=\"og:description\" content=\"\u00a0 28 kwietnia, przed rozpocz\u0119ciem oficjalnych uroczysto\u015bci z okazji Dnia Kadeta, dyrektor szko\u0142y Dariusz Mosakowski podpisa\u0142 porozumienie z dyrektorem Izby Administracji Skarbowej, Dariuszem Hysem. To wa\u017cny krok dla kandydat\u00f3w rozwa\u017caj\u0105cych wyb\u00f3r szko\u0142y \u2013 od wrze\u015bnia ruszy nowy kierunek: klasa o profilu administracji skarbowej.  To niew\u0105tpliwie unikatowa oferta w regionie. Dzi\u0119ki wsp\u00f3\u0142pracy z IAS uczniowie zdob\u0119d\u0105 praktyczne kwalifikacje i przygotowanie do pracy w Krajowej Administracji Skarbowej, kt\u00f3ra stale poszukuje specjalist\u00f3w.Przeczytaj ca\u0142o\u015b\u0107\" \/>\n<meta property=\"og:url\" content=\"https:\/\/www.bzdz.pl\/technikum-mundurowe-ciechanow\/10982-2\/\" \/>\n<meta property=\"og:site_name\" content=\"Technikum Mundurowe Ciechan\u00f3w\" \/>\n<meta property=\"article:published_time\" content=\"2026-04-29T08:13:21+00:00\" \/>\n<meta property=\"article:modified_time\" content=\"2026-04-30T08:17:41+00:00\" \/>\n<meta property=\"og:image\" content=\"https:\/\/www.bzdz.pl\/technikum-mundurowe-ciechanow\/wp-content\/uploads\/2026\/04\/686157731-1411733270757943-5484627698293400415-n.jpg\" \/>\n\t<meta property=\"og:image:width\" content=\"800\" \/>\n\t<meta property=\"og:image:height\" content=\"501\" \/>\n\t<meta property=\"og:image:type\" content=\"image\/jpeg\" \/>\n<meta name=\"author\" content=\"ciechanow\" \/>\n<meta name=\"twitter:card\" content=\"summary_large_image\" \/>\n<meta name=\"twitter:label1\" content=\"Napisane przez\" \/>\n\t<meta name=\"twitter:data1\" content=\"ciechanow\" \/>\n\t<meta name=\"twitter:label2\" content=\"Szacowany czas czytania\" \/>\n\t<meta name=\"twitter:data2\" content=\"1 minuta\" \/>\n<script type=\"application\/ld+json\" class=\"yoast-schema-graph\">{\"@context\":\"https:\\\/\\\/schema.org\",\"@graph\":[{\"@type\":\"Article\",\"@id\":\"https:\\\/\\\/www.bzdz.pl\\\/technikum-mundurowe-ciechanow\\\/10982-2\\\/#article\",\"isPartOf\":{\"@id\":\"https:\\\/\\\/www.bzdz.pl\\\/technikum-mundurowe-ciechanow\\\/10982-2\\\/\"},\"author\":{\"name\":\"ciechanow\",\"@id\":\"https:\\\/\\\/www.bzdz.pl\\\/technikum-mundurowe-ciechanow\\\/#\\\/schema\\\/person\\\/938bfe6649419ff036b7b11a418be048\"},\"headline\":\"Podpisanie porozumienia z dyrektorem Izby Administracji Skarbowej\",\"datePublished\":\"2026-04-29T08:13:21+00:00\",\"dateModified\":\"2026-04-30T08:17:41+00:00\",\"mainEntityOfPage\":{\"@id\":\"https:\\\/\\\/www.bzdz.pl\\\/technikum-mundurowe-ciechanow\\\/10982-2\\\/\"},\"wordCount\":120,\"image\":{\"@id\":\"https:\\\/\\\/www.bzdz.pl\\\/technikum-mundurowe-ciechanow\\\/10982-2\\\/#primaryimage\"},\"thumbnailUrl\":\"https:\\\/\\\/www.bzdz.pl\\\/technikum-mundurowe-ciechanow\\\/wp-content\\\/uploads\\\/2026\\\/04\\\/686157731-1411733270757943-5484627698293400415-n.jpg\",\"articleSection\":[\"Aktualno\u015bci\"],\"inLanguage\":\"pl-PL\"},{\"@type\":\"WebPage\",\"@id\":\"https:\\\/\\\/www.bzdz.pl\\\/technikum-mundurowe-ciechanow\\\/10982-2\\\/\",\"url\":\"https:\\\/\\\/www.bzdz.pl\\\/technikum-mundurowe-ciechanow\\\/10982-2\\\/\",\"name\":\"Podpisanie porozumienia z dyrektorem Izby Administracji Skarbowej - Technikum Mundurowe Ciechan\u00f3w\",\"isPartOf\":{\"@id\":\"https:\\\/\\\/www.bzdz.pl\\\/technikum-mundurowe-ciechanow\\\/#website\"},\"primaryImageOfPage\":{\"@id\":\"https:\\\/\\\/www.bzdz.pl\\\/technikum-mundurowe-ciechanow\\\/10982-2\\\/#primaryimage\"},\"image\":{\"@id\":\"https:\\\/\\\/www.bzdz.pl\\\/technikum-mundurowe-ciechanow\\\/10982-2\\\/#primaryimage\"},\"thumbnailUrl\":\"https:\\\/\\\/www.bzdz.pl\\\/technikum-mundurowe-ciechanow\\\/wp-content\\\/uploads\\\/2026\\\/04\\\/686157731-1411733270757943-5484627698293400415-n.jpg\",\"datePublished\":\"2026-04-29T08:13:21+00:00\",\"dateModified\":\"2026-04-30T08:17:41+00:00\",\"author\":{\"@id\":\"https:\\\/\\\/www.bzdz.pl\\\/technikum-mundurowe-ciechanow\\\/#\\\/schema\\\/person\\\/938bfe6649419ff036b7b11a418be048\"},\"breadcrumb\":{\"@id\":\"https:\\\/\\\/www.bzdz.pl\\\/technikum-mundurowe-ciechanow\\\/10982-2\\\/#breadcrumb\"},\"inLanguage\":\"pl-PL\",\"potentialAction\":[{\"@type\":\"ReadAction\",\"target\":[\"https:\\\/\\\/www.bzdz.pl\\\/technikum-mundurowe-ciechanow\\\/10982-2\\\/\"]}]},{\"@type\":\"ImageObject\",\"inLanguage\":\"pl-PL\",\"@id\":\"https:\\\/\\\/www.bzdz.pl\\\/technikum-mundurowe-ciechanow\\\/10982-2\\\/#primaryimage\",\"url\":\"https:\\\/\\\/www.bzdz.pl\\\/technikum-mundurowe-ciechanow\\\/wp-content\\\/uploads\\\/2026\\\/04\\\/686157731-1411733270757943-5484627698293400415-n.jpg\",\"contentUrl\":\"https:\\\/\\\/www.bzdz.pl\\\/technikum-mundurowe-ciechanow\\\/wp-content\\\/uploads\\\/2026\\\/04\\\/686157731-1411733270757943-5484627698293400415-n.jpg\",\"width\":800,\"height\":501},{\"@type\":\"BreadcrumbList\",\"@id\":\"https:\\\/\\\/www.bzdz.pl\\\/technikum-mundurowe-ciechanow\\\/10982-2\\\/#breadcrumb\",\"itemListElement\":[{\"@type\":\"ListItem\",\"position\":1,\"name\":\"Strona g\u0142\u00f3wna\",\"item\":\"https:\\\/\\\/www.bzdz.pl\\\/technikum-mundurowe-ciechanow\\\/\"},{\"@type\":\"ListItem\",\"position\":2,\"name\":\"Podpisanie porozumienia z dyrektorem Izby Administracji Skarbowej\"}]},{\"@type\":\"WebSite\",\"@id\":\"https:\\\/\\\/www.bzdz.pl\\\/technikum-mundurowe-ciechanow\\\/#website\",\"url\":\"https:\\\/\\\/www.bzdz.pl\\\/technikum-mundurowe-ciechanow\\\/\",\"name\":\"Technikum Mundurowe Ciechan\u00f3w\",\"description\":\"\",\"potentialAction\":[{\"@type\":\"SearchAction\",\"target\":{\"@type\":\"EntryPoint\",\"urlTemplate\":\"https:\\\/\\\/www.bzdz.pl\\\/technikum-mundurowe-ciechanow\\\/?s={search_term_string}\"},\"query-input\":{\"@type\":\"PropertyValueSpecification\",\"valueRequired\":true,\"valueName\":\"search_term_string\"}}],\"inLanguage\":\"pl-PL\"},{\"@type\":\"Person\",\"@id\":\"https:\\\/\\\/www.bzdz.pl\\\/technikum-mundurowe-ciechanow\\\/#\\\/schema\\\/person\\\/938bfe6649419ff036b7b11a418be048\",\"name\":\"ciechanow\",\"image\":{\"@type\":\"ImageObject\",\"inLanguage\":\"pl-PL\",\"@id\":\"https:\\\/\\\/secure.gravatar.com\\\/avatar\\\/760fb3e4f8b9f847fe52e7ab28975077386cff586a274efd36b6fb2c52b01f73?s=96&d=mm&r=g\",\"url\":\"https:\\\/\\\/secure.gravatar.com\\\/avatar\\\/760fb3e4f8b9f847fe52e7ab28975077386cff586a274efd36b6fb2c52b01f73?s=96&d=mm&r=g\",\"contentUrl\":\"https:\\\/\\\/secure.gravatar.com\\\/avatar\\\/760fb3e4f8b9f847fe52e7ab28975077386cff586a274efd36b6fb2c52b01f73?s=96&d=mm&r=g\",\"caption\":\"ciechanow\"}}]}<\/script>\n<!-- \/ Yoast SEO plugin. -->","yoast_head_json":{"title":"Podpisanie porozumienia z dyrektorem Izby Administracji Skarbowej - Technikum Mundurowe Ciechan\u00f3w","robots":{"index":"index","follow":"follow","max-snippet":"max-snippet:-1","max-image-preview":"max-image-preview:large","max-video-preview":"max-video-preview:-1"},"canonical":"https:\/\/www.bzdz.pl\/technikum-mundurowe-ciechanow\/10982-2\/","og_locale":"pl_PL","og_type":"article","og_title":"Podpisanie porozumienia z dyrektorem Izby Administracji Skarbowej - Technikum Mundurowe Ciechan\u00f3w","og_description":"\u00a0 28 kwietnia, przed rozpocz\u0119ciem oficjalnych uroczysto\u015bci z okazji Dnia Kadeta, dyrektor szko\u0142y Dariusz Mosakowski podpisa\u0142 porozumienie z dyrektorem Izby Administracji Skarbowej, Dariuszem Hysem. To wa\u017cny krok dla kandydat\u00f3w rozwa\u017caj\u0105cych wyb\u00f3r szko\u0142y \u2013 od wrze\u015bnia ruszy nowy kierunek: klasa o profilu administracji skarbowej.  To niew\u0105tpliwie unikatowa oferta w regionie. Dzi\u0119ki wsp\u00f3\u0142pracy z IAS uczniowie zdob\u0119d\u0105 praktyczne kwalifikacje i przygotowanie do pracy w Krajowej Administracji Skarbowej, kt\u00f3ra stale poszukuje specjalist\u00f3w.Przeczytaj ca\u0142o\u015b\u0107","og_url":"https:\/\/www.bzdz.pl\/technikum-mundurowe-ciechanow\/10982-2\/","og_site_name":"Technikum Mundurowe Ciechan\u00f3w","article_published_time":"2026-04-29T08:13:21+00:00","article_modified_time":"2026-04-30T08:17:41+00:00","og_image":[{"width":800,"height":501,"url":"https:\/\/www.bzdz.pl\/technikum-mundurowe-ciechanow\/wp-content\/uploads\/2026\/04\/686157731-1411733270757943-5484627698293400415-n.jpg","type":"image\/jpeg"}],"author":"ciechanow","twitter_card":"summary_large_image","twitter_misc":{"Napisane przez":"ciechanow","Szacowany czas czytania":"1 minuta"},"schema":{"@context":"https:\/\/schema.org","@graph":[{"@type":"Article","@id":"https:\/\/www.bzdz.pl\/technikum-mundurowe-ciechanow\/10982-2\/#article","isPartOf":{"@id":"https:\/\/www.bzdz.pl\/technikum-mundurowe-ciechanow\/10982-2\/"},"author":{"name":"ciechanow","@id":"https:\/\/www.bzdz.pl\/technikum-mundurowe-ciechanow\/#\/schema\/person\/938bfe6649419ff036b7b11a418be048"},"headline":"Podpisanie porozumienia z dyrektorem Izby Administracji Skarbowej","datePublished":"2026-04-29T08:13:21+00:00","dateModified":"2026-04-30T08:17:41+00:00","mainEntityOfPage":{"@id":"https:\/\/www.bzdz.pl\/technikum-mundurowe-ciechanow\/10982-2\/"},"wordCount":120,"image":{"@id":"https:\/\/www.bzdz.pl\/technikum-mundurowe-ciechanow\/10982-2\/#primaryimage"},"thumbnailUrl":"https:\/\/www.bzdz.pl\/technikum-mundurowe-ciechanow\/wp-content\/uploads\/2026\/04\/686157731-1411733270757943-5484627698293400415-n.jpg","articleSection":["Aktualno\u015bci"],"inLanguage":"pl-PL"},{"@type":"WebPage","@id":"https:\/\/www.bzdz.pl\/technikum-mundurowe-ciechanow\/10982-2\/","url":"https:\/\/www.bzdz.pl\/technikum-mundurowe-ciechanow\/10982-2\/","name":"Podpisanie porozumienia z dyrektorem Izby Administracji Skarbowej - Technikum Mundurowe Ciechan\u00f3w","isPartOf":{"@id":"https:\/\/www.bzdz.pl\/technikum-mundurowe-ciechanow\/#website"},"primaryImageOfPage":{"@id":"https:\/\/www.bzdz.pl\/technikum-mundurowe-ciechanow\/10982-2\/#primaryimage"},"image":{"@id":"https:\/\/www.bzdz.pl\/technikum-mundurowe-ciechanow\/10982-2\/#primaryimage"},"thumbnailUrl":"https:\/\/www.bzdz.pl\/technikum-mundurowe-ciechanow\/wp-content\/uploads\/2026\/04\/686157731-1411733270757943-5484627698293400415-n.jpg","datePublished":"2026-04-29T08:13:21+00:00","dateModified":"2026-04-30T08:17:41+00:00","author":{"@id":"https:\/\/www.bzdz.pl\/technikum-mundurowe-ciechanow\/#\/schema\/person\/938bfe6649419ff036b7b11a418be048"},"breadcrumb":{"@id":"https:\/\/www.bzdz.pl\/technikum-mundurowe-ciechanow\/10982-2\/#breadcrumb"},"inLanguage":"pl-PL","potentialAction":[{"@type":"ReadAction","target":["https:\/\/www.bzdz.pl\/technikum-mundurowe-ciechanow\/10982-2\/"]}]},{"@type":"ImageObject","inLanguage":"pl-PL","@id":"https:\/\/www.bzdz.pl\/technikum-mundurowe-ciechanow\/10982-2\/#primaryimage","url":"https:\/\/www.bzdz.pl\/technikum-mundurowe-ciechanow\/wp-content\/uploads\/2026\/04\/686157731-1411733270757943-5484627698293400415-n.jpg","contentUrl":"https:\/\/www.bzdz.pl\/technikum-mundurowe-ciechanow\/wp-content\/uploads\/2026\/04\/686157731-1411733270757943-5484627698293400415-n.jpg","width":800,"height":501},{"@type":"BreadcrumbList","@id":"https:\/\/www.bzdz.pl\/technikum-mundurowe-ciechanow\/10982-2\/#breadcrumb","itemListElement":[{"@type":"ListItem","position":1,"name":"Strona g\u0142\u00f3wna","item":"https:\/\/www.bzdz.pl\/technikum-mundurowe-ciechanow\/"},{"@type":"ListItem","position":2,"name":"Podpisanie porozumienia z dyrektorem Izby Administracji Skarbowej"}]},{"@type":"WebSite","@id":"https:\/\/www.bzdz.pl\/technikum-mundurowe-ciechanow\/#website","url":"https:\/\/www.bzdz.pl\/technikum-mundurowe-ciechanow\/","name":"Technikum Mundurowe Ciechan\u00f3w","description":"","potentialAction":[{"@type":"SearchAction","target":{"@type":"EntryPoint","urlTemplate":"https:\/\/www.bzdz.pl\/technikum-mundurowe-ciechanow\/?s={search_term_string}"},"query-input":{"@type":"PropertyValueSpecification","valueRequired":true,"valueName":"search_term_string"}}],"inLanguage":"pl-PL"},{"@type":"Person","@id":"https:\/\/www.bzdz.pl\/technikum-mundurowe-ciechanow\/#\/schema\/person\/938bfe6649419ff036b7b11a418be048","name":"ciechanow","image":{"@type":"ImageObject","inLanguage":"pl-PL","@id":"https:\/\/secure.gravatar.com\/avatar\/760fb3e4f8b9f847fe52e7ab28975077386cff586a274efd36b6fb2c52b01f73?s=96&d=mm&r=g","url":"https:\/\/secure.gravatar.com\/avatar\/760fb3e4f8b9f847fe52e7ab28975077386cff586a274efd36b6fb2c52b01f73?s=96&d=mm&r=g","contentUrl":"https:\/\/secure.gravatar.com\/avatar\/760fb3e4f8b9f847fe52e7ab28975077386cff586a274efd36b6fb2c52b01f73?s=96&d=mm&r=g","caption":"ciechanow"}}]}},"_links":{"self":[{"href":"https:\/\/www.bzdz.pl\/technikum-mundurowe-ciechanow\/wp-json\/wp\/v2\/posts\/10982","targetHints":{"allow":["GET"]}}],"collection":[{"href":"https:\/\/www.bzdz.pl\/technikum-mundurowe-ciechanow\/wp-json\/wp\/v2\/posts"}],"about":[{"href":"https:\/\/www.bzdz.pl\/technikum-mundurowe-ciechanow\/wp-json\/wp\/v2\/types\/post"}],"author":[{"embeddable":true,"href":"https:\/\/www.bzdz.pl\/technikum-mundurowe-ciechanow\/wp-json\/wp\/v2\/users\/3"}],"replies":[{"embeddable":true,"href":"https:\/\/www.bzdz.pl\/technikum-mundurowe-ciechanow\/wp-json\/wp\/v2\/comments?post=10982"}],"version-history":[{"count":2,"href":"https:\/\/www.bzdz.pl\/technikum-mundurowe-ciechanow\/wp-json\/wp\/v2\/posts\/10982\/revisions"}],"predecessor-version":[{"id":10985,"href":"https:\/\/www.bzdz.pl\/technikum-mundurowe-ciechanow\/wp-json\/wp\/v2\/posts\/10982\/revisions\/10985"}],"wp:attachment":[{"href":"https:\/\/www.bzdz.pl\/technikum-mundurowe-ciechanow\/wp-json\/wp\/v2\/media?parent=10982"}],"wp:term":[{"taxonomy":"category","embeddable":true,"href":"https:\/\/www.bzdz.pl\/technikum-mundurowe-ciechanow\/wp-json\/wp\/v2\/categories?post=10982"},{"taxonomy":"post_tag","embeddable":true,"href":"https:\/\/www.bzdz.pl\/technikum-mundurowe-ciechanow\/wp-json\/wp\/v2\/tags?post=10982"}],"curies":[{"name":"wp","href":"https:\/\/api.w.org\/{rel}","templated":true}]}}