{"id":10948,"date":"2026-04-26T18:47:05","date_gmt":"2026-04-26T16:47:05","guid":{"rendered":"https:\/\/www.bzdz.pl\/technikum-mundurowe-ciechanow\/?p=10948"},"modified":"2026-04-27T18:49:03","modified_gmt":"2026-04-27T16:49:03","slug":"targi-pracy-i-edukacji-w-mlawie","status":"publish","type":"post","link":"https:\/\/www.bzdz.pl\/technikum-mundurowe-ciechanow\/targi-pracy-i-edukacji-w-mlawie\/","title":{"rendered":"Targi Pracy i Edukacji w M\u0142awie"},"content":{"rendered":"<p><img loading=\"lazy\" decoding=\"async\" class=\"alignnone size-large wp-image-10941\" src=\"https:\/\/www.bzdz.pl\/technikum-mundurowe-ciechanow\/wp-content\/uploads\/2026\/04\/683215440-1409256734338930-7428835550147325810-n-1024x771.jpg\" alt=\"\" width=\"840\" height=\"632\" srcset=\"https:\/\/www.bzdz.pl\/technikum-mundurowe-ciechanow\/wp-content\/uploads\/2026\/04\/683215440-1409256734338930-7428835550147325810-n-1024x771.jpg 1024w, https:\/\/www.bzdz.pl\/technikum-mundurowe-ciechanow\/wp-content\/uploads\/2026\/04\/683215440-1409256734338930-7428835550147325810-n-300x226.jpg 300w, https:\/\/www.bzdz.pl\/technikum-mundurowe-ciechanow\/wp-content\/uploads\/2026\/04\/683215440-1409256734338930-7428835550147325810-n-768x578.jpg 768w, https:\/\/www.bzdz.pl\/technikum-mundurowe-ciechanow\/wp-content\/uploads\/2026\/04\/683215440-1409256734338930-7428835550147325810-n-1200x903.jpg 1200w, https:\/\/www.bzdz.pl\/technikum-mundurowe-ciechanow\/wp-content\/uploads\/2026\/04\/683215440-1409256734338930-7428835550147325810-n.jpg 1262w\" sizes=\"auto, (max-width: 709px) 85vw, (max-width: 909px) 67vw, (max-width: 1362px) 62vw, 840px\" \/><\/p>\n<p>Podczas Targ\u00f3w Pracy i Edukacji w M\u0142awie uczniowie naszej szko\u0142y zaprezentowali ofert\u0119 edukacyjn\u0105 ST BZDZ i LO BZDZ, rozmawiali z m\u0142odzie\u017c\u0105 zainteresowan\u0105 rozpocz\u0119ciem nauki w naszej plac\u00f3wce. Nasze stoisko cieszy\u0142o si\u0119 du\u017cym zainteresowaniem w\u015br\u00f3d uczestnik\u00f3w targ\u00f3w. Liczmy, \u017ce z cz\u0119\u015bci\u0105 z nich spotkamy si\u0119 ju\u017c wkr\u00f3tce.<\/p>\n<div id='gallery-1' class='gallery galleryid-10948 gallery-columns-3 gallery-size-thumbnail'><figure class='gallery-item'>\n\t\t\t<div class='gallery-icon landscape'>\n\t\t\t\t<a href='https:\/\/www.bzdz.pl\/technikum-mundurowe-ciechanow\/wp-content\/uploads\/2026\/04\/680289567-1409256294338974-3004120775784831108-n.jpg' title=\"\" data-rl_title=\"\" class=\"rl-gallery-link\" data-rl_caption=\"\" data-rel=\"lightbox-gallery-1\"><img loading=\"lazy\" decoding=\"async\" width=\"150\" height=\"150\" src=\"https:\/\/www.bzdz.pl\/technikum-mundurowe-ciechanow\/wp-content\/uploads\/2026\/04\/680289567-1409256294338974-3004120775784831108-n-150x150.jpg\" class=\"attachment-thumbnail size-thumbnail\" alt=\"\" \/><\/a>\n\t\t\t<\/div><\/figure><figure class='gallery-item'>\n\t\t\t<div class='gallery-icon landscape'>\n\t\t\t\t<a href='https:\/\/www.bzdz.pl\/technikum-mundurowe-ciechanow\/wp-content\/uploads\/2026\/04\/679088406-1409256341005636-4884445184061188142-n.jpg' title=\"\" data-rl_title=\"\" class=\"rl-gallery-link\" data-rl_caption=\"\" data-rel=\"lightbox-gallery-1\"><img loading=\"lazy\" decoding=\"async\" width=\"150\" height=\"150\" src=\"https:\/\/www.bzdz.pl\/technikum-mundurowe-ciechanow\/wp-content\/uploads\/2026\/04\/679088406-1409256341005636-4884445184061188142-n-150x150.jpg\" class=\"attachment-thumbnail size-thumbnail\" alt=\"\" \/><\/a>\n\t\t\t<\/div><\/figure><figure class='gallery-item'>\n\t\t\t<div class='gallery-icon landscape'>\n\t\t\t\t<a href='https:\/\/www.bzdz.pl\/technikum-mundurowe-ciechanow\/wp-content\/uploads\/2026\/04\/683425366-1409256457672291-5647127553145664830-n.jpg' title=\"\" data-rl_title=\"\" class=\"rl-gallery-link\" data-rl_caption=\"\" data-rel=\"lightbox-gallery-1\"><img loading=\"lazy\" decoding=\"async\" width=\"150\" height=\"150\" src=\"https:\/\/www.bzdz.pl\/technikum-mundurowe-ciechanow\/wp-content\/uploads\/2026\/04\/683425366-1409256457672291-5647127553145664830-n-150x150.jpg\" class=\"attachment-thumbnail size-thumbnail\" alt=\"\" \/><\/a>\n\t\t\t<\/div><\/figure><figure class='gallery-item'>\n\t\t\t<div class='gallery-icon landscape'>\n\t\t\t\t<a href='https:\/\/www.bzdz.pl\/technikum-mundurowe-ciechanow\/wp-content\/uploads\/2026\/04\/683054135-1409256521005618-6451308829760404617-n.jpg' title=\"\" data-rl_title=\"\" class=\"rl-gallery-link\" data-rl_caption=\"\" data-rel=\"lightbox-gallery-1\"><img loading=\"lazy\" decoding=\"async\" width=\"150\" height=\"150\" src=\"https:\/\/www.bzdz.pl\/technikum-mundurowe-ciechanow\/wp-content\/uploads\/2026\/04\/683054135-1409256521005618-6451308829760404617-n-150x150.jpg\" class=\"attachment-thumbnail size-thumbnail\" alt=\"\" \/><\/a>\n\t\t\t<\/div><\/figure><figure class='gallery-item'>\n\t\t\t<div class='gallery-icon landscape'>\n\t\t\t\t<a href='https:\/\/www.bzdz.pl\/technikum-mundurowe-ciechanow\/wp-content\/uploads\/2026\/04\/681271100-1409256597672277-5652072400031073887-n.jpg' title=\"\" data-rl_title=\"\" class=\"rl-gallery-link\" data-rl_caption=\"\" data-rel=\"lightbox-gallery-1\"><img loading=\"lazy\" decoding=\"async\" width=\"150\" height=\"150\" src=\"https:\/\/www.bzdz.pl\/technikum-mundurowe-ciechanow\/wp-content\/uploads\/2026\/04\/681271100-1409256597672277-5652072400031073887-n-150x150.jpg\" class=\"attachment-thumbnail size-thumbnail\" alt=\"\" \/><\/a>\n\t\t\t<\/div><\/figure><figure class='gallery-item'>\n\t\t\t<div class='gallery-icon landscape'>\n\t\t\t\t<a href='https:\/\/www.bzdz.pl\/technikum-mundurowe-ciechanow\/wp-content\/uploads\/2026\/04\/680258612-1409256671005603-8577126580148756767-n.jpg' title=\"\" data-rl_title=\"\" class=\"rl-gallery-link\" data-rl_caption=\"\" data-rel=\"lightbox-gallery-1\"><img loading=\"lazy\" decoding=\"async\" width=\"150\" height=\"150\" src=\"https:\/\/www.bzdz.pl\/technikum-mundurowe-ciechanow\/wp-content\/uploads\/2026\/04\/680258612-1409256671005603-8577126580148756767-n-150x150.jpg\" class=\"attachment-thumbnail size-thumbnail\" alt=\"\" \/><\/a>\n\t\t\t<\/div><\/figure>\n\t\t<\/div>\n\n","protected":false},"excerpt":{"rendered":"<p><img loading=\"lazy\" decoding=\"async\" class=\"alignnone size-large wp-image-10941\" src=\"https:\/\/www.bzdz.pl\/technikum-mundurowe-ciechanow\/wp-content\/uploads\/2026\/04\/683215440-1409256734338930-7428835550147325810-n-1024x771.jpg\" alt=\"\" width=\"840\" height=\"632\" srcset=\"https:\/\/www.bzdz.pl\/technikum-mundurowe-ciechanow\/wp-content\/uploads\/2026\/04\/683215440-1409256734338930-7428835550147325810-n-1024x771.jpg 1024w, https:\/\/www.bzdz.pl\/technikum-mundurowe-ciechanow\/wp-content\/uploads\/2026\/04\/683215440-1409256734338930-7428835550147325810-n-300x226.jpg 300w, https:\/\/www.bzdz.pl\/technikum-mundurowe-ciechanow\/wp-content\/uploads\/2026\/04\/683215440-1409256734338930-7428835550147325810-n-768x578.jpg 768w, https:\/\/www.bzdz.pl\/technikum-mundurowe-ciechanow\/wp-content\/uploads\/2026\/04\/683215440-1409256734338930-7428835550147325810-n-1200x903.jpg 1200w, https:\/\/www.bzdz.pl\/technikum-mundurowe-ciechanow\/wp-content\/uploads\/2026\/04\/683215440-1409256734338930-7428835550147325810-n.jpg 1262w\" sizes=\"auto, (max-width: 709px) 85vw, (max-width: 909px) 67vw, (max-width: 1362px) 62vw, 840px\" \/><\/p>\n<p>Podczas Targ\u00f3w Pracy i Edukacji w M\u0142awie uczniowie naszej szko\u0142y zaprezentowali ofert\u0119 edukacyjn\u0105 ST BZDZ i LO BZDZ, rozmawiali z m\u0142odzie\u017c\u0105 zainteresowan\u0105 rozpocz\u0119ciem nauki w naszej plac\u00f3wce. Nasze stoisko cieszy\u0142o si\u0119 du\u017cym zainteresowaniem w\u015br\u00f3d uczestnik\u00f3w targ\u00f3w. Liczmy, \u017ce z cz\u0119\u015bci\u0105 z nich spotkamy si\u0119 ju\u017c wkr\u00f3tce.<\/p>\n<div class=\"clr\"><\/div>\n<p><a href=\"https:\/\/www.bzdz.pl\/technikum-mundurowe-ciechanow\/targi-pracy-i-edukacji-w-mlawie\/\" class=\"readmore\">Przeczytaj ca\u0142o\u015b\u0107<\/a><\/p>\n","protected":false},"author":3,"featured_media":0,"comment_status":"closed","ping_status":"closed","sticky":false,"template":"","format":"standard","meta":{"footnotes":""},"categories":[1],"tags":[],"class_list":["post-10948","post","type-post","status-publish","format-standard","hentry","category-aktualnosci"],"yoast_head":"<!-- This site is optimized with the Yoast SEO plugin v27.5 - https:\/\/yoast.com\/product\/yoast-seo-wordpress\/ -->\n<title>Targi Pracy i Edukacji w M\u0142awie - Technikum Mundurowe Ciechan\u00f3w<\/title>\n<meta name=\"robots\" content=\"index, follow, max-snippet:-1, max-image-preview:large, max-video-preview:-1\" \/>\n<link rel=\"canonical\" href=\"https:\/\/www.bzdz.pl\/technikum-mundurowe-ciechanow\/targi-pracy-i-edukacji-w-mlawie\/\" \/>\n<meta property=\"og:locale\" content=\"pl_PL\" \/>\n<meta property=\"og:type\" content=\"article\" \/>\n<meta property=\"og:title\" content=\"Targi Pracy i Edukacji w M\u0142awie - Technikum Mundurowe Ciechan\u00f3w\" \/>\n<meta property=\"og:description\" content=\"Podczas Targ\u00f3w Pracy i Edukacji w M\u0142awie uczniowie naszej szko\u0142y zaprezentowali ofert\u0119 edukacyjn\u0105 ST BZDZ i LO BZDZ, rozmawiali z m\u0142odzie\u017c\u0105 zainteresowan\u0105 rozpocz\u0119ciem nauki w naszej plac\u00f3wce. Nasze stoisko cieszy\u0142o si\u0119 du\u017cym zainteresowaniem w\u015br\u00f3d uczestnik\u00f3w targ\u00f3w. Liczmy, \u017ce z cz\u0119\u015bci\u0105 z nich spotkamy si\u0119 ju\u017c wkr\u00f3tce.Przeczytaj ca\u0142o\u015b\u0107\" \/>\n<meta property=\"og:url\" content=\"https:\/\/www.bzdz.pl\/technikum-mundurowe-ciechanow\/targi-pracy-i-edukacji-w-mlawie\/\" \/>\n<meta property=\"og:site_name\" content=\"Technikum Mundurowe Ciechan\u00f3w\" \/>\n<meta property=\"article:published_time\" content=\"2026-04-26T16:47:05+00:00\" \/>\n<meta property=\"article:modified_time\" content=\"2026-04-27T16:49:03+00:00\" \/>\n<meta property=\"og:image\" content=\"https:\/\/www.bzdz.pl\/technikum-mundurowe-ciechanow\/wp-content\/uploads\/2026\/04\/680289567-1409256294338974-3004120775784831108-n-150x150.jpg\" \/>\n<meta name=\"author\" content=\"ciechanow\" \/>\n<meta name=\"twitter:card\" content=\"summary_large_image\" \/>\n<meta name=\"twitter:label1\" content=\"Napisane przez\" \/>\n\t<meta name=\"twitter:data1\" content=\"ciechanow\" \/>\n\t<meta name=\"twitter:label2\" content=\"Szacowany czas czytania\" \/>\n\t<meta name=\"twitter:data2\" content=\"1 minuta\" \/>\n<script type=\"application\/ld+json\" class=\"yoast-schema-graph\">{\"@context\":\"https:\\\/\\\/schema.org\",\"@graph\":[{\"@type\":\"Article\",\"@id\":\"https:\\\/\\\/www.bzdz.pl\\\/technikum-mundurowe-ciechanow\\\/targi-pracy-i-edukacji-w-mlawie\\\/#article\",\"isPartOf\":{\"@id\":\"https:\\\/\\\/www.bzdz.pl\\\/technikum-mundurowe-ciechanow\\\/targi-pracy-i-edukacji-w-mlawie\\\/\"},\"author\":{\"name\":\"ciechanow\",\"@id\":\"https:\\\/\\\/www.bzdz.pl\\\/technikum-mundurowe-ciechanow\\\/#\\\/schema\\\/person\\\/938bfe6649419ff036b7b11a418be048\"},\"headline\":\"Targi Pracy i Edukacji w M\u0142awie\",\"datePublished\":\"2026-04-26T16:47:05+00:00\",\"dateModified\":\"2026-04-27T16:49:03+00:00\",\"mainEntityOfPage\":{\"@id\":\"https:\\\/\\\/www.bzdz.pl\\\/technikum-mundurowe-ciechanow\\\/targi-pracy-i-edukacji-w-mlawie\\\/\"},\"wordCount\":69,\"image\":{\"@id\":\"https:\\\/\\\/www.bzdz.pl\\\/technikum-mundurowe-ciechanow\\\/targi-pracy-i-edukacji-w-mlawie\\\/#primaryimage\"},\"thumbnailUrl\":\"https:\\\/\\\/www.bzdz.pl\\\/technikum-mundurowe-ciechanow\\\/wp-content\\\/uploads\\\/2026\\\/04\\\/683215440-1409256734338930-7428835550147325810-n-1024x771.jpg\",\"articleSection\":[\"Aktualno\u015bci\"],\"inLanguage\":\"pl-PL\"},{\"@type\":\"WebPage\",\"@id\":\"https:\\\/\\\/www.bzdz.pl\\\/technikum-mundurowe-ciechanow\\\/targi-pracy-i-edukacji-w-mlawie\\\/\",\"url\":\"https:\\\/\\\/www.bzdz.pl\\\/technikum-mundurowe-ciechanow\\\/targi-pracy-i-edukacji-w-mlawie\\\/\",\"name\":\"Targi Pracy i Edukacji w M\u0142awie - Technikum Mundurowe Ciechan\u00f3w\",\"isPartOf\":{\"@id\":\"https:\\\/\\\/www.bzdz.pl\\\/technikum-mundurowe-ciechanow\\\/#website\"},\"primaryImageOfPage\":{\"@id\":\"https:\\\/\\\/www.bzdz.pl\\\/technikum-mundurowe-ciechanow\\\/targi-pracy-i-edukacji-w-mlawie\\\/#primaryimage\"},\"image\":{\"@id\":\"https:\\\/\\\/www.bzdz.pl\\\/technikum-mundurowe-ciechanow\\\/targi-pracy-i-edukacji-w-mlawie\\\/#primaryimage\"},\"thumbnailUrl\":\"https:\\\/\\\/www.bzdz.pl\\\/technikum-mundurowe-ciechanow\\\/wp-content\\\/uploads\\\/2026\\\/04\\\/683215440-1409256734338930-7428835550147325810-n-1024x771.jpg\",\"datePublished\":\"2026-04-26T16:47:05+00:00\",\"dateModified\":\"2026-04-27T16:49:03+00:00\",\"author\":{\"@id\":\"https:\\\/\\\/www.bzdz.pl\\\/technikum-mundurowe-ciechanow\\\/#\\\/schema\\\/person\\\/938bfe6649419ff036b7b11a418be048\"},\"breadcrumb\":{\"@id\":\"https:\\\/\\\/www.bzdz.pl\\\/technikum-mundurowe-ciechanow\\\/targi-pracy-i-edukacji-w-mlawie\\\/#breadcrumb\"},\"inLanguage\":\"pl-PL\",\"potentialAction\":[{\"@type\":\"ReadAction\",\"target\":[\"https:\\\/\\\/www.bzdz.pl\\\/technikum-mundurowe-ciechanow\\\/targi-pracy-i-edukacji-w-mlawie\\\/\"]}]},{\"@type\":\"ImageObject\",\"inLanguage\":\"pl-PL\",\"@id\":\"https:\\\/\\\/www.bzdz.pl\\\/technikum-mundurowe-ciechanow\\\/targi-pracy-i-edukacji-w-mlawie\\\/#primaryimage\",\"url\":\"https:\\\/\\\/www.bzdz.pl\\\/technikum-mundurowe-ciechanow\\\/wp-content\\\/uploads\\\/2026\\\/04\\\/683215440-1409256734338930-7428835550147325810-n.jpg\",\"contentUrl\":\"https:\\\/\\\/www.bzdz.pl\\\/technikum-mundurowe-ciechanow\\\/wp-content\\\/uploads\\\/2026\\\/04\\\/683215440-1409256734338930-7428835550147325810-n.jpg\",\"width\":1262,\"height\":950},{\"@type\":\"BreadcrumbList\",\"@id\":\"https:\\\/\\\/www.bzdz.pl\\\/technikum-mundurowe-ciechanow\\\/targi-pracy-i-edukacji-w-mlawie\\\/#breadcrumb\",\"itemListElement\":[{\"@type\":\"ListItem\",\"position\":1,\"name\":\"Strona g\u0142\u00f3wna\",\"item\":\"https:\\\/\\\/www.bzdz.pl\\\/technikum-mundurowe-ciechanow\\\/\"},{\"@type\":\"ListItem\",\"position\":2,\"name\":\"Targi Pracy i Edukacji w M\u0142awie\"}]},{\"@type\":\"WebSite\",\"@id\":\"https:\\\/\\\/www.bzdz.pl\\\/technikum-mundurowe-ciechanow\\\/#website\",\"url\":\"https:\\\/\\\/www.bzdz.pl\\\/technikum-mundurowe-ciechanow\\\/\",\"name\":\"Technikum Mundurowe Ciechan\u00f3w\",\"description\":\"\",\"potentialAction\":[{\"@type\":\"SearchAction\",\"target\":{\"@type\":\"EntryPoint\",\"urlTemplate\":\"https:\\\/\\\/www.bzdz.pl\\\/technikum-mundurowe-ciechanow\\\/?s={search_term_string}\"},\"query-input\":{\"@type\":\"PropertyValueSpecification\",\"valueRequired\":true,\"valueName\":\"search_term_string\"}}],\"inLanguage\":\"pl-PL\"},{\"@type\":\"Person\",\"@id\":\"https:\\\/\\\/www.bzdz.pl\\\/technikum-mundurowe-ciechanow\\\/#\\\/schema\\\/person\\\/938bfe6649419ff036b7b11a418be048\",\"name\":\"ciechanow\",\"image\":{\"@type\":\"ImageObject\",\"inLanguage\":\"pl-PL\",\"@id\":\"https:\\\/\\\/secure.gravatar.com\\\/avatar\\\/760fb3e4f8b9f847fe52e7ab28975077386cff586a274efd36b6fb2c52b01f73?s=96&d=mm&r=g\",\"url\":\"https:\\\/\\\/secure.gravatar.com\\\/avatar\\\/760fb3e4f8b9f847fe52e7ab28975077386cff586a274efd36b6fb2c52b01f73?s=96&d=mm&r=g\",\"contentUrl\":\"https:\\\/\\\/secure.gravatar.com\\\/avatar\\\/760fb3e4f8b9f847fe52e7ab28975077386cff586a274efd36b6fb2c52b01f73?s=96&d=mm&r=g\",\"caption\":\"ciechanow\"}}]}<\/script>\n<!-- \/ Yoast SEO plugin. -->","yoast_head_json":{"title":"Targi Pracy i Edukacji w M\u0142awie - Technikum Mundurowe Ciechan\u00f3w","robots":{"index":"index","follow":"follow","max-snippet":"max-snippet:-1","max-image-preview":"max-image-preview:large","max-video-preview":"max-video-preview:-1"},"canonical":"https:\/\/www.bzdz.pl\/technikum-mundurowe-ciechanow\/targi-pracy-i-edukacji-w-mlawie\/","og_locale":"pl_PL","og_type":"article","og_title":"Targi Pracy i Edukacji w M\u0142awie - Technikum Mundurowe Ciechan\u00f3w","og_description":"Podczas Targ\u00f3w Pracy i Edukacji w M\u0142awie uczniowie naszej szko\u0142y zaprezentowali ofert\u0119 edukacyjn\u0105 ST BZDZ i LO BZDZ, rozmawiali z m\u0142odzie\u017c\u0105 zainteresowan\u0105 rozpocz\u0119ciem nauki w naszej plac\u00f3wce. Nasze stoisko cieszy\u0142o si\u0119 du\u017cym zainteresowaniem w\u015br\u00f3d uczestnik\u00f3w targ\u00f3w. Liczmy, \u017ce z cz\u0119\u015bci\u0105 z nich spotkamy si\u0119 ju\u017c wkr\u00f3tce.Przeczytaj ca\u0142o\u015b\u0107","og_url":"https:\/\/www.bzdz.pl\/technikum-mundurowe-ciechanow\/targi-pracy-i-edukacji-w-mlawie\/","og_site_name":"Technikum Mundurowe Ciechan\u00f3w","article_published_time":"2026-04-26T16:47:05+00:00","article_modified_time":"2026-04-27T16:49:03+00:00","og_image":[{"url":"https:\/\/www.bzdz.pl\/technikum-mundurowe-ciechanow\/wp-content\/uploads\/2026\/04\/680289567-1409256294338974-3004120775784831108-n-150x150.jpg","type":"","width":"","height":""}],"author":"ciechanow","twitter_card":"summary_large_image","twitter_misc":{"Napisane przez":"ciechanow","Szacowany czas czytania":"1 minuta"},"schema":{"@context":"https:\/\/schema.org","@graph":[{"@type":"Article","@id":"https:\/\/www.bzdz.pl\/technikum-mundurowe-ciechanow\/targi-pracy-i-edukacji-w-mlawie\/#article","isPartOf":{"@id":"https:\/\/www.bzdz.pl\/technikum-mundurowe-ciechanow\/targi-pracy-i-edukacji-w-mlawie\/"},"author":{"name":"ciechanow","@id":"https:\/\/www.bzdz.pl\/technikum-mundurowe-ciechanow\/#\/schema\/person\/938bfe6649419ff036b7b11a418be048"},"headline":"Targi Pracy i Edukacji w M\u0142awie","datePublished":"2026-04-26T16:47:05+00:00","dateModified":"2026-04-27T16:49:03+00:00","mainEntityOfPage":{"@id":"https:\/\/www.bzdz.pl\/technikum-mundurowe-ciechanow\/targi-pracy-i-edukacji-w-mlawie\/"},"wordCount":69,"image":{"@id":"https:\/\/www.bzdz.pl\/technikum-mundurowe-ciechanow\/targi-pracy-i-edukacji-w-mlawie\/#primaryimage"},"thumbnailUrl":"https:\/\/www.bzdz.pl\/technikum-mundurowe-ciechanow\/wp-content\/uploads\/2026\/04\/683215440-1409256734338930-7428835550147325810-n-1024x771.jpg","articleSection":["Aktualno\u015bci"],"inLanguage":"pl-PL"},{"@type":"WebPage","@id":"https:\/\/www.bzdz.pl\/technikum-mundurowe-ciechanow\/targi-pracy-i-edukacji-w-mlawie\/","url":"https:\/\/www.bzdz.pl\/technikum-mundurowe-ciechanow\/targi-pracy-i-edukacji-w-mlawie\/","name":"Targi Pracy i Edukacji w M\u0142awie - Technikum Mundurowe Ciechan\u00f3w","isPartOf":{"@id":"https:\/\/www.bzdz.pl\/technikum-mundurowe-ciechanow\/#website"},"primaryImageOfPage":{"@id":"https:\/\/www.bzdz.pl\/technikum-mundurowe-ciechanow\/targi-pracy-i-edukacji-w-mlawie\/#primaryimage"},"image":{"@id":"https:\/\/www.bzdz.pl\/technikum-mundurowe-ciechanow\/targi-pracy-i-edukacji-w-mlawie\/#primaryimage"},"thumbnailUrl":"https:\/\/www.bzdz.pl\/technikum-mundurowe-ciechanow\/wp-content\/uploads\/2026\/04\/683215440-1409256734338930-7428835550147325810-n-1024x771.jpg","datePublished":"2026-04-26T16:47:05+00:00","dateModified":"2026-04-27T16:49:03+00:00","author":{"@id":"https:\/\/www.bzdz.pl\/technikum-mundurowe-ciechanow\/#\/schema\/person\/938bfe6649419ff036b7b11a418be048"},"breadcrumb":{"@id":"https:\/\/www.bzdz.pl\/technikum-mundurowe-ciechanow\/targi-pracy-i-edukacji-w-mlawie\/#breadcrumb"},"inLanguage":"pl-PL","potentialAction":[{"@type":"ReadAction","target":["https:\/\/www.bzdz.pl\/technikum-mundurowe-ciechanow\/targi-pracy-i-edukacji-w-mlawie\/"]}]},{"@type":"ImageObject","inLanguage":"pl-PL","@id":"https:\/\/www.bzdz.pl\/technikum-mundurowe-ciechanow\/targi-pracy-i-edukacji-w-mlawie\/#primaryimage","url":"https:\/\/www.bzdz.pl\/technikum-mundurowe-ciechanow\/wp-content\/uploads\/2026\/04\/683215440-1409256734338930-7428835550147325810-n.jpg","contentUrl":"https:\/\/www.bzdz.pl\/technikum-mundurowe-ciechanow\/wp-content\/uploads\/2026\/04\/683215440-1409256734338930-7428835550147325810-n.jpg","width":1262,"height":950},{"@type":"BreadcrumbList","@id":"https:\/\/www.bzdz.pl\/technikum-mundurowe-ciechanow\/targi-pracy-i-edukacji-w-mlawie\/#breadcrumb","itemListElement":[{"@type":"ListItem","position":1,"name":"Strona g\u0142\u00f3wna","item":"https:\/\/www.bzdz.pl\/technikum-mundurowe-ciechanow\/"},{"@type":"ListItem","position":2,"name":"Targi Pracy i Edukacji w M\u0142awie"}]},{"@type":"WebSite","@id":"https:\/\/www.bzdz.pl\/technikum-mundurowe-ciechanow\/#website","url":"https:\/\/www.bzdz.pl\/technikum-mundurowe-ciechanow\/","name":"Technikum Mundurowe Ciechan\u00f3w","description":"","potentialAction":[{"@type":"SearchAction","target":{"@type":"EntryPoint","urlTemplate":"https:\/\/www.bzdz.pl\/technikum-mundurowe-ciechanow\/?s={search_term_string}"},"query-input":{"@type":"PropertyValueSpecification","valueRequired":true,"valueName":"search_term_string"}}],"inLanguage":"pl-PL"},{"@type":"Person","@id":"https:\/\/www.bzdz.pl\/technikum-mundurowe-ciechanow\/#\/schema\/person\/938bfe6649419ff036b7b11a418be048","name":"ciechanow","image":{"@type":"ImageObject","inLanguage":"pl-PL","@id":"https:\/\/secure.gravatar.com\/avatar\/760fb3e4f8b9f847fe52e7ab28975077386cff586a274efd36b6fb2c52b01f73?s=96&d=mm&r=g","url":"https:\/\/secure.gravatar.com\/avatar\/760fb3e4f8b9f847fe52e7ab28975077386cff586a274efd36b6fb2c52b01f73?s=96&d=mm&r=g","contentUrl":"https:\/\/secure.gravatar.com\/avatar\/760fb3e4f8b9f847fe52e7ab28975077386cff586a274efd36b6fb2c52b01f73?s=96&d=mm&r=g","caption":"ciechanow"}}]}},"_links":{"self":[{"href":"https:\/\/www.bzdz.pl\/technikum-mundurowe-ciechanow\/wp-json\/wp\/v2\/posts\/10948","targetHints":{"allow":["GET"]}}],"collection":[{"href":"https:\/\/www.bzdz.pl\/technikum-mundurowe-ciechanow\/wp-json\/wp\/v2\/posts"}],"about":[{"href":"https:\/\/www.bzdz.pl\/technikum-mundurowe-ciechanow\/wp-json\/wp\/v2\/types\/post"}],"author":[{"embeddable":true,"href":"https:\/\/www.bzdz.pl\/technikum-mundurowe-ciechanow\/wp-json\/wp\/v2\/users\/3"}],"replies":[{"embeddable":true,"href":"https:\/\/www.bzdz.pl\/technikum-mundurowe-ciechanow\/wp-json\/wp\/v2\/comments?post=10948"}],"version-history":[{"count":1,"href":"https:\/\/www.bzdz.pl\/technikum-mundurowe-ciechanow\/wp-json\/wp\/v2\/posts\/10948\/revisions"}],"predecessor-version":[{"id":10949,"href":"https:\/\/www.bzdz.pl\/technikum-mundurowe-ciechanow\/wp-json\/wp\/v2\/posts\/10948\/revisions\/10949"}],"wp:attachment":[{"href":"https:\/\/www.bzdz.pl\/technikum-mundurowe-ciechanow\/wp-json\/wp\/v2\/media?parent=10948"}],"wp:term":[{"taxonomy":"category","embeddable":true,"href":"https:\/\/www.bzdz.pl\/technikum-mundurowe-ciechanow\/wp-json\/wp\/v2\/categories?post=10948"},{"taxonomy":"post_tag","embeddable":true,"href":"https:\/\/www.bzdz.pl\/technikum-mundurowe-ciechanow\/wp-json\/wp\/v2\/tags?post=10948"}],"curies":[{"name":"wp","href":"https:\/\/api.w.org\/{rel}","templated":true}]}}