{"id":10936,"date":"2026-04-22T18:41:21","date_gmt":"2026-04-22T16:41:21","guid":{"rendered":"https:\/\/www.bzdz.pl\/technikum-mundurowe-ciechanow\/?p=10936"},"modified":"2026-04-27T18:43:20","modified_gmt":"2026-04-27T16:43:20","slug":"akcjasprzatamydlapolski-swiatowy-dzien-ziemi","status":"publish","type":"post","link":"https:\/\/www.bzdz.pl\/technikum-mundurowe-ciechanow\/akcjasprzatamydlapolski-swiatowy-dzien-ziemi\/","title":{"rendered":"Akcja,,#Sprz\u0105tamyDlaPolski&#8221; &#038; \u015awiatowy Dzie\u0144 Ziemi"},"content":{"rendered":"<div dir=\"auto\"><img loading=\"lazy\" decoding=\"async\" class=\"alignnone size-large wp-image-10935\" src=\"https:\/\/www.bzdz.pl\/technikum-mundurowe-ciechanow\/wp-content\/uploads\/2026\/04\/681844997-1409201971011073-649086892787436702-n-1024x755.jpg\" alt=\"\" width=\"840\" height=\"619\" srcset=\"https:\/\/www.bzdz.pl\/technikum-mundurowe-ciechanow\/wp-content\/uploads\/2026\/04\/681844997-1409201971011073-649086892787436702-n-1024x755.jpg 1024w, https:\/\/www.bzdz.pl\/technikum-mundurowe-ciechanow\/wp-content\/uploads\/2026\/04\/681844997-1409201971011073-649086892787436702-n-300x221.jpg 300w, https:\/\/www.bzdz.pl\/technikum-mundurowe-ciechanow\/wp-content\/uploads\/2026\/04\/681844997-1409201971011073-649086892787436702-n-768x566.jpg 768w, https:\/\/www.bzdz.pl\/technikum-mundurowe-ciechanow\/wp-content\/uploads\/2026\/04\/681844997-1409201971011073-649086892787436702-n-1200x885.jpg 1200w, https:\/\/www.bzdz.pl\/technikum-mundurowe-ciechanow\/wp-content\/uploads\/2026\/04\/681844997-1409201971011073-649086892787436702-n.jpg 1288w\" sizes=\"auto, (max-width: 709px) 85vw, (max-width: 909px) 67vw, (max-width: 1362px) 62vw, 840px\" \/><\/div>\n<div dir=\"auto\">\u00a0<\/div>\n<div dir=\"auto\">W dniu 22 kwietnia nasza spo\u0142eczno\u015b\u0107 szkolna uroczy\u015bcie obchodzi\u0142a \u015awiatowy Dzie\u0144 Ziemi, do\u0142\u0105czaj\u0105c si\u0119 r\u00f3wnie\u017c do Akcji#Sprz\u0105tamyDlaPolski. Celem tegorocznego wydarzenia by\u0142o promowanie postaw proekologicznych oraz budowanie wsp\u00f3lnej odpowiedzialno\u015bci za stan naszej planety.<\/div>\n<div dir=\"auto\">\n<div id='gallery-1' class='gallery galleryid-10936 gallery-columns-3 gallery-size-thumbnail'><figure class='gallery-item'>\n\t\t\t<div class='gallery-icon portrait'>\n\t\t\t\t<a href='https:\/\/www.bzdz.pl\/technikum-mundurowe-ciechanow\/wp-content\/uploads\/2026\/04\/678918055-1409201624344441-5276373888476188361-n.jpg' title=\"\" data-rl_title=\"\" class=\"rl-gallery-link\" data-rl_caption=\"\" data-rel=\"lightbox-gallery-1\"><img loading=\"lazy\" decoding=\"async\" width=\"150\" height=\"150\" src=\"https:\/\/www.bzdz.pl\/technikum-mundurowe-ciechanow\/wp-content\/uploads\/2026\/04\/678918055-1409201624344441-5276373888476188361-n-150x150.jpg\" class=\"attachment-thumbnail size-thumbnail\" alt=\"\" \/><\/a>\n\t\t\t<\/div><\/figure><figure class='gallery-item'>\n\t\t\t<div class='gallery-icon landscape'>\n\t\t\t\t<a href='https:\/\/www.bzdz.pl\/technikum-mundurowe-ciechanow\/wp-content\/uploads\/2026\/04\/680600740-1409201717677765-1556277821198413126-n.jpg' title=\"\" data-rl_title=\"\" class=\"rl-gallery-link\" data-rl_caption=\"\" data-rel=\"lightbox-gallery-1\"><img loading=\"lazy\" decoding=\"async\" width=\"150\" height=\"150\" src=\"https:\/\/www.bzdz.pl\/technikum-mundurowe-ciechanow\/wp-content\/uploads\/2026\/04\/680600740-1409201717677765-1556277821198413126-n-150x150.jpg\" class=\"attachment-thumbnail size-thumbnail\" alt=\"\" \/><\/a>\n\t\t\t<\/div><\/figure><figure class='gallery-item'>\n\t\t\t<div class='gallery-icon portrait'>\n\t\t\t\t<a href='https:\/\/www.bzdz.pl\/technikum-mundurowe-ciechanow\/wp-content\/uploads\/2026\/04\/682432412-1409201917677745-233607980607966665-n.jpg' title=\"\" data-rl_title=\"\" class=\"rl-gallery-link\" data-rl_caption=\"\" data-rel=\"lightbox-gallery-1\"><img loading=\"lazy\" decoding=\"async\" width=\"150\" height=\"150\" src=\"https:\/\/www.bzdz.pl\/technikum-mundurowe-ciechanow\/wp-content\/uploads\/2026\/04\/682432412-1409201917677745-233607980607966665-n-150x150.jpg\" class=\"attachment-thumbnail size-thumbnail\" alt=\"\" \/><\/a>\n\t\t\t<\/div><\/figure><figure class='gallery-item'>\n\t\t\t<div class='gallery-icon landscape'>\n\t\t\t\t<a href='https:\/\/www.bzdz.pl\/technikum-mundurowe-ciechanow\/wp-content\/uploads\/2026\/04\/680143651-1409202034344400-5054248629561390328-n.jpg' title=\"\" data-rl_title=\"\" class=\"rl-gallery-link\" data-rl_caption=\"\" data-rel=\"lightbox-gallery-1\"><img loading=\"lazy\" decoding=\"async\" width=\"150\" height=\"150\" src=\"https:\/\/www.bzdz.pl\/technikum-mundurowe-ciechanow\/wp-content\/uploads\/2026\/04\/680143651-1409202034344400-5054248629561390328-n-150x150.jpg\" class=\"attachment-thumbnail size-thumbnail\" alt=\"\" \/><\/a>\n\t\t\t<\/div><\/figure><figure class='gallery-item'>\n\t\t\t<div class='gallery-icon portrait'>\n\t\t\t\t<a href='https:\/\/www.bzdz.pl\/technikum-mundurowe-ciechanow\/wp-content\/uploads\/2026\/04\/679676578-1409202111011059-3263297452920842620-n.jpg' title=\"\" data-rl_title=\"\" class=\"rl-gallery-link\" data-rl_caption=\"\" data-rel=\"lightbox-gallery-1\"><img loading=\"lazy\" decoding=\"async\" width=\"150\" height=\"150\" src=\"https:\/\/www.bzdz.pl\/technikum-mundurowe-ciechanow\/wp-content\/uploads\/2026\/04\/679676578-1409202111011059-3263297452920842620-n-150x150.jpg\" class=\"attachment-thumbnail size-thumbnail\" alt=\"\" \/><\/a>\n\t\t\t<\/div><\/figure><figure class='gallery-item'>\n\t\t\t<div class='gallery-icon portrait'>\n\t\t\t\t<a href='https:\/\/www.bzdz.pl\/technikum-mundurowe-ciechanow\/wp-content\/uploads\/2026\/04\/679938850-1409202161011054-6616450705467226880-n.jpg' title=\"\" data-rl_title=\"\" class=\"rl-gallery-link\" data-rl_caption=\"\" data-rel=\"lightbox-gallery-1\"><img loading=\"lazy\" decoding=\"async\" width=\"150\" height=\"150\" src=\"https:\/\/www.bzdz.pl\/technikum-mundurowe-ciechanow\/wp-content\/uploads\/2026\/04\/679938850-1409202161011054-6616450705467226880-n-150x150.jpg\" class=\"attachment-thumbnail size-thumbnail\" alt=\"\" \/><\/a>\n\t\t\t<\/div><\/figure><figure class='gallery-item'>\n\t\t\t<div class='gallery-icon landscape'>\n\t\t\t\t<a href='https:\/\/www.bzdz.pl\/technikum-mundurowe-ciechanow\/wp-content\/uploads\/2026\/04\/679646213-1409202277677709-7621192302992329971-n.jpg' title=\"\" data-rl_title=\"\" class=\"rl-gallery-link\" data-rl_caption=\"\" data-rel=\"lightbox-gallery-1\"><img loading=\"lazy\" decoding=\"async\" width=\"150\" height=\"150\" src=\"https:\/\/www.bzdz.pl\/technikum-mundurowe-ciechanow\/wp-content\/uploads\/2026\/04\/679646213-1409202277677709-7621192302992329971-n-150x150.jpg\" class=\"attachment-thumbnail size-thumbnail\" alt=\"\" \/><\/a>\n\t\t\t<\/div><\/figure><figure class='gallery-item'>\n\t\t\t<div class='gallery-icon portrait'>\n\t\t\t\t<a href='https:\/\/www.bzdz.pl\/technikum-mundurowe-ciechanow\/wp-content\/uploads\/2026\/04\/681008826-1409202351011035-7940381620051419704-n.jpg' title=\"\" data-rl_title=\"\" class=\"rl-gallery-link\" data-rl_caption=\"\" data-rel=\"lightbox-gallery-1\"><img loading=\"lazy\" decoding=\"async\" width=\"150\" height=\"150\" src=\"https:\/\/www.bzdz.pl\/technikum-mundurowe-ciechanow\/wp-content\/uploads\/2026\/04\/681008826-1409202351011035-7940381620051419704-n-150x150.jpg\" class=\"attachment-thumbnail size-thumbnail\" alt=\"\" \/><\/a>\n\t\t\t<\/div><\/figure><figure class='gallery-item'>\n\t\t\t<div class='gallery-icon landscape'>\n\t\t\t\t<a href='https:\/\/www.bzdz.pl\/technikum-mundurowe-ciechanow\/wp-content\/uploads\/2026\/04\/682039454-1409202407677696-4329845444006278943-n.jpg' title=\"\" data-rl_title=\"\" class=\"rl-gallery-link\" data-rl_caption=\"\" data-rel=\"lightbox-gallery-1\"><img loading=\"lazy\" decoding=\"async\" width=\"150\" height=\"150\" src=\"https:\/\/www.bzdz.pl\/technikum-mundurowe-ciechanow\/wp-content\/uploads\/2026\/04\/682039454-1409202407677696-4329845444006278943-n-150x150.jpg\" class=\"attachment-thumbnail size-thumbnail\" alt=\"\" \/><\/a>\n\t\t\t<\/div><\/figure>\n\t\t<\/div>\n\n<\/div>\n","protected":false},"excerpt":{"rendered":"<div dir=\"auto\"><img loading=\"lazy\" decoding=\"async\" class=\"alignnone size-large wp-image-10935\" src=\"https:\/\/www.bzdz.pl\/technikum-mundurowe-ciechanow\/wp-content\/uploads\/2026\/04\/681844997-1409201971011073-649086892787436702-n-1024x755.jpg\" alt=\"\" width=\"840\" height=\"619\" srcset=\"https:\/\/www.bzdz.pl\/technikum-mundurowe-ciechanow\/wp-content\/uploads\/2026\/04\/681844997-1409201971011073-649086892787436702-n-1024x755.jpg 1024w, https:\/\/www.bzdz.pl\/technikum-mundurowe-ciechanow\/wp-content\/uploads\/2026\/04\/681844997-1409201971011073-649086892787436702-n-300x221.jpg 300w, https:\/\/www.bzdz.pl\/technikum-mundurowe-ciechanow\/wp-content\/uploads\/2026\/04\/681844997-1409201971011073-649086892787436702-n-768x566.jpg 768w, https:\/\/www.bzdz.pl\/technikum-mundurowe-ciechanow\/wp-content\/uploads\/2026\/04\/681844997-1409201971011073-649086892787436702-n-1200x885.jpg 1200w, https:\/\/www.bzdz.pl\/technikum-mundurowe-ciechanow\/wp-content\/uploads\/2026\/04\/681844997-1409201971011073-649086892787436702-n.jpg 1288w\" sizes=\"auto, (max-width: 709px) 85vw, (max-width: 909px) 67vw, (max-width: 1362px) 62vw, 840px\" \/><\/div>\n<div dir=\"auto\">\u00a0<\/div>\n<div dir=\"auto\">W dniu 22 kwietnia nasza spo\u0142eczno\u015b\u0107 szkolna uroczy\u015bcie obchodzi\u0142a \u015awiatowy Dzie\u0144 Ziemi, do\u0142\u0105czaj\u0105c si\u0119 r\u00f3wnie\u017c do Akcji#Sprz\u0105tamyDlaPolski. Celem tegorocznego wydarzenia by\u0142o promowanie postaw proekologicznych oraz budowanie wsp\u00f3lnej odpowiedzialno\u015bci za stan naszej planety.<\/div>\n<div dir=\"auto\">\n<\/div>\n<div class=\"clr\"><\/div>\n<p><a href=\"https:\/\/www.bzdz.pl\/technikum-mundurowe-ciechanow\/akcjasprzatamydlapolski-swiatowy-dzien-ziemi\/\" class=\"readmore\">Przeczytaj ca\u0142o\u015b\u0107<\/a><\/p>\n","protected":false},"author":3,"featured_media":0,"comment_status":"closed","ping_status":"closed","sticky":false,"template":"","format":"standard","meta":{"footnotes":""},"categories":[1],"tags":[],"class_list":["post-10936","post","type-post","status-publish","format-standard","hentry","category-aktualnosci"],"yoast_head":"<!-- This site is optimized with the Yoast SEO plugin v27.5 - https:\/\/yoast.com\/product\/yoast-seo-wordpress\/ -->\n<title>Akcja,,#Sprz\u0105tamyDlaPolski&quot; &amp; \u015awiatowy Dzie\u0144 Ziemi - Technikum Mundurowe Ciechan\u00f3w<\/title>\n<meta name=\"robots\" content=\"index, follow, max-snippet:-1, max-image-preview:large, max-video-preview:-1\" \/>\n<link rel=\"canonical\" href=\"https:\/\/www.bzdz.pl\/technikum-mundurowe-ciechanow\/akcjasprzatamydlapolski-swiatowy-dzien-ziemi\/\" \/>\n<meta property=\"og:locale\" content=\"pl_PL\" \/>\n<meta property=\"og:type\" content=\"article\" \/>\n<meta property=\"og:title\" content=\"Akcja,,#Sprz\u0105tamyDlaPolski&quot; &amp; \u015awiatowy Dzie\u0144 Ziemi - Technikum Mundurowe Ciechan\u00f3w\" \/>\n<meta property=\"og:description\" content=\"\u00a0 W dniu 22 kwietnia nasza spo\u0142eczno\u015b\u0107 szkolna uroczy\u015bcie obchodzi\u0142a \u015awiatowy Dzie\u0144 Ziemi, do\u0142\u0105czaj\u0105c si\u0119 r\u00f3wnie\u017c do Akcji#Sprz\u0105tamyDlaPolski. Celem tegorocznego wydarzenia by\u0142o promowanie postaw proekologicznych oraz budowanie wsp\u00f3lnej odpowiedzialno\u015bci za stan naszej planety. Przeczytaj ca\u0142o\u015b\u0107\" \/>\n<meta property=\"og:url\" content=\"https:\/\/www.bzdz.pl\/technikum-mundurowe-ciechanow\/akcjasprzatamydlapolski-swiatowy-dzien-ziemi\/\" \/>\n<meta property=\"og:site_name\" content=\"Technikum Mundurowe Ciechan\u00f3w\" \/>\n<meta property=\"article:published_time\" content=\"2026-04-22T16:41:21+00:00\" \/>\n<meta property=\"article:modified_time\" content=\"2026-04-27T16:43:20+00:00\" \/>\n<meta property=\"og:image\" content=\"https:\/\/www.bzdz.pl\/technikum-mundurowe-ciechanow\/wp-content\/uploads\/2026\/04\/678918055-1409201624344441-5276373888476188361-n-150x150.jpg\" \/>\n<meta name=\"author\" content=\"ciechanow\" \/>\n<meta name=\"twitter:card\" content=\"summary_large_image\" \/>\n<meta name=\"twitter:label1\" content=\"Napisane przez\" \/>\n\t<meta name=\"twitter:data1\" content=\"ciechanow\" \/>\n\t<meta name=\"twitter:label2\" content=\"Szacowany czas czytania\" \/>\n\t<meta name=\"twitter:data2\" content=\"1 minuta\" \/>\n<script type=\"application\/ld+json\" class=\"yoast-schema-graph\">{\"@context\":\"https:\\\/\\\/schema.org\",\"@graph\":[{\"@type\":\"Article\",\"@id\":\"https:\\\/\\\/www.bzdz.pl\\\/technikum-mundurowe-ciechanow\\\/akcjasprzatamydlapolski-swiatowy-dzien-ziemi\\\/#article\",\"isPartOf\":{\"@id\":\"https:\\\/\\\/www.bzdz.pl\\\/technikum-mundurowe-ciechanow\\\/akcjasprzatamydlapolski-swiatowy-dzien-ziemi\\\/\"},\"author\":{\"name\":\"ciechanow\",\"@id\":\"https:\\\/\\\/www.bzdz.pl\\\/technikum-mundurowe-ciechanow\\\/#\\\/schema\\\/person\\\/938bfe6649419ff036b7b11a418be048\"},\"headline\":\"Akcja,,#Sprz\u0105tamyDlaPolski&#8221; &#038; \u015awiatowy Dzie\u0144 Ziemi\",\"datePublished\":\"2026-04-22T16:41:21+00:00\",\"dateModified\":\"2026-04-27T16:43:20+00:00\",\"mainEntityOfPage\":{\"@id\":\"https:\\\/\\\/www.bzdz.pl\\\/technikum-mundurowe-ciechanow\\\/akcjasprzatamydlapolski-swiatowy-dzien-ziemi\\\/\"},\"wordCount\":50,\"image\":{\"@id\":\"https:\\\/\\\/www.bzdz.pl\\\/technikum-mundurowe-ciechanow\\\/akcjasprzatamydlapolski-swiatowy-dzien-ziemi\\\/#primaryimage\"},\"thumbnailUrl\":\"https:\\\/\\\/www.bzdz.pl\\\/technikum-mundurowe-ciechanow\\\/wp-content\\\/uploads\\\/2026\\\/04\\\/681844997-1409201971011073-649086892787436702-n-1024x755.jpg\",\"articleSection\":[\"Aktualno\u015bci\"],\"inLanguage\":\"pl-PL\"},{\"@type\":\"WebPage\",\"@id\":\"https:\\\/\\\/www.bzdz.pl\\\/technikum-mundurowe-ciechanow\\\/akcjasprzatamydlapolski-swiatowy-dzien-ziemi\\\/\",\"url\":\"https:\\\/\\\/www.bzdz.pl\\\/technikum-mundurowe-ciechanow\\\/akcjasprzatamydlapolski-swiatowy-dzien-ziemi\\\/\",\"name\":\"Akcja,,#Sprz\u0105tamyDlaPolski\\\" & \u015awiatowy Dzie\u0144 Ziemi - Technikum Mundurowe Ciechan\u00f3w\",\"isPartOf\":{\"@id\":\"https:\\\/\\\/www.bzdz.pl\\\/technikum-mundurowe-ciechanow\\\/#website\"},\"primaryImageOfPage\":{\"@id\":\"https:\\\/\\\/www.bzdz.pl\\\/technikum-mundurowe-ciechanow\\\/akcjasprzatamydlapolski-swiatowy-dzien-ziemi\\\/#primaryimage\"},\"image\":{\"@id\":\"https:\\\/\\\/www.bzdz.pl\\\/technikum-mundurowe-ciechanow\\\/akcjasprzatamydlapolski-swiatowy-dzien-ziemi\\\/#primaryimage\"},\"thumbnailUrl\":\"https:\\\/\\\/www.bzdz.pl\\\/technikum-mundurowe-ciechanow\\\/wp-content\\\/uploads\\\/2026\\\/04\\\/681844997-1409201971011073-649086892787436702-n-1024x755.jpg\",\"datePublished\":\"2026-04-22T16:41:21+00:00\",\"dateModified\":\"2026-04-27T16:43:20+00:00\",\"author\":{\"@id\":\"https:\\\/\\\/www.bzdz.pl\\\/technikum-mundurowe-ciechanow\\\/#\\\/schema\\\/person\\\/938bfe6649419ff036b7b11a418be048\"},\"breadcrumb\":{\"@id\":\"https:\\\/\\\/www.bzdz.pl\\\/technikum-mundurowe-ciechanow\\\/akcjasprzatamydlapolski-swiatowy-dzien-ziemi\\\/#breadcrumb\"},\"inLanguage\":\"pl-PL\",\"potentialAction\":[{\"@type\":\"ReadAction\",\"target\":[\"https:\\\/\\\/www.bzdz.pl\\\/technikum-mundurowe-ciechanow\\\/akcjasprzatamydlapolski-swiatowy-dzien-ziemi\\\/\"]}]},{\"@type\":\"ImageObject\",\"inLanguage\":\"pl-PL\",\"@id\":\"https:\\\/\\\/www.bzdz.pl\\\/technikum-mundurowe-ciechanow\\\/akcjasprzatamydlapolski-swiatowy-dzien-ziemi\\\/#primaryimage\",\"url\":\"https:\\\/\\\/www.bzdz.pl\\\/technikum-mundurowe-ciechanow\\\/wp-content\\\/uploads\\\/2026\\\/04\\\/681844997-1409201971011073-649086892787436702-n.jpg\",\"contentUrl\":\"https:\\\/\\\/www.bzdz.pl\\\/technikum-mundurowe-ciechanow\\\/wp-content\\\/uploads\\\/2026\\\/04\\\/681844997-1409201971011073-649086892787436702-n.jpg\",\"width\":1288,\"height\":950},{\"@type\":\"BreadcrumbList\",\"@id\":\"https:\\\/\\\/www.bzdz.pl\\\/technikum-mundurowe-ciechanow\\\/akcjasprzatamydlapolski-swiatowy-dzien-ziemi\\\/#breadcrumb\",\"itemListElement\":[{\"@type\":\"ListItem\",\"position\":1,\"name\":\"Strona g\u0142\u00f3wna\",\"item\":\"https:\\\/\\\/www.bzdz.pl\\\/technikum-mundurowe-ciechanow\\\/\"},{\"@type\":\"ListItem\",\"position\":2,\"name\":\"Akcja,,#Sprz\u0105tamyDlaPolski&#8221; &#038; \u015awiatowy Dzie\u0144 Ziemi\"}]},{\"@type\":\"WebSite\",\"@id\":\"https:\\\/\\\/www.bzdz.pl\\\/technikum-mundurowe-ciechanow\\\/#website\",\"url\":\"https:\\\/\\\/www.bzdz.pl\\\/technikum-mundurowe-ciechanow\\\/\",\"name\":\"Technikum Mundurowe Ciechan\u00f3w\",\"description\":\"\",\"potentialAction\":[{\"@type\":\"SearchAction\",\"target\":{\"@type\":\"EntryPoint\",\"urlTemplate\":\"https:\\\/\\\/www.bzdz.pl\\\/technikum-mundurowe-ciechanow\\\/?s={search_term_string}\"},\"query-input\":{\"@type\":\"PropertyValueSpecification\",\"valueRequired\":true,\"valueName\":\"search_term_string\"}}],\"inLanguage\":\"pl-PL\"},{\"@type\":\"Person\",\"@id\":\"https:\\\/\\\/www.bzdz.pl\\\/technikum-mundurowe-ciechanow\\\/#\\\/schema\\\/person\\\/938bfe6649419ff036b7b11a418be048\",\"name\":\"ciechanow\",\"image\":{\"@type\":\"ImageObject\",\"inLanguage\":\"pl-PL\",\"@id\":\"https:\\\/\\\/secure.gravatar.com\\\/avatar\\\/760fb3e4f8b9f847fe52e7ab28975077386cff586a274efd36b6fb2c52b01f73?s=96&d=mm&r=g\",\"url\":\"https:\\\/\\\/secure.gravatar.com\\\/avatar\\\/760fb3e4f8b9f847fe52e7ab28975077386cff586a274efd36b6fb2c52b01f73?s=96&d=mm&r=g\",\"contentUrl\":\"https:\\\/\\\/secure.gravatar.com\\\/avatar\\\/760fb3e4f8b9f847fe52e7ab28975077386cff586a274efd36b6fb2c52b01f73?s=96&d=mm&r=g\",\"caption\":\"ciechanow\"}}]}<\/script>\n<!-- \/ Yoast SEO plugin. -->","yoast_head_json":{"title":"Akcja,,#Sprz\u0105tamyDlaPolski\" & \u015awiatowy Dzie\u0144 Ziemi - Technikum Mundurowe Ciechan\u00f3w","robots":{"index":"index","follow":"follow","max-snippet":"max-snippet:-1","max-image-preview":"max-image-preview:large","max-video-preview":"max-video-preview:-1"},"canonical":"https:\/\/www.bzdz.pl\/technikum-mundurowe-ciechanow\/akcjasprzatamydlapolski-swiatowy-dzien-ziemi\/","og_locale":"pl_PL","og_type":"article","og_title":"Akcja,,#Sprz\u0105tamyDlaPolski\" & \u015awiatowy Dzie\u0144 Ziemi - Technikum Mundurowe Ciechan\u00f3w","og_description":"\u00a0 W dniu 22 kwietnia nasza spo\u0142eczno\u015b\u0107 szkolna uroczy\u015bcie obchodzi\u0142a \u015awiatowy Dzie\u0144 Ziemi, do\u0142\u0105czaj\u0105c si\u0119 r\u00f3wnie\u017c do Akcji#Sprz\u0105tamyDlaPolski. Celem tegorocznego wydarzenia by\u0142o promowanie postaw proekologicznych oraz budowanie wsp\u00f3lnej odpowiedzialno\u015bci za stan naszej planety. Przeczytaj ca\u0142o\u015b\u0107","og_url":"https:\/\/www.bzdz.pl\/technikum-mundurowe-ciechanow\/akcjasprzatamydlapolski-swiatowy-dzien-ziemi\/","og_site_name":"Technikum Mundurowe Ciechan\u00f3w","article_published_time":"2026-04-22T16:41:21+00:00","article_modified_time":"2026-04-27T16:43:20+00:00","og_image":[{"url":"https:\/\/www.bzdz.pl\/technikum-mundurowe-ciechanow\/wp-content\/uploads\/2026\/04\/678918055-1409201624344441-5276373888476188361-n-150x150.jpg","type":"","width":"","height":""}],"author":"ciechanow","twitter_card":"summary_large_image","twitter_misc":{"Napisane przez":"ciechanow","Szacowany czas czytania":"1 minuta"},"schema":{"@context":"https:\/\/schema.org","@graph":[{"@type":"Article","@id":"https:\/\/www.bzdz.pl\/technikum-mundurowe-ciechanow\/akcjasprzatamydlapolski-swiatowy-dzien-ziemi\/#article","isPartOf":{"@id":"https:\/\/www.bzdz.pl\/technikum-mundurowe-ciechanow\/akcjasprzatamydlapolski-swiatowy-dzien-ziemi\/"},"author":{"name":"ciechanow","@id":"https:\/\/www.bzdz.pl\/technikum-mundurowe-ciechanow\/#\/schema\/person\/938bfe6649419ff036b7b11a418be048"},"headline":"Akcja,,#Sprz\u0105tamyDlaPolski&#8221; &#038; \u015awiatowy Dzie\u0144 Ziemi","datePublished":"2026-04-22T16:41:21+00:00","dateModified":"2026-04-27T16:43:20+00:00","mainEntityOfPage":{"@id":"https:\/\/www.bzdz.pl\/technikum-mundurowe-ciechanow\/akcjasprzatamydlapolski-swiatowy-dzien-ziemi\/"},"wordCount":50,"image":{"@id":"https:\/\/www.bzdz.pl\/technikum-mundurowe-ciechanow\/akcjasprzatamydlapolski-swiatowy-dzien-ziemi\/#primaryimage"},"thumbnailUrl":"https:\/\/www.bzdz.pl\/technikum-mundurowe-ciechanow\/wp-content\/uploads\/2026\/04\/681844997-1409201971011073-649086892787436702-n-1024x755.jpg","articleSection":["Aktualno\u015bci"],"inLanguage":"pl-PL"},{"@type":"WebPage","@id":"https:\/\/www.bzdz.pl\/technikum-mundurowe-ciechanow\/akcjasprzatamydlapolski-swiatowy-dzien-ziemi\/","url":"https:\/\/www.bzdz.pl\/technikum-mundurowe-ciechanow\/akcjasprzatamydlapolski-swiatowy-dzien-ziemi\/","name":"Akcja,,#Sprz\u0105tamyDlaPolski\" & \u015awiatowy Dzie\u0144 Ziemi - Technikum Mundurowe Ciechan\u00f3w","isPartOf":{"@id":"https:\/\/www.bzdz.pl\/technikum-mundurowe-ciechanow\/#website"},"primaryImageOfPage":{"@id":"https:\/\/www.bzdz.pl\/technikum-mundurowe-ciechanow\/akcjasprzatamydlapolski-swiatowy-dzien-ziemi\/#primaryimage"},"image":{"@id":"https:\/\/www.bzdz.pl\/technikum-mundurowe-ciechanow\/akcjasprzatamydlapolski-swiatowy-dzien-ziemi\/#primaryimage"},"thumbnailUrl":"https:\/\/www.bzdz.pl\/technikum-mundurowe-ciechanow\/wp-content\/uploads\/2026\/04\/681844997-1409201971011073-649086892787436702-n-1024x755.jpg","datePublished":"2026-04-22T16:41:21+00:00","dateModified":"2026-04-27T16:43:20+00:00","author":{"@id":"https:\/\/www.bzdz.pl\/technikum-mundurowe-ciechanow\/#\/schema\/person\/938bfe6649419ff036b7b11a418be048"},"breadcrumb":{"@id":"https:\/\/www.bzdz.pl\/technikum-mundurowe-ciechanow\/akcjasprzatamydlapolski-swiatowy-dzien-ziemi\/#breadcrumb"},"inLanguage":"pl-PL","potentialAction":[{"@type":"ReadAction","target":["https:\/\/www.bzdz.pl\/technikum-mundurowe-ciechanow\/akcjasprzatamydlapolski-swiatowy-dzien-ziemi\/"]}]},{"@type":"ImageObject","inLanguage":"pl-PL","@id":"https:\/\/www.bzdz.pl\/technikum-mundurowe-ciechanow\/akcjasprzatamydlapolski-swiatowy-dzien-ziemi\/#primaryimage","url":"https:\/\/www.bzdz.pl\/technikum-mundurowe-ciechanow\/wp-content\/uploads\/2026\/04\/681844997-1409201971011073-649086892787436702-n.jpg","contentUrl":"https:\/\/www.bzdz.pl\/technikum-mundurowe-ciechanow\/wp-content\/uploads\/2026\/04\/681844997-1409201971011073-649086892787436702-n.jpg","width":1288,"height":950},{"@type":"BreadcrumbList","@id":"https:\/\/www.bzdz.pl\/technikum-mundurowe-ciechanow\/akcjasprzatamydlapolski-swiatowy-dzien-ziemi\/#breadcrumb","itemListElement":[{"@type":"ListItem","position":1,"name":"Strona g\u0142\u00f3wna","item":"https:\/\/www.bzdz.pl\/technikum-mundurowe-ciechanow\/"},{"@type":"ListItem","position":2,"name":"Akcja,,#Sprz\u0105tamyDlaPolski&#8221; &#038; \u015awiatowy Dzie\u0144 Ziemi"}]},{"@type":"WebSite","@id":"https:\/\/www.bzdz.pl\/technikum-mundurowe-ciechanow\/#website","url":"https:\/\/www.bzdz.pl\/technikum-mundurowe-ciechanow\/","name":"Technikum Mundurowe Ciechan\u00f3w","description":"","potentialAction":[{"@type":"SearchAction","target":{"@type":"EntryPoint","urlTemplate":"https:\/\/www.bzdz.pl\/technikum-mundurowe-ciechanow\/?s={search_term_string}"},"query-input":{"@type":"PropertyValueSpecification","valueRequired":true,"valueName":"search_term_string"}}],"inLanguage":"pl-PL"},{"@type":"Person","@id":"https:\/\/www.bzdz.pl\/technikum-mundurowe-ciechanow\/#\/schema\/person\/938bfe6649419ff036b7b11a418be048","name":"ciechanow","image":{"@type":"ImageObject","inLanguage":"pl-PL","@id":"https:\/\/secure.gravatar.com\/avatar\/760fb3e4f8b9f847fe52e7ab28975077386cff586a274efd36b6fb2c52b01f73?s=96&d=mm&r=g","url":"https:\/\/secure.gravatar.com\/avatar\/760fb3e4f8b9f847fe52e7ab28975077386cff586a274efd36b6fb2c52b01f73?s=96&d=mm&r=g","contentUrl":"https:\/\/secure.gravatar.com\/avatar\/760fb3e4f8b9f847fe52e7ab28975077386cff586a274efd36b6fb2c52b01f73?s=96&d=mm&r=g","caption":"ciechanow"}}]}},"_links":{"self":[{"href":"https:\/\/www.bzdz.pl\/technikum-mundurowe-ciechanow\/wp-json\/wp\/v2\/posts\/10936","targetHints":{"allow":["GET"]}}],"collection":[{"href":"https:\/\/www.bzdz.pl\/technikum-mundurowe-ciechanow\/wp-json\/wp\/v2\/posts"}],"about":[{"href":"https:\/\/www.bzdz.pl\/technikum-mundurowe-ciechanow\/wp-json\/wp\/v2\/types\/post"}],"author":[{"embeddable":true,"href":"https:\/\/www.bzdz.pl\/technikum-mundurowe-ciechanow\/wp-json\/wp\/v2\/users\/3"}],"replies":[{"embeddable":true,"href":"https:\/\/www.bzdz.pl\/technikum-mundurowe-ciechanow\/wp-json\/wp\/v2\/comments?post=10936"}],"version-history":[{"count":1,"href":"https:\/\/www.bzdz.pl\/technikum-mundurowe-ciechanow\/wp-json\/wp\/v2\/posts\/10936\/revisions"}],"predecessor-version":[{"id":10937,"href":"https:\/\/www.bzdz.pl\/technikum-mundurowe-ciechanow\/wp-json\/wp\/v2\/posts\/10936\/revisions\/10937"}],"wp:attachment":[{"href":"https:\/\/www.bzdz.pl\/technikum-mundurowe-ciechanow\/wp-json\/wp\/v2\/media?parent=10936"}],"wp:term":[{"taxonomy":"category","embeddable":true,"href":"https:\/\/www.bzdz.pl\/technikum-mundurowe-ciechanow\/wp-json\/wp\/v2\/categories?post=10936"},{"taxonomy":"post_tag","embeddable":true,"href":"https:\/\/www.bzdz.pl\/technikum-mundurowe-ciechanow\/wp-json\/wp\/v2\/tags?post=10936"}],"curies":[{"name":"wp","href":"https:\/\/api.w.org\/{rel}","templated":true}]}}