{"id":8869,"date":"2019-11-26T23:37:06","date_gmt":"2019-11-26T22:37:06","guid":{"rendered":"https:\/\/www.bzdz.pl\/technikum-mundurowe-chojnice\/?p=8869"},"modified":"2019-11-26T23:37:06","modified_gmt":"2019-11-26T22:37:06","slug":"wizyta-w-zakladzie-karnym-w-potulicach","status":"publish","type":"post","link":"https:\/\/www.bzdz.pl\/technikum-mundurowe-chojnice\/wizyta-w-zakladzie-karnym-w-potulicach\/","title":{"rendered":"Wizyta w Zak\u0142adzie Karnym w Potulicach"},"content":{"rendered":"<p style=\"text-align: justify;\"><span style=\"font-family: arial,helvetica,sans-serif;\">Uczniowie z profilu s\u0142u\u017cby wi\u0119ziennej 21.11.2019r. wraz z instruktorem chor. Marcinem Janiakiem, mieli mo\u017cliwo\u015b\u0107 poznania Zak\u0142adu Karnego w Potulicach. By\u0142o spotkanie z\u00a0 Rzecznikiem Prasowym Dyrektora Zak\u0142adu Karnego w\u00a0Potulicach oraz \u00a0 prezentacja wybranych \u015brodk\u00f3w przymusu bezpo\u015bredniego w\u00a0postaci si\u0142y fizycznej i\u00a0technik transportowych, obrony, ataku i\u00a0obezw\u0142adnienia, przygotowana przez Funkcjonariuszy dzia\u0142u ochrony. Uczniowie zwiedzili ponadto oddzia\u0142 terapeutyczny dla skazanych z r\u00f3\u017cnego typu zaburzeniami psychicznymi oraz zobaczyli hal\u0119 produkcyjn\u0105\u00a0 &#8211; miejsce pracy osadzonych.<\/span><\/p>\n<p><a href=\"https:\/\/www.sw.gov.pl\/aktualnosc\/zaklad-karny-w-potulicach-uczniowie-szkoly-mundurowej\"><span style=\"font-family: arial,helvetica,sans-serif;\">https:\/\/www.sw.gov.pl\/aktualnosc\/zaklad-karny-w-potulicach-uczniowie-szkoly-mundurowej<\/span><\/a><\/p>\n","protected":false},"excerpt":{"rendered":"<p>Uczniowie z profilu s\u0142u\u017cby wi\u0119ziennej 21.11.2019r. wraz z instruktorem chor. Marcinem Janiakiem, mieli mo\u017cliwo\u015b\u0107 poznania Zak\u0142adu Karnego w Potulicach. By\u0142o spotkanie z\u00a0 Rzecznikiem Prasowym Dyrektora Zak\u0142adu Karnego w\u00a0Potulicach oraz \u00a0 prezentacja wybranych \u015brodk\u00f3w przymusu bezpo\u015bredniego w\u00a0postaci si\u0142y fizycznej i\u00a0technik transportowych, obrony, ataku i\u00a0obezw\u0142adnienia, przygotowana przez Funkcjonariuszy dzia\u0142u ochrony. Uczniowie zwiedzili ponadto oddzia\u0142 terapeutyczny dla skazanych [&hellip;]<\/p>\n","protected":false},"author":2,"featured_media":0,"comment_status":"closed","ping_status":"closed","sticky":false,"template":"","format":"standard","meta":{"_et_pb_use_builder":"","_et_pb_old_content":"","_et_gb_content_width":"","footnotes":""},"categories":[1],"tags":[],"class_list":["post-8869","post","type-post","status-publish","format-standard","hentry","category-aktualnosci"],"yoast_head":"<!-- This site is optimized with the Yoast SEO plugin v28.4 - https:\/\/yoast.com\/product\/yoast-seo-wordpress\/ -->\n<title>Wizyta w Zak\u0142adzie Karnym w Potulicach - Technikum Chojnice<\/title>\n<meta name=\"robots\" content=\"index, follow, max-snippet:-1, max-image-preview:large, max-video-preview:-1\" \/>\n<link rel=\"canonical\" href=\"https:\/\/www.bzdz.pl\/technikum-mundurowe-chojnice\/wizyta-w-zakladzie-karnym-w-potulicach\/\" \/>\n<meta property=\"og:locale\" content=\"pl_PL\" \/>\n<meta property=\"og:type\" content=\"article\" \/>\n<meta property=\"og:title\" content=\"Wizyta w Zak\u0142adzie Karnym w Potulicach - Technikum Chojnice\" \/>\n<meta property=\"og:description\" content=\"Uczniowie z profilu s\u0142u\u017cby wi\u0119ziennej 21.11.2019r. wraz z instruktorem chor. Marcinem Janiakiem, mieli mo\u017cliwo\u015b\u0107 poznania Zak\u0142adu Karnego w Potulicach. By\u0142o spotkanie z\u00a0 Rzecznikiem Prasowym Dyrektora Zak\u0142adu Karnego w\u00a0Potulicach oraz \u00a0 prezentacja wybranych \u015brodk\u00f3w przymusu bezpo\u015bredniego w\u00a0postaci si\u0142y fizycznej i\u00a0technik transportowych, obrony, ataku i\u00a0obezw\u0142adnienia, przygotowana przez Funkcjonariuszy dzia\u0142u ochrony. Uczniowie zwiedzili ponadto oddzia\u0142 terapeutyczny dla skazanych [&hellip;]\" \/>\n<meta property=\"og:url\" content=\"https:\/\/www.bzdz.pl\/technikum-mundurowe-chojnice\/wizyta-w-zakladzie-karnym-w-potulicach\/\" \/>\n<meta property=\"og:site_name\" content=\"Technikum Chojnice\" \/>\n<meta property=\"article:published_time\" content=\"2019-11-26T22:37:06+00:00\" \/>\n<meta name=\"author\" content=\"Grazyna\" \/>\n<meta name=\"twitter:card\" content=\"summary_large_image\" \/>\n<meta name=\"twitter:label1\" content=\"Napisane przez\" \/>\n\t<meta name=\"twitter:data1\" content=\"Grazyna\" \/>\n<script type=\"application\/ld+json\" class=\"yoast-schema-graph\">{\"@context\":\"https:\\\/\\\/schema.org\",\"@graph\":[{\"@type\":\"Article\",\"@id\":\"https:\\\/\\\/www.bzdz.pl\\\/technikum-mundurowe-chojnice\\\/wizyta-w-zakladzie-karnym-w-potulicach\\\/#article\",\"isPartOf\":{\"@id\":\"https:\\\/\\\/www.bzdz.pl\\\/technikum-mundurowe-chojnice\\\/wizyta-w-zakladzie-karnym-w-potulicach\\\/\"},\"author\":{\"name\":\"Grazyna\",\"@id\":\"https:\\\/\\\/www.bzdz.pl\\\/technikum-mundurowe-chojnice\\\/#\\\/schema\\\/person\\\/c19f0e8ffe0b8dc1624f7a8f9cff4f62\"},\"headline\":\"Wizyta w Zak\u0142adzie Karnym w Potulicach\",\"datePublished\":\"2019-11-26T22:37:06+00:00\",\"mainEntityOfPage\":{\"@id\":\"https:\\\/\\\/www.bzdz.pl\\\/technikum-mundurowe-chojnice\\\/wizyta-w-zakladzie-karnym-w-potulicach\\\/\"},\"wordCount\":98,\"articleSection\":[\"Aktualno\u015bci\"],\"inLanguage\":\"pl-PL\"},{\"@type\":\"WebPage\",\"@id\":\"https:\\\/\\\/www.bzdz.pl\\\/technikum-mundurowe-chojnice\\\/wizyta-w-zakladzie-karnym-w-potulicach\\\/\",\"url\":\"https:\\\/\\\/www.bzdz.pl\\\/technikum-mundurowe-chojnice\\\/wizyta-w-zakladzie-karnym-w-potulicach\\\/\",\"name\":\"Wizyta w Zak\u0142adzie Karnym w Potulicach - Technikum Chojnice\",\"isPartOf\":{\"@id\":\"https:\\\/\\\/www.bzdz.pl\\\/technikum-mundurowe-chojnice\\\/#website\"},\"datePublished\":\"2019-11-26T22:37:06+00:00\",\"author\":{\"@id\":\"https:\\\/\\\/www.bzdz.pl\\\/technikum-mundurowe-chojnice\\\/#\\\/schema\\\/person\\\/c19f0e8ffe0b8dc1624f7a8f9cff4f62\"},\"breadcrumb\":{\"@id\":\"https:\\\/\\\/www.bzdz.pl\\\/technikum-mundurowe-chojnice\\\/wizyta-w-zakladzie-karnym-w-potulicach\\\/#breadcrumb\"},\"inLanguage\":\"pl-PL\",\"potentialAction\":[{\"@type\":\"ReadAction\",\"target\":[\"https:\\\/\\\/www.bzdz.pl\\\/technikum-mundurowe-chojnice\\\/wizyta-w-zakladzie-karnym-w-potulicach\\\/\"]}]},{\"@type\":\"BreadcrumbList\",\"@id\":\"https:\\\/\\\/www.bzdz.pl\\\/technikum-mundurowe-chojnice\\\/wizyta-w-zakladzie-karnym-w-potulicach\\\/#breadcrumb\",\"itemListElement\":[{\"@type\":\"ListItem\",\"position\":1,\"name\":\"Strona g\u0142\u00f3wna\",\"item\":\"https:\\\/\\\/www.bzdz.pl\\\/technikum-mundurowe-chojnice\\\/\"},{\"@type\":\"ListItem\",\"position\":2,\"name\":\"Wizyta w Zak\u0142adzie Karnym w Potulicach\"}]},{\"@type\":\"WebSite\",\"@id\":\"https:\\\/\\\/www.bzdz.pl\\\/technikum-mundurowe-chojnice\\\/#website\",\"url\":\"https:\\\/\\\/www.bzdz.pl\\\/technikum-mundurowe-chojnice\\\/\",\"name\":\"Technikum Chojnice\",\"description\":\"\",\"potentialAction\":[{\"@type\":\"SearchAction\",\"target\":{\"@type\":\"EntryPoint\",\"urlTemplate\":\"https:\\\/\\\/www.bzdz.pl\\\/technikum-mundurowe-chojnice\\\/?s={search_term_string}\"},\"query-input\":{\"@type\":\"PropertyValueSpecification\",\"valueRequired\":true,\"valueName\":\"search_term_string\"}}],\"inLanguage\":\"pl-PL\"},{\"@type\":\"Person\",\"@id\":\"https:\\\/\\\/www.bzdz.pl\\\/technikum-mundurowe-chojnice\\\/#\\\/schema\\\/person\\\/c19f0e8ffe0b8dc1624f7a8f9cff4f62\",\"name\":\"Grazyna\",\"image\":{\"@type\":\"ImageObject\",\"inLanguage\":\"pl-PL\",\"@id\":\"https:\\\/\\\/secure.gravatar.com\\\/avatar\\\/919b07353b56d0b7427663fa72f79e5bf61a7b1b8a377e9094eb2a339baa1f9a?s=96&d=mm&r=g\",\"url\":\"https:\\\/\\\/secure.gravatar.com\\\/avatar\\\/919b07353b56d0b7427663fa72f79e5bf61a7b1b8a377e9094eb2a339baa1f9a?s=96&d=mm&r=g\",\"contentUrl\":\"https:\\\/\\\/secure.gravatar.com\\\/avatar\\\/919b07353b56d0b7427663fa72f79e5bf61a7b1b8a377e9094eb2a339baa1f9a?s=96&d=mm&r=g\",\"caption\":\"Grazyna\"}}]}<\/script>\n<!-- \/ Yoast SEO plugin. -->","yoast_head_json":{"title":"Wizyta w Zak\u0142adzie Karnym w Potulicach - Technikum Chojnice","robots":{"index":"index","follow":"follow","max-snippet":"max-snippet:-1","max-image-preview":"max-image-preview:large","max-video-preview":"max-video-preview:-1"},"canonical":"https:\/\/www.bzdz.pl\/technikum-mundurowe-chojnice\/wizyta-w-zakladzie-karnym-w-potulicach\/","og_locale":"pl_PL","og_type":"article","og_title":"Wizyta w Zak\u0142adzie Karnym w Potulicach - Technikum Chojnice","og_description":"Uczniowie z profilu s\u0142u\u017cby wi\u0119ziennej 21.11.2019r. wraz z instruktorem chor. Marcinem Janiakiem, mieli mo\u017cliwo\u015b\u0107 poznania Zak\u0142adu Karnego w Potulicach. By\u0142o spotkanie z\u00a0 Rzecznikiem Prasowym Dyrektora Zak\u0142adu Karnego w\u00a0Potulicach oraz \u00a0 prezentacja wybranych \u015brodk\u00f3w przymusu bezpo\u015bredniego w\u00a0postaci si\u0142y fizycznej i\u00a0technik transportowych, obrony, ataku i\u00a0obezw\u0142adnienia, przygotowana przez Funkcjonariuszy dzia\u0142u ochrony. Uczniowie zwiedzili ponadto oddzia\u0142 terapeutyczny dla skazanych [&hellip;]","og_url":"https:\/\/www.bzdz.pl\/technikum-mundurowe-chojnice\/wizyta-w-zakladzie-karnym-w-potulicach\/","og_site_name":"Technikum Chojnice","article_published_time":"2019-11-26T22:37:06+00:00","author":"Grazyna","twitter_card":"summary_large_image","twitter_misc":{"Napisane przez":"Grazyna"},"schema":{"@context":"https:\/\/schema.org","@graph":[{"@type":"Article","@id":"https:\/\/www.bzdz.pl\/technikum-mundurowe-chojnice\/wizyta-w-zakladzie-karnym-w-potulicach\/#article","isPartOf":{"@id":"https:\/\/www.bzdz.pl\/technikum-mundurowe-chojnice\/wizyta-w-zakladzie-karnym-w-potulicach\/"},"author":{"name":"Grazyna","@id":"https:\/\/www.bzdz.pl\/technikum-mundurowe-chojnice\/#\/schema\/person\/c19f0e8ffe0b8dc1624f7a8f9cff4f62"},"headline":"Wizyta w Zak\u0142adzie Karnym w Potulicach","datePublished":"2019-11-26T22:37:06+00:00","mainEntityOfPage":{"@id":"https:\/\/www.bzdz.pl\/technikum-mundurowe-chojnice\/wizyta-w-zakladzie-karnym-w-potulicach\/"},"wordCount":98,"articleSection":["Aktualno\u015bci"],"inLanguage":"pl-PL"},{"@type":"WebPage","@id":"https:\/\/www.bzdz.pl\/technikum-mundurowe-chojnice\/wizyta-w-zakladzie-karnym-w-potulicach\/","url":"https:\/\/www.bzdz.pl\/technikum-mundurowe-chojnice\/wizyta-w-zakladzie-karnym-w-potulicach\/","name":"Wizyta w Zak\u0142adzie Karnym w Potulicach - Technikum Chojnice","isPartOf":{"@id":"https:\/\/www.bzdz.pl\/technikum-mundurowe-chojnice\/#website"},"datePublished":"2019-11-26T22:37:06+00:00","author":{"@id":"https:\/\/www.bzdz.pl\/technikum-mundurowe-chojnice\/#\/schema\/person\/c19f0e8ffe0b8dc1624f7a8f9cff4f62"},"breadcrumb":{"@id":"https:\/\/www.bzdz.pl\/technikum-mundurowe-chojnice\/wizyta-w-zakladzie-karnym-w-potulicach\/#breadcrumb"},"inLanguage":"pl-PL","potentialAction":[{"@type":"ReadAction","target":["https:\/\/www.bzdz.pl\/technikum-mundurowe-chojnice\/wizyta-w-zakladzie-karnym-w-potulicach\/"]}]},{"@type":"BreadcrumbList","@id":"https:\/\/www.bzdz.pl\/technikum-mundurowe-chojnice\/wizyta-w-zakladzie-karnym-w-potulicach\/#breadcrumb","itemListElement":[{"@type":"ListItem","position":1,"name":"Strona g\u0142\u00f3wna","item":"https:\/\/www.bzdz.pl\/technikum-mundurowe-chojnice\/"},{"@type":"ListItem","position":2,"name":"Wizyta w Zak\u0142adzie Karnym w Potulicach"}]},{"@type":"WebSite","@id":"https:\/\/www.bzdz.pl\/technikum-mundurowe-chojnice\/#website","url":"https:\/\/www.bzdz.pl\/technikum-mundurowe-chojnice\/","name":"Technikum Chojnice","description":"","potentialAction":[{"@type":"SearchAction","target":{"@type":"EntryPoint","urlTemplate":"https:\/\/www.bzdz.pl\/technikum-mundurowe-chojnice\/?s={search_term_string}"},"query-input":{"@type":"PropertyValueSpecification","valueRequired":true,"valueName":"search_term_string"}}],"inLanguage":"pl-PL"},{"@type":"Person","@id":"https:\/\/www.bzdz.pl\/technikum-mundurowe-chojnice\/#\/schema\/person\/c19f0e8ffe0b8dc1624f7a8f9cff4f62","name":"Grazyna","image":{"@type":"ImageObject","inLanguage":"pl-PL","@id":"https:\/\/secure.gravatar.com\/avatar\/919b07353b56d0b7427663fa72f79e5bf61a7b1b8a377e9094eb2a339baa1f9a?s=96&d=mm&r=g","url":"https:\/\/secure.gravatar.com\/avatar\/919b07353b56d0b7427663fa72f79e5bf61a7b1b8a377e9094eb2a339baa1f9a?s=96&d=mm&r=g","contentUrl":"https:\/\/secure.gravatar.com\/avatar\/919b07353b56d0b7427663fa72f79e5bf61a7b1b8a377e9094eb2a339baa1f9a?s=96&d=mm&r=g","caption":"Grazyna"}}]}},"_links":{"self":[{"href":"https:\/\/www.bzdz.pl\/technikum-mundurowe-chojnice\/wp-json\/wp\/v2\/posts\/8869","targetHints":{"allow":["GET"]}}],"collection":[{"href":"https:\/\/www.bzdz.pl\/technikum-mundurowe-chojnice\/wp-json\/wp\/v2\/posts"}],"about":[{"href":"https:\/\/www.bzdz.pl\/technikum-mundurowe-chojnice\/wp-json\/wp\/v2\/types\/post"}],"author":[{"embeddable":true,"href":"https:\/\/www.bzdz.pl\/technikum-mundurowe-chojnice\/wp-json\/wp\/v2\/users\/2"}],"replies":[{"embeddable":true,"href":"https:\/\/www.bzdz.pl\/technikum-mundurowe-chojnice\/wp-json\/wp\/v2\/comments?post=8869"}],"version-history":[{"count":0,"href":"https:\/\/www.bzdz.pl\/technikum-mundurowe-chojnice\/wp-json\/wp\/v2\/posts\/8869\/revisions"}],"wp:attachment":[{"href":"https:\/\/www.bzdz.pl\/technikum-mundurowe-chojnice\/wp-json\/wp\/v2\/media?parent=8869"}],"wp:term":[{"taxonomy":"category","embeddable":true,"href":"https:\/\/www.bzdz.pl\/technikum-mundurowe-chojnice\/wp-json\/wp\/v2\/categories?post=8869"},{"taxonomy":"post_tag","embeddable":true,"href":"https:\/\/www.bzdz.pl\/technikum-mundurowe-chojnice\/wp-json\/wp\/v2\/tags?post=8869"}],"curies":[{"name":"wp","href":"https:\/\/api.w.org\/{rel}","templated":true}]}}