{"id":7614,"date":"2019-06-18T08:52:05","date_gmt":"2019-06-18T06:52:05","guid":{"rendered":"https:\/\/www.bzdz.pl\/technikum-mundurowe-chojnice\/?p=7614"},"modified":"2019-06-18T08:52:05","modified_gmt":"2019-06-18T06:52:05","slug":"szeryf-praw-dziecka","status":"publish","type":"post","link":"https:\/\/www.bzdz.pl\/technikum-mundurowe-chojnice\/szeryf-praw-dziecka\/","title":{"rendered":"Szeryf Praw Dziecka"},"content":{"rendered":"<p><img loading=\"lazy\" decoding=\"async\" class=\"alignleft size-full wp-image-7615\" src=\"https:\/\/www.bzdz.pl\/technikum-mundurowe-chojnice\/wp-content\/uploads\/2019\/06\/szeryf.jpg\" alt=\"\" width=\"1295\" height=\"950\" data-id=\"7615\" srcset=\"https:\/\/www.bzdz.pl\/technikum-mundurowe-chojnice\/wp-content\/uploads\/2019\/06\/szeryf.jpg 1295w, https:\/\/www.bzdz.pl\/technikum-mundurowe-chojnice\/wp-content\/uploads\/2019\/06\/szeryf-1280x939.jpg 1280w, https:\/\/www.bzdz.pl\/technikum-mundurowe-chojnice\/wp-content\/uploads\/2019\/06\/szeryf-980x719.jpg 980w, https:\/\/www.bzdz.pl\/technikum-mundurowe-chojnice\/wp-content\/uploads\/2019\/06\/szeryf-480x352.jpg 480w\" sizes=\"(min-width: 0px) and (max-width: 480px) 480px, (min-width: 481px) and (max-width: 980px) 980px, (min-width: 981px) and (max-width: 1280px) 1280px, (min-width: 1281px) 1295px, 100vw\" \/><\/p>\n<p style=\"text-align: justify;\">Podczas uroczystego zako\u0144czenia roku mundurowego, kt\u00f3re odby\u0142o si\u0119 12 czerwca 2019 roku na Placu Flagowym przy Szkole Technicznej BZDZ zosta\u0142y wr\u0119czone nominacje oznacze\u0144 \u201eSzeryfa Praw Dziecka UNICEF\u201d. W naszej szkole \u201eGwiazdami Szeryfa\u201d zostali oznaczeni Dyrektor Anna Henszke, Pan Maciej Jaworski oraz ks. Daniel Ciemniewski. Jest to szczeg\u00f3lne wyr\u00f3\u017cnienie, gdy\u017c przyznawane zosta\u0142o przez spo\u0142eczno\u015b\u0107 uczniowsk\u0105. Przypominamy, \u201eSzeryf Praw Dziecka\u201d to osoba, kt\u00f3ra odznacza si\u0119 wzorow\u0105 postaw\u0105\u00a0 wobec dzieci (m\u0142odzie\u017cy), podejmuj\u0105ca dzia\u0142ania na rzecz dzieci wykraczaj\u0105ce poza standardowe obowi\u0105zki zawodowe, organizuj\u0105ca przedsi\u0119wzi\u0119cia o charakterze profilaktyki zdrowotnej, przeciwdzia\u0142a sytuacjom zagra\u017caj\u0105cym zdrowiu i \u017cyciu, podejmuje dzia\u0142ania na rzecz promowania i przestrzegania praw dziecka.<\/p>\n<p><img loading=\"lazy\" decoding=\"async\" class=\"alignleft  wp-image-7617\" src=\"https:\/\/www.bzdz.pl\/technikum-mundurowe-chojnice\/wp-content\/uploads\/2019\/06\/szeryf_maciej.jpg\" alt=\"\" width=\"160\" height=\"226\" data-id=\"7617\" \/> <img loading=\"lazy\" decoding=\"async\" class=\"alignleft  wp-image-7618\" src=\"https:\/\/www.bzdz.pl\/technikum-mundurowe-chojnice\/wp-content\/uploads\/2019\/06\/szeryf_maciej_ciemniewski.jpg\" alt=\"\" width=\"159\" height=\"226\" data-id=\"7618\" \/><img loading=\"lazy\" decoding=\"async\" class=\"wp-image-7616 alignleft\" src=\"https:\/\/www.bzdz.pl\/technikum-mundurowe-chojnice\/wp-content\/uploads\/2019\/06\/szeryf_anna.jpg\" alt=\"\" width=\"158\" height=\"224\" data-id=\"7616\" \/><\/p>\n","protected":false},"excerpt":{"rendered":"<p>Podczas uroczystego zako\u0144czenia roku mundurowego, kt\u00f3re odby\u0142o si\u0119 12 czerwca 2019 roku na Placu Flagowym przy Szkole Technicznej BZDZ zosta\u0142y wr\u0119czone nominacje oznacze\u0144 \u201eSzeryfa Praw Dziecka UNICEF\u201d. W naszej szkole \u201eGwiazdami Szeryfa\u201d zostali oznaczeni Dyrektor Anna Henszke, Pan Maciej Jaworski oraz ks. Daniel Ciemniewski. Jest to szczeg\u00f3lne wyr\u00f3\u017cnienie, gdy\u017c przyznawane zosta\u0142o przez spo\u0142eczno\u015b\u0107 uczniowsk\u0105. Przypominamy, [&hellip;]<\/p>\n","protected":false},"author":2,"featured_media":0,"comment_status":"closed","ping_status":"closed","sticky":false,"template":"","format":"standard","meta":{"_et_pb_use_builder":"","_et_pb_old_content":"","_et_gb_content_width":"","footnotes":""},"categories":[1],"tags":[],"class_list":["post-7614","post","type-post","status-publish","format-standard","hentry","category-aktualnosci"],"yoast_head":"<!-- This site is optimized with the Yoast SEO plugin v28.4 - https:\/\/yoast.com\/product\/yoast-seo-wordpress\/ -->\n<title>Szeryf Praw Dziecka - Technikum Chojnice<\/title>\n<meta name=\"robots\" content=\"index, follow, max-snippet:-1, max-image-preview:large, max-video-preview:-1\" \/>\n<link rel=\"canonical\" href=\"https:\/\/www.bzdz.pl\/technikum-mundurowe-chojnice\/szeryf-praw-dziecka\/\" \/>\n<meta property=\"og:locale\" content=\"pl_PL\" \/>\n<meta property=\"og:type\" content=\"article\" \/>\n<meta property=\"og:title\" content=\"Szeryf Praw Dziecka - Technikum Chojnice\" \/>\n<meta property=\"og:description\" content=\"Podczas uroczystego zako\u0144czenia roku mundurowego, kt\u00f3re odby\u0142o si\u0119 12 czerwca 2019 roku na Placu Flagowym przy Szkole Technicznej BZDZ zosta\u0142y wr\u0119czone nominacje oznacze\u0144 \u201eSzeryfa Praw Dziecka UNICEF\u201d. W naszej szkole \u201eGwiazdami Szeryfa\u201d zostali oznaczeni Dyrektor Anna Henszke, Pan Maciej Jaworski oraz ks. Daniel Ciemniewski. Jest to szczeg\u00f3lne wyr\u00f3\u017cnienie, gdy\u017c przyznawane zosta\u0142o przez spo\u0142eczno\u015b\u0107 uczniowsk\u0105. Przypominamy, [&hellip;]\" \/>\n<meta property=\"og:url\" content=\"https:\/\/www.bzdz.pl\/technikum-mundurowe-chojnice\/szeryf-praw-dziecka\/\" \/>\n<meta property=\"og:site_name\" content=\"Technikum Chojnice\" \/>\n<meta property=\"article:published_time\" content=\"2019-06-18T06:52:05+00:00\" \/>\n<meta property=\"og:image\" content=\"https:\/\/www.bzdz.pl\/technikum-mundurowe-chojnice\/wp-content\/uploads\/2019\/06\/szeryf.jpg\" \/>\n<meta name=\"author\" content=\"Grazyna\" \/>\n<meta name=\"twitter:card\" content=\"summary_large_image\" \/>\n<meta name=\"twitter:label1\" content=\"Napisane przez\" \/>\n\t<meta name=\"twitter:data1\" content=\"Grazyna\" \/>\n\t<meta name=\"twitter:label2\" content=\"Szacowany czas czytania\" \/>\n\t<meta name=\"twitter:data2\" content=\"1 minuta\" \/>\n<script type=\"application\/ld+json\" class=\"yoast-schema-graph\">{\"@context\":\"https:\\\/\\\/schema.org\",\"@graph\":[{\"@type\":\"Article\",\"@id\":\"https:\\\/\\\/www.bzdz.pl\\\/technikum-mundurowe-chojnice\\\/szeryf-praw-dziecka\\\/#article\",\"isPartOf\":{\"@id\":\"https:\\\/\\\/www.bzdz.pl\\\/technikum-mundurowe-chojnice\\\/szeryf-praw-dziecka\\\/\"},\"author\":{\"name\":\"Grazyna\",\"@id\":\"https:\\\/\\\/www.bzdz.pl\\\/technikum-mundurowe-chojnice\\\/#\\\/schema\\\/person\\\/c19f0e8ffe0b8dc1624f7a8f9cff4f62\"},\"headline\":\"Szeryf Praw Dziecka\",\"datePublished\":\"2019-06-18T06:52:05+00:00\",\"mainEntityOfPage\":{\"@id\":\"https:\\\/\\\/www.bzdz.pl\\\/technikum-mundurowe-chojnice\\\/szeryf-praw-dziecka\\\/\"},\"wordCount\":123,\"image\":{\"@id\":\"https:\\\/\\\/www.bzdz.pl\\\/technikum-mundurowe-chojnice\\\/szeryf-praw-dziecka\\\/#primaryimage\"},\"thumbnailUrl\":\"https:\\\/\\\/www.bzdz.pl\\\/technikum-mundurowe-chojnice\\\/wp-content\\\/uploads\\\/2019\\\/06\\\/szeryf.jpg\",\"articleSection\":[\"Aktualno\u015bci\"],\"inLanguage\":\"pl-PL\"},{\"@type\":\"WebPage\",\"@id\":\"https:\\\/\\\/www.bzdz.pl\\\/technikum-mundurowe-chojnice\\\/szeryf-praw-dziecka\\\/\",\"url\":\"https:\\\/\\\/www.bzdz.pl\\\/technikum-mundurowe-chojnice\\\/szeryf-praw-dziecka\\\/\",\"name\":\"Szeryf Praw Dziecka - Technikum Chojnice\",\"isPartOf\":{\"@id\":\"https:\\\/\\\/www.bzdz.pl\\\/technikum-mundurowe-chojnice\\\/#website\"},\"primaryImageOfPage\":{\"@id\":\"https:\\\/\\\/www.bzdz.pl\\\/technikum-mundurowe-chojnice\\\/szeryf-praw-dziecka\\\/#primaryimage\"},\"image\":{\"@id\":\"https:\\\/\\\/www.bzdz.pl\\\/technikum-mundurowe-chojnice\\\/szeryf-praw-dziecka\\\/#primaryimage\"},\"thumbnailUrl\":\"https:\\\/\\\/www.bzdz.pl\\\/technikum-mundurowe-chojnice\\\/wp-content\\\/uploads\\\/2019\\\/06\\\/szeryf.jpg\",\"datePublished\":\"2019-06-18T06:52:05+00:00\",\"author\":{\"@id\":\"https:\\\/\\\/www.bzdz.pl\\\/technikum-mundurowe-chojnice\\\/#\\\/schema\\\/person\\\/c19f0e8ffe0b8dc1624f7a8f9cff4f62\"},\"breadcrumb\":{\"@id\":\"https:\\\/\\\/www.bzdz.pl\\\/technikum-mundurowe-chojnice\\\/szeryf-praw-dziecka\\\/#breadcrumb\"},\"inLanguage\":\"pl-PL\",\"potentialAction\":[{\"@type\":\"ReadAction\",\"target\":[\"https:\\\/\\\/www.bzdz.pl\\\/technikum-mundurowe-chojnice\\\/szeryf-praw-dziecka\\\/\"]}]},{\"@type\":\"ImageObject\",\"inLanguage\":\"pl-PL\",\"@id\":\"https:\\\/\\\/www.bzdz.pl\\\/technikum-mundurowe-chojnice\\\/szeryf-praw-dziecka\\\/#primaryimage\",\"url\":\"https:\\\/\\\/www.bzdz.pl\\\/technikum-mundurowe-chojnice\\\/wp-content\\\/uploads\\\/2019\\\/06\\\/szeryf.jpg\",\"contentUrl\":\"https:\\\/\\\/www.bzdz.pl\\\/technikum-mundurowe-chojnice\\\/wp-content\\\/uploads\\\/2019\\\/06\\\/szeryf.jpg\"},{\"@type\":\"BreadcrumbList\",\"@id\":\"https:\\\/\\\/www.bzdz.pl\\\/technikum-mundurowe-chojnice\\\/szeryf-praw-dziecka\\\/#breadcrumb\",\"itemListElement\":[{\"@type\":\"ListItem\",\"position\":1,\"name\":\"Strona g\u0142\u00f3wna\",\"item\":\"https:\\\/\\\/www.bzdz.pl\\\/technikum-mundurowe-chojnice\\\/\"},{\"@type\":\"ListItem\",\"position\":2,\"name\":\"Szeryf Praw Dziecka\"}]},{\"@type\":\"WebSite\",\"@id\":\"https:\\\/\\\/www.bzdz.pl\\\/technikum-mundurowe-chojnice\\\/#website\",\"url\":\"https:\\\/\\\/www.bzdz.pl\\\/technikum-mundurowe-chojnice\\\/\",\"name\":\"Technikum Chojnice\",\"description\":\"\",\"potentialAction\":[{\"@type\":\"SearchAction\",\"target\":{\"@type\":\"EntryPoint\",\"urlTemplate\":\"https:\\\/\\\/www.bzdz.pl\\\/technikum-mundurowe-chojnice\\\/?s={search_term_string}\"},\"query-input\":{\"@type\":\"PropertyValueSpecification\",\"valueRequired\":true,\"valueName\":\"search_term_string\"}}],\"inLanguage\":\"pl-PL\"},{\"@type\":\"Person\",\"@id\":\"https:\\\/\\\/www.bzdz.pl\\\/technikum-mundurowe-chojnice\\\/#\\\/schema\\\/person\\\/c19f0e8ffe0b8dc1624f7a8f9cff4f62\",\"name\":\"Grazyna\",\"image\":{\"@type\":\"ImageObject\",\"inLanguage\":\"pl-PL\",\"@id\":\"https:\\\/\\\/secure.gravatar.com\\\/avatar\\\/919b07353b56d0b7427663fa72f79e5bf61a7b1b8a377e9094eb2a339baa1f9a?s=96&d=mm&r=g\",\"url\":\"https:\\\/\\\/secure.gravatar.com\\\/avatar\\\/919b07353b56d0b7427663fa72f79e5bf61a7b1b8a377e9094eb2a339baa1f9a?s=96&d=mm&r=g\",\"contentUrl\":\"https:\\\/\\\/secure.gravatar.com\\\/avatar\\\/919b07353b56d0b7427663fa72f79e5bf61a7b1b8a377e9094eb2a339baa1f9a?s=96&d=mm&r=g\",\"caption\":\"Grazyna\"}}]}<\/script>\n<!-- \/ Yoast SEO plugin. -->","yoast_head_json":{"title":"Szeryf Praw Dziecka - Technikum Chojnice","robots":{"index":"index","follow":"follow","max-snippet":"max-snippet:-1","max-image-preview":"max-image-preview:large","max-video-preview":"max-video-preview:-1"},"canonical":"https:\/\/www.bzdz.pl\/technikum-mundurowe-chojnice\/szeryf-praw-dziecka\/","og_locale":"pl_PL","og_type":"article","og_title":"Szeryf Praw Dziecka - Technikum Chojnice","og_description":"Podczas uroczystego zako\u0144czenia roku mundurowego, kt\u00f3re odby\u0142o si\u0119 12 czerwca 2019 roku na Placu Flagowym przy Szkole Technicznej BZDZ zosta\u0142y wr\u0119czone nominacje oznacze\u0144 \u201eSzeryfa Praw Dziecka UNICEF\u201d. W naszej szkole \u201eGwiazdami Szeryfa\u201d zostali oznaczeni Dyrektor Anna Henszke, Pan Maciej Jaworski oraz ks. Daniel Ciemniewski. Jest to szczeg\u00f3lne wyr\u00f3\u017cnienie, gdy\u017c przyznawane zosta\u0142o przez spo\u0142eczno\u015b\u0107 uczniowsk\u0105. Przypominamy, [&hellip;]","og_url":"https:\/\/www.bzdz.pl\/technikum-mundurowe-chojnice\/szeryf-praw-dziecka\/","og_site_name":"Technikum Chojnice","article_published_time":"2019-06-18T06:52:05+00:00","og_image":[{"url":"https:\/\/www.bzdz.pl\/technikum-mundurowe-chojnice\/wp-content\/uploads\/2019\/06\/szeryf.jpg","type":"","width":"","height":""}],"author":"Grazyna","twitter_card":"summary_large_image","twitter_misc":{"Napisane przez":"Grazyna","Szacowany czas czytania":"1 minuta"},"schema":{"@context":"https:\/\/schema.org","@graph":[{"@type":"Article","@id":"https:\/\/www.bzdz.pl\/technikum-mundurowe-chojnice\/szeryf-praw-dziecka\/#article","isPartOf":{"@id":"https:\/\/www.bzdz.pl\/technikum-mundurowe-chojnice\/szeryf-praw-dziecka\/"},"author":{"name":"Grazyna","@id":"https:\/\/www.bzdz.pl\/technikum-mundurowe-chojnice\/#\/schema\/person\/c19f0e8ffe0b8dc1624f7a8f9cff4f62"},"headline":"Szeryf Praw Dziecka","datePublished":"2019-06-18T06:52:05+00:00","mainEntityOfPage":{"@id":"https:\/\/www.bzdz.pl\/technikum-mundurowe-chojnice\/szeryf-praw-dziecka\/"},"wordCount":123,"image":{"@id":"https:\/\/www.bzdz.pl\/technikum-mundurowe-chojnice\/szeryf-praw-dziecka\/#primaryimage"},"thumbnailUrl":"https:\/\/www.bzdz.pl\/technikum-mundurowe-chojnice\/wp-content\/uploads\/2019\/06\/szeryf.jpg","articleSection":["Aktualno\u015bci"],"inLanguage":"pl-PL"},{"@type":"WebPage","@id":"https:\/\/www.bzdz.pl\/technikum-mundurowe-chojnice\/szeryf-praw-dziecka\/","url":"https:\/\/www.bzdz.pl\/technikum-mundurowe-chojnice\/szeryf-praw-dziecka\/","name":"Szeryf Praw Dziecka - Technikum Chojnice","isPartOf":{"@id":"https:\/\/www.bzdz.pl\/technikum-mundurowe-chojnice\/#website"},"primaryImageOfPage":{"@id":"https:\/\/www.bzdz.pl\/technikum-mundurowe-chojnice\/szeryf-praw-dziecka\/#primaryimage"},"image":{"@id":"https:\/\/www.bzdz.pl\/technikum-mundurowe-chojnice\/szeryf-praw-dziecka\/#primaryimage"},"thumbnailUrl":"https:\/\/www.bzdz.pl\/technikum-mundurowe-chojnice\/wp-content\/uploads\/2019\/06\/szeryf.jpg","datePublished":"2019-06-18T06:52:05+00:00","author":{"@id":"https:\/\/www.bzdz.pl\/technikum-mundurowe-chojnice\/#\/schema\/person\/c19f0e8ffe0b8dc1624f7a8f9cff4f62"},"breadcrumb":{"@id":"https:\/\/www.bzdz.pl\/technikum-mundurowe-chojnice\/szeryf-praw-dziecka\/#breadcrumb"},"inLanguage":"pl-PL","potentialAction":[{"@type":"ReadAction","target":["https:\/\/www.bzdz.pl\/technikum-mundurowe-chojnice\/szeryf-praw-dziecka\/"]}]},{"@type":"ImageObject","inLanguage":"pl-PL","@id":"https:\/\/www.bzdz.pl\/technikum-mundurowe-chojnice\/szeryf-praw-dziecka\/#primaryimage","url":"https:\/\/www.bzdz.pl\/technikum-mundurowe-chojnice\/wp-content\/uploads\/2019\/06\/szeryf.jpg","contentUrl":"https:\/\/www.bzdz.pl\/technikum-mundurowe-chojnice\/wp-content\/uploads\/2019\/06\/szeryf.jpg"},{"@type":"BreadcrumbList","@id":"https:\/\/www.bzdz.pl\/technikum-mundurowe-chojnice\/szeryf-praw-dziecka\/#breadcrumb","itemListElement":[{"@type":"ListItem","position":1,"name":"Strona g\u0142\u00f3wna","item":"https:\/\/www.bzdz.pl\/technikum-mundurowe-chojnice\/"},{"@type":"ListItem","position":2,"name":"Szeryf Praw Dziecka"}]},{"@type":"WebSite","@id":"https:\/\/www.bzdz.pl\/technikum-mundurowe-chojnice\/#website","url":"https:\/\/www.bzdz.pl\/technikum-mundurowe-chojnice\/","name":"Technikum Chojnice","description":"","potentialAction":[{"@type":"SearchAction","target":{"@type":"EntryPoint","urlTemplate":"https:\/\/www.bzdz.pl\/technikum-mundurowe-chojnice\/?s={search_term_string}"},"query-input":{"@type":"PropertyValueSpecification","valueRequired":true,"valueName":"search_term_string"}}],"inLanguage":"pl-PL"},{"@type":"Person","@id":"https:\/\/www.bzdz.pl\/technikum-mundurowe-chojnice\/#\/schema\/person\/c19f0e8ffe0b8dc1624f7a8f9cff4f62","name":"Grazyna","image":{"@type":"ImageObject","inLanguage":"pl-PL","@id":"https:\/\/secure.gravatar.com\/avatar\/919b07353b56d0b7427663fa72f79e5bf61a7b1b8a377e9094eb2a339baa1f9a?s=96&d=mm&r=g","url":"https:\/\/secure.gravatar.com\/avatar\/919b07353b56d0b7427663fa72f79e5bf61a7b1b8a377e9094eb2a339baa1f9a?s=96&d=mm&r=g","contentUrl":"https:\/\/secure.gravatar.com\/avatar\/919b07353b56d0b7427663fa72f79e5bf61a7b1b8a377e9094eb2a339baa1f9a?s=96&d=mm&r=g","caption":"Grazyna"}}]}},"_links":{"self":[{"href":"https:\/\/www.bzdz.pl\/technikum-mundurowe-chojnice\/wp-json\/wp\/v2\/posts\/7614","targetHints":{"allow":["GET"]}}],"collection":[{"href":"https:\/\/www.bzdz.pl\/technikum-mundurowe-chojnice\/wp-json\/wp\/v2\/posts"}],"about":[{"href":"https:\/\/www.bzdz.pl\/technikum-mundurowe-chojnice\/wp-json\/wp\/v2\/types\/post"}],"author":[{"embeddable":true,"href":"https:\/\/www.bzdz.pl\/technikum-mundurowe-chojnice\/wp-json\/wp\/v2\/users\/2"}],"replies":[{"embeddable":true,"href":"https:\/\/www.bzdz.pl\/technikum-mundurowe-chojnice\/wp-json\/wp\/v2\/comments?post=7614"}],"version-history":[{"count":0,"href":"https:\/\/www.bzdz.pl\/technikum-mundurowe-chojnice\/wp-json\/wp\/v2\/posts\/7614\/revisions"}],"wp:attachment":[{"href":"https:\/\/www.bzdz.pl\/technikum-mundurowe-chojnice\/wp-json\/wp\/v2\/media?parent=7614"}],"wp:term":[{"taxonomy":"category","embeddable":true,"href":"https:\/\/www.bzdz.pl\/technikum-mundurowe-chojnice\/wp-json\/wp\/v2\/categories?post=7614"},{"taxonomy":"post_tag","embeddable":true,"href":"https:\/\/www.bzdz.pl\/technikum-mundurowe-chojnice\/wp-json\/wp\/v2\/tags?post=7614"}],"curies":[{"name":"wp","href":"https:\/\/api.w.org\/{rel}","templated":true}]}}