{"id":7371,"date":"2019-05-03T13:49:58","date_gmt":"2019-05-03T11:49:58","guid":{"rendered":"https:\/\/www.bzdz.pl\/technikum-mundurowe-chojnice\/?p=7371"},"modified":"2019-05-03T13:49:58","modified_gmt":"2019-05-03T11:49:58","slug":"obchody-swieta-3-maja","status":"publish","type":"post","link":"https:\/\/www.bzdz.pl\/technikum-mundurowe-chojnice\/obchody-swieta-3-maja\/","title":{"rendered":"Obchody \u015awi\u0119ta 3 maja"},"content":{"rendered":"<p style=\"text-align: center;\"><a href=\"https:\/\/www.bzdz.pl\/technikum-mundurowe-chojnice\/wp-content\/uploads\/2019\/05\/obchody_3maja.jpg\"><img loading=\"lazy\" decoding=\"async\" class=\"alignleft  wp-image-7369\" src=\"https:\/\/www.bzdz.pl\/technikum-mundurowe-chojnice\/wp-content\/uploads\/2019\/05\/obchody_3maja.jpg\" alt=\"\" width=\"170\" height=\"127\" data-id=\"7369\" \/><\/a><\/p>\n<div id=\"js_d7\" class=\"_5pbx userContent _3576\" data-testid=\"post_message\" data-ft=\"{&quot;tn&quot;:&quot;K&quot;}\">\n<p>Powiatowe uroczysto\u015bci z okazji rocznicy uchwalenia <br \/>\nKonstytucji 3 Maja<\/p>\n<p style=\"text-align: justify;\">W dniu 3 maja 2019 delegacja uczni\u00f3w Szko\u0142y Technicznej BZDZ <br \/>\nw Chojnicach uczestniczy\u0142a w obchodach \u015bwi\u0119ta Konstytucji 3 Maja. Zgromadzili\u015bmy si\u0119 o 10:30 na Starym Rynku, sk\u0105d, po przem\u00f3wieniu Starosty Chojnickiego Pana Marka Szczepa\u0144skiego, przeszli\u015bmy w pochodzie pod pomnik Chrystusa Kr\u00f3la, a nast\u0119pnie pod pomnik Or\u0142a Bia\u0142ego. Uczniowie oddali ho\u0142d i z\u0142o\u017cyli kwiaty. Poni\u017cej kr\u00f3tka fotorelacja.<\/p>\n<\/div>\n<p><a href=\"https:\/\/www.bzdz.pl\/technikum-mundurowe-chojnice\/rl_gallery\/obchody-swieta-3-maja\/\">Galeria<\/a><\/p>\n<p>&nbsp;<\/p>\n","protected":false},"excerpt":{"rendered":"<p>Powiatowe uroczysto\u015bci z okazji rocznicy uchwalenia Konstytucji 3 Maja W dniu 3 maja 2019 delegacja uczni\u00f3w Szko\u0142y Technicznej BZDZ w Chojnicach uczestniczy\u0142a w obchodach \u015bwi\u0119ta Konstytucji 3 Maja. Zgromadzili\u015bmy si\u0119 o 10:30 na Starym Rynku, sk\u0105d, po przem\u00f3wieniu Starosty Chojnickiego Pana Marka Szczepa\u0144skiego, przeszli\u015bmy w pochodzie pod pomnik Chrystusa Kr\u00f3la, a nast\u0119pnie pod pomnik Or\u0142a [&hellip;]<\/p>\n","protected":false},"author":2,"featured_media":0,"comment_status":"open","ping_status":"closed","sticky":false,"template":"","format":"standard","meta":{"_et_pb_use_builder":"","_et_pb_old_content":"","_et_gb_content_width":"","footnotes":""},"categories":[1],"tags":[],"class_list":["post-7371","post","type-post","status-publish","format-standard","hentry","category-aktualnosci"],"yoast_head":"<!-- This site is optimized with the Yoast SEO plugin v28.4 - https:\/\/yoast.com\/product\/yoast-seo-wordpress\/ -->\n<title>Obchody \u015awi\u0119ta 3 maja - Technikum Chojnice<\/title>\n<meta name=\"robots\" content=\"index, follow, max-snippet:-1, max-image-preview:large, max-video-preview:-1\" \/>\n<link rel=\"canonical\" href=\"https:\/\/www.bzdz.pl\/technikum-mundurowe-chojnice\/obchody-swieta-3-maja\/\" \/>\n<meta property=\"og:locale\" content=\"pl_PL\" \/>\n<meta property=\"og:type\" content=\"article\" \/>\n<meta property=\"og:title\" content=\"Obchody \u015awi\u0119ta 3 maja - Technikum Chojnice\" \/>\n<meta property=\"og:description\" content=\"Powiatowe uroczysto\u015bci z okazji rocznicy uchwalenia Konstytucji 3 Maja W dniu 3 maja 2019 delegacja uczni\u00f3w Szko\u0142y Technicznej BZDZ w Chojnicach uczestniczy\u0142a w obchodach \u015bwi\u0119ta Konstytucji 3 Maja. Zgromadzili\u015bmy si\u0119 o 10:30 na Starym Rynku, sk\u0105d, po przem\u00f3wieniu Starosty Chojnickiego Pana Marka Szczepa\u0144skiego, przeszli\u015bmy w pochodzie pod pomnik Chrystusa Kr\u00f3la, a nast\u0119pnie pod pomnik Or\u0142a [&hellip;]\" \/>\n<meta property=\"og:url\" content=\"https:\/\/www.bzdz.pl\/technikum-mundurowe-chojnice\/obchody-swieta-3-maja\/\" \/>\n<meta property=\"og:site_name\" content=\"Technikum Chojnice\" \/>\n<meta property=\"article:published_time\" content=\"2019-05-03T11:49:58+00:00\" \/>\n<meta property=\"og:image\" content=\"https:\/\/www.bzdz.pl\/technikum-mundurowe-chojnice\/wp-content\/uploads\/2019\/05\/obchody_3maja.jpg\" \/>\n<meta name=\"author\" content=\"Grazyna\" \/>\n<meta name=\"twitter:card\" content=\"summary_large_image\" \/>\n<meta name=\"twitter:label1\" content=\"Napisane przez\" \/>\n\t<meta name=\"twitter:data1\" content=\"Grazyna\" \/>\n<script type=\"application\/ld+json\" class=\"yoast-schema-graph\">{\"@context\":\"https:\\\/\\\/schema.org\",\"@graph\":[{\"@type\":\"Article\",\"@id\":\"https:\\\/\\\/www.bzdz.pl\\\/technikum-mundurowe-chojnice\\\/obchody-swieta-3-maja\\\/#article\",\"isPartOf\":{\"@id\":\"https:\\\/\\\/www.bzdz.pl\\\/technikum-mundurowe-chojnice\\\/obchody-swieta-3-maja\\\/\"},\"author\":{\"name\":\"Grazyna\",\"@id\":\"https:\\\/\\\/www.bzdz.pl\\\/technikum-mundurowe-chojnice\\\/#\\\/schema\\\/person\\\/c19f0e8ffe0b8dc1624f7a8f9cff4f62\"},\"headline\":\"Obchody \u015awi\u0119ta 3 maja\",\"datePublished\":\"2019-05-03T11:49:58+00:00\",\"mainEntityOfPage\":{\"@id\":\"https:\\\/\\\/www.bzdz.pl\\\/technikum-mundurowe-chojnice\\\/obchody-swieta-3-maja\\\/\"},\"wordCount\":85,\"commentCount\":0,\"image\":{\"@id\":\"https:\\\/\\\/www.bzdz.pl\\\/technikum-mundurowe-chojnice\\\/obchody-swieta-3-maja\\\/#primaryimage\"},\"thumbnailUrl\":\"https:\\\/\\\/www.bzdz.pl\\\/technikum-mundurowe-chojnice\\\/wp-content\\\/uploads\\\/2019\\\/05\\\/obchody_3maja.jpg\",\"articleSection\":[\"Aktualno\u015bci\"],\"inLanguage\":\"pl-PL\",\"potentialAction\":[{\"@type\":\"CommentAction\",\"name\":\"Comment\",\"target\":[\"https:\\\/\\\/www.bzdz.pl\\\/technikum-mundurowe-chojnice\\\/obchody-swieta-3-maja\\\/#respond\"]}]},{\"@type\":\"WebPage\",\"@id\":\"https:\\\/\\\/www.bzdz.pl\\\/technikum-mundurowe-chojnice\\\/obchody-swieta-3-maja\\\/\",\"url\":\"https:\\\/\\\/www.bzdz.pl\\\/technikum-mundurowe-chojnice\\\/obchody-swieta-3-maja\\\/\",\"name\":\"Obchody \u015awi\u0119ta 3 maja - Technikum Chojnice\",\"isPartOf\":{\"@id\":\"https:\\\/\\\/www.bzdz.pl\\\/technikum-mundurowe-chojnice\\\/#website\"},\"primaryImageOfPage\":{\"@id\":\"https:\\\/\\\/www.bzdz.pl\\\/technikum-mundurowe-chojnice\\\/obchody-swieta-3-maja\\\/#primaryimage\"},\"image\":{\"@id\":\"https:\\\/\\\/www.bzdz.pl\\\/technikum-mundurowe-chojnice\\\/obchody-swieta-3-maja\\\/#primaryimage\"},\"thumbnailUrl\":\"https:\\\/\\\/www.bzdz.pl\\\/technikum-mundurowe-chojnice\\\/wp-content\\\/uploads\\\/2019\\\/05\\\/obchody_3maja.jpg\",\"datePublished\":\"2019-05-03T11:49:58+00:00\",\"author\":{\"@id\":\"https:\\\/\\\/www.bzdz.pl\\\/technikum-mundurowe-chojnice\\\/#\\\/schema\\\/person\\\/c19f0e8ffe0b8dc1624f7a8f9cff4f62\"},\"breadcrumb\":{\"@id\":\"https:\\\/\\\/www.bzdz.pl\\\/technikum-mundurowe-chojnice\\\/obchody-swieta-3-maja\\\/#breadcrumb\"},\"inLanguage\":\"pl-PL\",\"potentialAction\":[{\"@type\":\"ReadAction\",\"target\":[\"https:\\\/\\\/www.bzdz.pl\\\/technikum-mundurowe-chojnice\\\/obchody-swieta-3-maja\\\/\"]}]},{\"@type\":\"ImageObject\",\"inLanguage\":\"pl-PL\",\"@id\":\"https:\\\/\\\/www.bzdz.pl\\\/technikum-mundurowe-chojnice\\\/obchody-swieta-3-maja\\\/#primaryimage\",\"url\":\"https:\\\/\\\/www.bzdz.pl\\\/technikum-mundurowe-chojnice\\\/wp-content\\\/uploads\\\/2019\\\/05\\\/obchody_3maja.jpg\",\"contentUrl\":\"https:\\\/\\\/www.bzdz.pl\\\/technikum-mundurowe-chojnice\\\/wp-content\\\/uploads\\\/2019\\\/05\\\/obchody_3maja.jpg\"},{\"@type\":\"BreadcrumbList\",\"@id\":\"https:\\\/\\\/www.bzdz.pl\\\/technikum-mundurowe-chojnice\\\/obchody-swieta-3-maja\\\/#breadcrumb\",\"itemListElement\":[{\"@type\":\"ListItem\",\"position\":1,\"name\":\"Strona g\u0142\u00f3wna\",\"item\":\"https:\\\/\\\/www.bzdz.pl\\\/technikum-mundurowe-chojnice\\\/\"},{\"@type\":\"ListItem\",\"position\":2,\"name\":\"Obchody \u015awi\u0119ta 3 maja\"}]},{\"@type\":\"WebSite\",\"@id\":\"https:\\\/\\\/www.bzdz.pl\\\/technikum-mundurowe-chojnice\\\/#website\",\"url\":\"https:\\\/\\\/www.bzdz.pl\\\/technikum-mundurowe-chojnice\\\/\",\"name\":\"Technikum Chojnice\",\"description\":\"\",\"potentialAction\":[{\"@type\":\"SearchAction\",\"target\":{\"@type\":\"EntryPoint\",\"urlTemplate\":\"https:\\\/\\\/www.bzdz.pl\\\/technikum-mundurowe-chojnice\\\/?s={search_term_string}\"},\"query-input\":{\"@type\":\"PropertyValueSpecification\",\"valueRequired\":true,\"valueName\":\"search_term_string\"}}],\"inLanguage\":\"pl-PL\"},{\"@type\":\"Person\",\"@id\":\"https:\\\/\\\/www.bzdz.pl\\\/technikum-mundurowe-chojnice\\\/#\\\/schema\\\/person\\\/c19f0e8ffe0b8dc1624f7a8f9cff4f62\",\"name\":\"Grazyna\",\"image\":{\"@type\":\"ImageObject\",\"inLanguage\":\"pl-PL\",\"@id\":\"https:\\\/\\\/secure.gravatar.com\\\/avatar\\\/919b07353b56d0b7427663fa72f79e5bf61a7b1b8a377e9094eb2a339baa1f9a?s=96&d=mm&r=g\",\"url\":\"https:\\\/\\\/secure.gravatar.com\\\/avatar\\\/919b07353b56d0b7427663fa72f79e5bf61a7b1b8a377e9094eb2a339baa1f9a?s=96&d=mm&r=g\",\"contentUrl\":\"https:\\\/\\\/secure.gravatar.com\\\/avatar\\\/919b07353b56d0b7427663fa72f79e5bf61a7b1b8a377e9094eb2a339baa1f9a?s=96&d=mm&r=g\",\"caption\":\"Grazyna\"}}]}<\/script>\n<!-- \/ Yoast SEO plugin. -->","yoast_head_json":{"title":"Obchody \u015awi\u0119ta 3 maja - Technikum Chojnice","robots":{"index":"index","follow":"follow","max-snippet":"max-snippet:-1","max-image-preview":"max-image-preview:large","max-video-preview":"max-video-preview:-1"},"canonical":"https:\/\/www.bzdz.pl\/technikum-mundurowe-chojnice\/obchody-swieta-3-maja\/","og_locale":"pl_PL","og_type":"article","og_title":"Obchody \u015awi\u0119ta 3 maja - Technikum Chojnice","og_description":"Powiatowe uroczysto\u015bci z okazji rocznicy uchwalenia Konstytucji 3 Maja W dniu 3 maja 2019 delegacja uczni\u00f3w Szko\u0142y Technicznej BZDZ w Chojnicach uczestniczy\u0142a w obchodach \u015bwi\u0119ta Konstytucji 3 Maja. Zgromadzili\u015bmy si\u0119 o 10:30 na Starym Rynku, sk\u0105d, po przem\u00f3wieniu Starosty Chojnickiego Pana Marka Szczepa\u0144skiego, przeszli\u015bmy w pochodzie pod pomnik Chrystusa Kr\u00f3la, a nast\u0119pnie pod pomnik Or\u0142a [&hellip;]","og_url":"https:\/\/www.bzdz.pl\/technikum-mundurowe-chojnice\/obchody-swieta-3-maja\/","og_site_name":"Technikum Chojnice","article_published_time":"2019-05-03T11:49:58+00:00","og_image":[{"url":"https:\/\/www.bzdz.pl\/technikum-mundurowe-chojnice\/wp-content\/uploads\/2019\/05\/obchody_3maja.jpg","type":"","width":"","height":""}],"author":"Grazyna","twitter_card":"summary_large_image","twitter_misc":{"Napisane przez":"Grazyna"},"schema":{"@context":"https:\/\/schema.org","@graph":[{"@type":"Article","@id":"https:\/\/www.bzdz.pl\/technikum-mundurowe-chojnice\/obchody-swieta-3-maja\/#article","isPartOf":{"@id":"https:\/\/www.bzdz.pl\/technikum-mundurowe-chojnice\/obchody-swieta-3-maja\/"},"author":{"name":"Grazyna","@id":"https:\/\/www.bzdz.pl\/technikum-mundurowe-chojnice\/#\/schema\/person\/c19f0e8ffe0b8dc1624f7a8f9cff4f62"},"headline":"Obchody \u015awi\u0119ta 3 maja","datePublished":"2019-05-03T11:49:58+00:00","mainEntityOfPage":{"@id":"https:\/\/www.bzdz.pl\/technikum-mundurowe-chojnice\/obchody-swieta-3-maja\/"},"wordCount":85,"commentCount":0,"image":{"@id":"https:\/\/www.bzdz.pl\/technikum-mundurowe-chojnice\/obchody-swieta-3-maja\/#primaryimage"},"thumbnailUrl":"https:\/\/www.bzdz.pl\/technikum-mundurowe-chojnice\/wp-content\/uploads\/2019\/05\/obchody_3maja.jpg","articleSection":["Aktualno\u015bci"],"inLanguage":"pl-PL","potentialAction":[{"@type":"CommentAction","name":"Comment","target":["https:\/\/www.bzdz.pl\/technikum-mundurowe-chojnice\/obchody-swieta-3-maja\/#respond"]}]},{"@type":"WebPage","@id":"https:\/\/www.bzdz.pl\/technikum-mundurowe-chojnice\/obchody-swieta-3-maja\/","url":"https:\/\/www.bzdz.pl\/technikum-mundurowe-chojnice\/obchody-swieta-3-maja\/","name":"Obchody \u015awi\u0119ta 3 maja - Technikum Chojnice","isPartOf":{"@id":"https:\/\/www.bzdz.pl\/technikum-mundurowe-chojnice\/#website"},"primaryImageOfPage":{"@id":"https:\/\/www.bzdz.pl\/technikum-mundurowe-chojnice\/obchody-swieta-3-maja\/#primaryimage"},"image":{"@id":"https:\/\/www.bzdz.pl\/technikum-mundurowe-chojnice\/obchody-swieta-3-maja\/#primaryimage"},"thumbnailUrl":"https:\/\/www.bzdz.pl\/technikum-mundurowe-chojnice\/wp-content\/uploads\/2019\/05\/obchody_3maja.jpg","datePublished":"2019-05-03T11:49:58+00:00","author":{"@id":"https:\/\/www.bzdz.pl\/technikum-mundurowe-chojnice\/#\/schema\/person\/c19f0e8ffe0b8dc1624f7a8f9cff4f62"},"breadcrumb":{"@id":"https:\/\/www.bzdz.pl\/technikum-mundurowe-chojnice\/obchody-swieta-3-maja\/#breadcrumb"},"inLanguage":"pl-PL","potentialAction":[{"@type":"ReadAction","target":["https:\/\/www.bzdz.pl\/technikum-mundurowe-chojnice\/obchody-swieta-3-maja\/"]}]},{"@type":"ImageObject","inLanguage":"pl-PL","@id":"https:\/\/www.bzdz.pl\/technikum-mundurowe-chojnice\/obchody-swieta-3-maja\/#primaryimage","url":"https:\/\/www.bzdz.pl\/technikum-mundurowe-chojnice\/wp-content\/uploads\/2019\/05\/obchody_3maja.jpg","contentUrl":"https:\/\/www.bzdz.pl\/technikum-mundurowe-chojnice\/wp-content\/uploads\/2019\/05\/obchody_3maja.jpg"},{"@type":"BreadcrumbList","@id":"https:\/\/www.bzdz.pl\/technikum-mundurowe-chojnice\/obchody-swieta-3-maja\/#breadcrumb","itemListElement":[{"@type":"ListItem","position":1,"name":"Strona g\u0142\u00f3wna","item":"https:\/\/www.bzdz.pl\/technikum-mundurowe-chojnice\/"},{"@type":"ListItem","position":2,"name":"Obchody \u015awi\u0119ta 3 maja"}]},{"@type":"WebSite","@id":"https:\/\/www.bzdz.pl\/technikum-mundurowe-chojnice\/#website","url":"https:\/\/www.bzdz.pl\/technikum-mundurowe-chojnice\/","name":"Technikum Chojnice","description":"","potentialAction":[{"@type":"SearchAction","target":{"@type":"EntryPoint","urlTemplate":"https:\/\/www.bzdz.pl\/technikum-mundurowe-chojnice\/?s={search_term_string}"},"query-input":{"@type":"PropertyValueSpecification","valueRequired":true,"valueName":"search_term_string"}}],"inLanguage":"pl-PL"},{"@type":"Person","@id":"https:\/\/www.bzdz.pl\/technikum-mundurowe-chojnice\/#\/schema\/person\/c19f0e8ffe0b8dc1624f7a8f9cff4f62","name":"Grazyna","image":{"@type":"ImageObject","inLanguage":"pl-PL","@id":"https:\/\/secure.gravatar.com\/avatar\/919b07353b56d0b7427663fa72f79e5bf61a7b1b8a377e9094eb2a339baa1f9a?s=96&d=mm&r=g","url":"https:\/\/secure.gravatar.com\/avatar\/919b07353b56d0b7427663fa72f79e5bf61a7b1b8a377e9094eb2a339baa1f9a?s=96&d=mm&r=g","contentUrl":"https:\/\/secure.gravatar.com\/avatar\/919b07353b56d0b7427663fa72f79e5bf61a7b1b8a377e9094eb2a339baa1f9a?s=96&d=mm&r=g","caption":"Grazyna"}}]}},"_links":{"self":[{"href":"https:\/\/www.bzdz.pl\/technikum-mundurowe-chojnice\/wp-json\/wp\/v2\/posts\/7371","targetHints":{"allow":["GET"]}}],"collection":[{"href":"https:\/\/www.bzdz.pl\/technikum-mundurowe-chojnice\/wp-json\/wp\/v2\/posts"}],"about":[{"href":"https:\/\/www.bzdz.pl\/technikum-mundurowe-chojnice\/wp-json\/wp\/v2\/types\/post"}],"author":[{"embeddable":true,"href":"https:\/\/www.bzdz.pl\/technikum-mundurowe-chojnice\/wp-json\/wp\/v2\/users\/2"}],"replies":[{"embeddable":true,"href":"https:\/\/www.bzdz.pl\/technikum-mundurowe-chojnice\/wp-json\/wp\/v2\/comments?post=7371"}],"version-history":[{"count":0,"href":"https:\/\/www.bzdz.pl\/technikum-mundurowe-chojnice\/wp-json\/wp\/v2\/posts\/7371\/revisions"}],"wp:attachment":[{"href":"https:\/\/www.bzdz.pl\/technikum-mundurowe-chojnice\/wp-json\/wp\/v2\/media?parent=7371"}],"wp:term":[{"taxonomy":"category","embeddable":true,"href":"https:\/\/www.bzdz.pl\/technikum-mundurowe-chojnice\/wp-json\/wp\/v2\/categories?post=7371"},{"taxonomy":"post_tag","embeddable":true,"href":"https:\/\/www.bzdz.pl\/technikum-mundurowe-chojnice\/wp-json\/wp\/v2\/tags?post=7371"}],"curies":[{"name":"wp","href":"https:\/\/api.w.org\/{rel}","templated":true}]}}