{"id":4272,"date":"2017-03-22T13:32:38","date_gmt":"2017-03-22T12:32:38","guid":{"rendered":"https:\/\/www.bzdz.pl\/technikum-mundurowe-chojnice\/?p=4272"},"modified":"2017-03-22T13:32:38","modified_gmt":"2017-03-22T12:32:38","slug":"wizyta-uczniow-z-klas-o-profilu-sluzba-wiezienna-w-zakladzie-karnym-nr-1-w-grudziadzu","status":"publish","type":"post","link":"https:\/\/www.bzdz.pl\/technikum-mundurowe-chojnice\/wizyta-uczniow-z-klas-o-profilu-sluzba-wiezienna-w-zakladzie-karnym-nr-1-w-grudziadzu\/","title":{"rendered":"Wizyta uczni\u00f3w z klas o profilu s\u0142u\u017cba wi\u0119zienna w Zak\u0142adzie Karnym nr 1 w Grudzi\u0105dzu."},"content":{"rendered":"<p>&nbsp;<\/p>\n<p><img loading=\"lazy\" decoding=\"async\" class=\"alignleft\" title=\"\" src=\"https:\/\/lh5.googleusercontent.com\/proxy\/bA5trkMSuO7MWdyYfTLD7bLXJkiPObjtS4953mS7-jPjhqWwuCU2evjFuyT-bphQycvWM8NfrrTHI_rzLqtlsv4ue6P1GM8=w241-h160\" alt=\"\" width=\"241\" height=\"160\" \/>W poniedzia\u0142ek 20 marca grupa jedenastu uczni\u00f3w odwiedzi\u0142a jeden z najwi\u0119kszych zak\u0142ad\u00f3w karnych w okr\u0119gu bydgoskim. Wi\u0119zienie w Grudzi\u0105dzu jest zak\u0142adem karnym typu zamkni\u0119tego z oddzia\u0142em zak\u0142adu karnego typu p\u00f3\u0142otwartego i aresztu \u015bledczego dla kobiet. Kar\u0119 pozbawienia wolno\u015bci odbywaj\u0105 tam kobiety m\u0142odociane, odbywaj\u0105ce kar\u0119 pozbawienia wolno\u015bci po raz pierwszy i recydywistki. Jednostka jest tak\u017ce zak\u0142adem karnym typu p\u00f3\u0142otwartego dla m\u0119\u017cczyzn odbywaj\u0105cych kar\u0119 po raz pierwszy i m\u0142odocianych.Pojemno\u015b\u0107 jednostki to 1039 miejsca, w tym 26 miejsc w Domu dla Matki i Dziecka i 13 miejsc w oddziale ginekologiczno &#8211; po\u0142o\u017cniczym. W jednostce funkcjonuj\u0105: oddzia\u0142 terapeutyczny dla skazanych kobiet uzale\u017cnionych od alkoholu, oddzia\u0142 terapeutyczny dla skazanych z niepsychotycznymi zaburzeniami psychicznymi lub upo\u015bledzonych umys\u0142owo, oddzia\u0142 ginekologiczno &#8211; po\u0142o\u017cniczy, Dom dla Matki i Dziecka i Centrum Kszta\u0142cenia Ustawicznego.<\/p>\n<p>W trakcie wizyty uczniowie mieli okazj\u0119 w praktyce zapozna\u0107 si\u0119 z codziennymi obowi\u0105zkami funkcjonariuszy s\u0142u\u017cby wi\u0119ziennej. Na wej\u015bciu do zak\u0142adu przedstawiono im na czym polegaj\u0105 jedne z zabezpiecze\u0144 techniczno ochronnych w jednostce penitencjarnej, tj. urz\u0105dzenia do kontroli os\u00f3b oraz przedstawiono zasady wst\u0119pu oraz zasady poruszania si\u0119 po terenie. Wycieczka po zak\u0142adzie rozpocz\u0119\u0142a si\u0119 od wizyty w podziemiach, gdzie znajduje si\u0119 Izba Historii i Pami\u0119ci. Uczniowie obejrzeli kilkunastominutowy film przedstawiaj\u0105cy bogat\u0105 histori\u0119 zak\u0142adu. Nast\u0119pnie opiekun Izby opowiedzia\u0142 o znajduj\u0105cych si\u0119 tam eksponatach.<\/p>\n<p>Kolejnym elementem wycieczki by\u0142 wyk\u0142ad na temat prowadzonych oddzia\u0142ywa\u0144 resocjalizacyjnych wobec skazanych. Szczeg\u00f3ln\u0105 uwag\u0119 zwr\u00f3cono na walory wychowawcze pracy, kt\u00f3r\u0105 wykonuj\u0105 wi\u0119\u017aniowie. Pod dozorem wychowawcy uczniowie zapoznali si\u0119 ze specyfik\u0105 funkcjonowania oraz pe\u0142nienia s\u0142u\u017cby w Domu Matki Dziecka, oddziale terapeutycznym dla uzale\u017cnionych kobiet od alkoholu oraz oddziale terapeutycznym dla skazanych z niepsychotycznymi zaburzeniami psychicznymi.<\/p>\n<p>Dzi\u0119ki tej wizycie uczniowie po raz kolejny mieli okazj\u0119 poznania specyfiki pracy w s\u0142u\u017cbie wi\u0119ziennej.\u00a0<\/p>\n<div class=\"et_pb_slider et_pb_slider_fullwidth_off et_pb_gallery_post_type\">\n\t\t\t\t<div class=\"et_pb_slides\">\n\t\t\t\t\t<div class=\"et_pb_slide\" style=\"background: url(https:\/\/www.bzdz.pl\/technikum-mundurowe-chojnice\/wp-content\/uploads\/2017\/03\/DSCN0011-Copy-1.jpg);\"><\/div><div class=\"et_pb_slide\" style=\"background: url(https:\/\/www.bzdz.pl\/technikum-mundurowe-chojnice\/wp-content\/uploads\/2017\/03\/DSCN0012-Copy.jpg);\"><\/div><div class=\"et_pb_slide\" style=\"background: url(https:\/\/www.bzdz.pl\/technikum-mundurowe-chojnice\/wp-content\/uploads\/2017\/03\/DSCN0016-Copy.jpg);\"><\/div><div class=\"et_pb_slide\" style=\"background: url(https:\/\/www.bzdz.pl\/technikum-mundurowe-chojnice\/wp-content\/uploads\/2017\/03\/DSCN0017-Copy.jpg);\"><\/div>\n\t\t\t\t<\/div>\n\t\t\t<\/div>\n<p>\u00a0 \u00a0 \u00a0 \u00a0 \u00a0 \u00a0 \u00a0 \u00a0 \u00a0 \u00a0 \u00a0 \u00a0 \u00a0 \u00a0 \u00a0 \u00a0 \u00a0 \u00a0 \u00a0 \u00a0 \u00a0 \u00a0 \u00a0 \u00a0 \u00a0 \u00a0 \u00a0 \u00a0 \u00a0 \u00a0 \u00a0 \u00a0 \u00a0 \u00a0 \u00a0 \u00a0 \u00a0 \u00a0 \u00a0 \u00a0 \u00a0 \u00a0 \u00a0 \u00a0 \u00a0 \u00a0 \u00a0 \u00a0 \u00a0 \u00a0 \u00a0 \u00a0 \u00a0 \u00a0 \u00a0 \u00a0 \u00a0 \u00a0 \u00a0 \u00a0 \u00a0 \u00a0 \u00a0 \u00a0 \u00a0 \u00a0 \u00a0\u00a0<span style=\"font-size: 8pt;\"><em>tekst: Anna Kruk<\/em><\/span><\/p>\n","protected":false},"excerpt":{"rendered":"<p>&nbsp; W poniedzia\u0142ek 20 marca grupa jedenastu uczni\u00f3w odwiedzi\u0142a jeden z najwi\u0119kszych zak\u0142ad\u00f3w karnych w okr\u0119gu bydgoskim. Wi\u0119zienie w Grudzi\u0105dzu jest zak\u0142adem karnym typu zamkni\u0119tego z oddzia\u0142em zak\u0142adu karnego typu p\u00f3\u0142otwartego i aresztu \u015bledczego dla kobiet. Kar\u0119 pozbawienia wolno\u015bci odbywaj\u0105 tam kobiety m\u0142odociane, odbywaj\u0105ce kar\u0119 pozbawienia wolno\u015bci po raz pierwszy i recydywistki. Jednostka jest tak\u017ce [&hellip;]<\/p>\n","protected":false},"author":2,"featured_media":0,"comment_status":"open","ping_status":"closed","sticky":false,"template":"","format":"standard","meta":{"_et_pb_use_builder":"","_et_pb_old_content":"","_et_gb_content_width":"","footnotes":""},"categories":[1],"tags":[],"class_list":["post-4272","post","type-post","status-publish","format-standard","hentry","category-aktualnosci"],"yoast_head":"<!-- This site is optimized with the Yoast SEO plugin v28.4 - https:\/\/yoast.com\/product\/yoast-seo-wordpress\/ -->\n<title>Wizyta uczni\u00f3w z klas o profilu s\u0142u\u017cba wi\u0119zienna w Zak\u0142adzie Karnym nr 1 w Grudzi\u0105dzu. - Technikum Chojnice<\/title>\n<meta name=\"robots\" content=\"index, follow, max-snippet:-1, max-image-preview:large, max-video-preview:-1\" \/>\n<link rel=\"canonical\" href=\"https:\/\/www.bzdz.pl\/technikum-mundurowe-chojnice\/wizyta-uczniow-z-klas-o-profilu-sluzba-wiezienna-w-zakladzie-karnym-nr-1-w-grudziadzu\/\" \/>\n<meta property=\"og:locale\" content=\"pl_PL\" \/>\n<meta property=\"og:type\" content=\"article\" \/>\n<meta property=\"og:title\" content=\"Wizyta uczni\u00f3w z klas o profilu s\u0142u\u017cba wi\u0119zienna w Zak\u0142adzie Karnym nr 1 w Grudzi\u0105dzu. - Technikum Chojnice\" \/>\n<meta property=\"og:description\" content=\"&nbsp; W poniedzia\u0142ek 20 marca grupa jedenastu uczni\u00f3w odwiedzi\u0142a jeden z najwi\u0119kszych zak\u0142ad\u00f3w karnych w okr\u0119gu bydgoskim. Wi\u0119zienie w Grudzi\u0105dzu jest zak\u0142adem karnym typu zamkni\u0119tego z oddzia\u0142em zak\u0142adu karnego typu p\u00f3\u0142otwartego i aresztu \u015bledczego dla kobiet. Kar\u0119 pozbawienia wolno\u015bci odbywaj\u0105 tam kobiety m\u0142odociane, odbywaj\u0105ce kar\u0119 pozbawienia wolno\u015bci po raz pierwszy i recydywistki. Jednostka jest tak\u017ce [&hellip;]\" \/>\n<meta property=\"og:url\" content=\"https:\/\/www.bzdz.pl\/technikum-mundurowe-chojnice\/wizyta-uczniow-z-klas-o-profilu-sluzba-wiezienna-w-zakladzie-karnym-nr-1-w-grudziadzu\/\" \/>\n<meta property=\"og:site_name\" content=\"Technikum Chojnice\" \/>\n<meta property=\"article:published_time\" content=\"2017-03-22T12:32:38+00:00\" \/>\n<meta property=\"og:image\" content=\"https:\/\/lh5.googleusercontent.com\/proxy\/bA5trkMSuO7MWdyYfTLD7bLXJkiPObjtS4953mS7-jPjhqWwuCU2evjFuyT-bphQycvWM8NfrrTHI_rzLqtlsv4ue6P1GM8=w241-h160\" \/>\n<meta name=\"author\" content=\"Grazyna\" \/>\n<meta name=\"twitter:card\" content=\"summary_large_image\" \/>\n<meta name=\"twitter:label1\" content=\"Napisane przez\" \/>\n\t<meta name=\"twitter:data1\" content=\"Grazyna\" \/>\n\t<meta name=\"twitter:label2\" content=\"Szacowany czas czytania\" \/>\n\t<meta name=\"twitter:data2\" content=\"2 minuty\" \/>\n<script type=\"application\/ld+json\" class=\"yoast-schema-graph\">{\"@context\":\"https:\\\/\\\/schema.org\",\"@graph\":[{\"@type\":\"Article\",\"@id\":\"https:\\\/\\\/www.bzdz.pl\\\/technikum-mundurowe-chojnice\\\/wizyta-uczniow-z-klas-o-profilu-sluzba-wiezienna-w-zakladzie-karnym-nr-1-w-grudziadzu\\\/#article\",\"isPartOf\":{\"@id\":\"https:\\\/\\\/www.bzdz.pl\\\/technikum-mundurowe-chojnice\\\/wizyta-uczniow-z-klas-o-profilu-sluzba-wiezienna-w-zakladzie-karnym-nr-1-w-grudziadzu\\\/\"},\"author\":{\"name\":\"Grazyna\",\"@id\":\"https:\\\/\\\/www.bzdz.pl\\\/technikum-mundurowe-chojnice\\\/#\\\/schema\\\/person\\\/c19f0e8ffe0b8dc1624f7a8f9cff4f62\"},\"headline\":\"Wizyta uczni\u00f3w z klas o profilu s\u0142u\u017cba wi\u0119zienna w Zak\u0142adzie Karnym nr 1 w Grudzi\u0105dzu.\",\"datePublished\":\"2017-03-22T12:32:38+00:00\",\"mainEntityOfPage\":{\"@id\":\"https:\\\/\\\/www.bzdz.pl\\\/technikum-mundurowe-chojnice\\\/wizyta-uczniow-z-klas-o-profilu-sluzba-wiezienna-w-zakladzie-karnym-nr-1-w-grudziadzu\\\/\"},\"wordCount\":360,\"commentCount\":0,\"image\":{\"@id\":\"https:\\\/\\\/www.bzdz.pl\\\/technikum-mundurowe-chojnice\\\/wizyta-uczniow-z-klas-o-profilu-sluzba-wiezienna-w-zakladzie-karnym-nr-1-w-grudziadzu\\\/#primaryimage\"},\"thumbnailUrl\":\"https:\\\/\\\/lh5.googleusercontent.com\\\/proxy\\\/bA5trkMSuO7MWdyYfTLD7bLXJkiPObjtS4953mS7-jPjhqWwuCU2evjFuyT-bphQycvWM8NfrrTHI_rzLqtlsv4ue6P1GM8=w241-h160\",\"articleSection\":[\"Aktualno\u015bci\"],\"inLanguage\":\"pl-PL\",\"potentialAction\":[{\"@type\":\"CommentAction\",\"name\":\"Comment\",\"target\":[\"https:\\\/\\\/www.bzdz.pl\\\/technikum-mundurowe-chojnice\\\/wizyta-uczniow-z-klas-o-profilu-sluzba-wiezienna-w-zakladzie-karnym-nr-1-w-grudziadzu\\\/#respond\"]}]},{\"@type\":\"WebPage\",\"@id\":\"https:\\\/\\\/www.bzdz.pl\\\/technikum-mundurowe-chojnice\\\/wizyta-uczniow-z-klas-o-profilu-sluzba-wiezienna-w-zakladzie-karnym-nr-1-w-grudziadzu\\\/\",\"url\":\"https:\\\/\\\/www.bzdz.pl\\\/technikum-mundurowe-chojnice\\\/wizyta-uczniow-z-klas-o-profilu-sluzba-wiezienna-w-zakladzie-karnym-nr-1-w-grudziadzu\\\/\",\"name\":\"Wizyta uczni\u00f3w z klas o profilu s\u0142u\u017cba wi\u0119zienna w Zak\u0142adzie Karnym nr 1 w Grudzi\u0105dzu. - Technikum Chojnice\",\"isPartOf\":{\"@id\":\"https:\\\/\\\/www.bzdz.pl\\\/technikum-mundurowe-chojnice\\\/#website\"},\"primaryImageOfPage\":{\"@id\":\"https:\\\/\\\/www.bzdz.pl\\\/technikum-mundurowe-chojnice\\\/wizyta-uczniow-z-klas-o-profilu-sluzba-wiezienna-w-zakladzie-karnym-nr-1-w-grudziadzu\\\/#primaryimage\"},\"image\":{\"@id\":\"https:\\\/\\\/www.bzdz.pl\\\/technikum-mundurowe-chojnice\\\/wizyta-uczniow-z-klas-o-profilu-sluzba-wiezienna-w-zakladzie-karnym-nr-1-w-grudziadzu\\\/#primaryimage\"},\"thumbnailUrl\":\"https:\\\/\\\/lh5.googleusercontent.com\\\/proxy\\\/bA5trkMSuO7MWdyYfTLD7bLXJkiPObjtS4953mS7-jPjhqWwuCU2evjFuyT-bphQycvWM8NfrrTHI_rzLqtlsv4ue6P1GM8=w241-h160\",\"datePublished\":\"2017-03-22T12:32:38+00:00\",\"author\":{\"@id\":\"https:\\\/\\\/www.bzdz.pl\\\/technikum-mundurowe-chojnice\\\/#\\\/schema\\\/person\\\/c19f0e8ffe0b8dc1624f7a8f9cff4f62\"},\"breadcrumb\":{\"@id\":\"https:\\\/\\\/www.bzdz.pl\\\/technikum-mundurowe-chojnice\\\/wizyta-uczniow-z-klas-o-profilu-sluzba-wiezienna-w-zakladzie-karnym-nr-1-w-grudziadzu\\\/#breadcrumb\"},\"inLanguage\":\"pl-PL\",\"potentialAction\":[{\"@type\":\"ReadAction\",\"target\":[\"https:\\\/\\\/www.bzdz.pl\\\/technikum-mundurowe-chojnice\\\/wizyta-uczniow-z-klas-o-profilu-sluzba-wiezienna-w-zakladzie-karnym-nr-1-w-grudziadzu\\\/\"]}]},{\"@type\":\"ImageObject\",\"inLanguage\":\"pl-PL\",\"@id\":\"https:\\\/\\\/www.bzdz.pl\\\/technikum-mundurowe-chojnice\\\/wizyta-uczniow-z-klas-o-profilu-sluzba-wiezienna-w-zakladzie-karnym-nr-1-w-grudziadzu\\\/#primaryimage\",\"url\":\"https:\\\/\\\/lh5.googleusercontent.com\\\/proxy\\\/bA5trkMSuO7MWdyYfTLD7bLXJkiPObjtS4953mS7-jPjhqWwuCU2evjFuyT-bphQycvWM8NfrrTHI_rzLqtlsv4ue6P1GM8=w241-h160\",\"contentUrl\":\"https:\\\/\\\/lh5.googleusercontent.com\\\/proxy\\\/bA5trkMSuO7MWdyYfTLD7bLXJkiPObjtS4953mS7-jPjhqWwuCU2evjFuyT-bphQycvWM8NfrrTHI_rzLqtlsv4ue6P1GM8=w241-h160\"},{\"@type\":\"BreadcrumbList\",\"@id\":\"https:\\\/\\\/www.bzdz.pl\\\/technikum-mundurowe-chojnice\\\/wizyta-uczniow-z-klas-o-profilu-sluzba-wiezienna-w-zakladzie-karnym-nr-1-w-grudziadzu\\\/#breadcrumb\",\"itemListElement\":[{\"@type\":\"ListItem\",\"position\":1,\"name\":\"Strona g\u0142\u00f3wna\",\"item\":\"https:\\\/\\\/www.bzdz.pl\\\/technikum-mundurowe-chojnice\\\/\"},{\"@type\":\"ListItem\",\"position\":2,\"name\":\"Wizyta uczni\u00f3w z klas o profilu s\u0142u\u017cba wi\u0119zienna w Zak\u0142adzie Karnym nr 1 w Grudzi\u0105dzu.\"}]},{\"@type\":\"WebSite\",\"@id\":\"https:\\\/\\\/www.bzdz.pl\\\/technikum-mundurowe-chojnice\\\/#website\",\"url\":\"https:\\\/\\\/www.bzdz.pl\\\/technikum-mundurowe-chojnice\\\/\",\"name\":\"Technikum Chojnice\",\"description\":\"\",\"potentialAction\":[{\"@type\":\"SearchAction\",\"target\":{\"@type\":\"EntryPoint\",\"urlTemplate\":\"https:\\\/\\\/www.bzdz.pl\\\/technikum-mundurowe-chojnice\\\/?s={search_term_string}\"},\"query-input\":{\"@type\":\"PropertyValueSpecification\",\"valueRequired\":true,\"valueName\":\"search_term_string\"}}],\"inLanguage\":\"pl-PL\"},{\"@type\":\"Person\",\"@id\":\"https:\\\/\\\/www.bzdz.pl\\\/technikum-mundurowe-chojnice\\\/#\\\/schema\\\/person\\\/c19f0e8ffe0b8dc1624f7a8f9cff4f62\",\"name\":\"Grazyna\",\"image\":{\"@type\":\"ImageObject\",\"inLanguage\":\"pl-PL\",\"@id\":\"https:\\\/\\\/secure.gravatar.com\\\/avatar\\\/919b07353b56d0b7427663fa72f79e5bf61a7b1b8a377e9094eb2a339baa1f9a?s=96&d=mm&r=g\",\"url\":\"https:\\\/\\\/secure.gravatar.com\\\/avatar\\\/919b07353b56d0b7427663fa72f79e5bf61a7b1b8a377e9094eb2a339baa1f9a?s=96&d=mm&r=g\",\"contentUrl\":\"https:\\\/\\\/secure.gravatar.com\\\/avatar\\\/919b07353b56d0b7427663fa72f79e5bf61a7b1b8a377e9094eb2a339baa1f9a?s=96&d=mm&r=g\",\"caption\":\"Grazyna\"}}]}<\/script>\n<!-- \/ Yoast SEO plugin. -->","yoast_head_json":{"title":"Wizyta uczni\u00f3w z klas o profilu s\u0142u\u017cba wi\u0119zienna w Zak\u0142adzie Karnym nr 1 w Grudzi\u0105dzu. - Technikum Chojnice","robots":{"index":"index","follow":"follow","max-snippet":"max-snippet:-1","max-image-preview":"max-image-preview:large","max-video-preview":"max-video-preview:-1"},"canonical":"https:\/\/www.bzdz.pl\/technikum-mundurowe-chojnice\/wizyta-uczniow-z-klas-o-profilu-sluzba-wiezienna-w-zakladzie-karnym-nr-1-w-grudziadzu\/","og_locale":"pl_PL","og_type":"article","og_title":"Wizyta uczni\u00f3w z klas o profilu s\u0142u\u017cba wi\u0119zienna w Zak\u0142adzie Karnym nr 1 w Grudzi\u0105dzu. - Technikum Chojnice","og_description":"&nbsp; W poniedzia\u0142ek 20 marca grupa jedenastu uczni\u00f3w odwiedzi\u0142a jeden z najwi\u0119kszych zak\u0142ad\u00f3w karnych w okr\u0119gu bydgoskim. Wi\u0119zienie w Grudzi\u0105dzu jest zak\u0142adem karnym typu zamkni\u0119tego z oddzia\u0142em zak\u0142adu karnego typu p\u00f3\u0142otwartego i aresztu \u015bledczego dla kobiet. Kar\u0119 pozbawienia wolno\u015bci odbywaj\u0105 tam kobiety m\u0142odociane, odbywaj\u0105ce kar\u0119 pozbawienia wolno\u015bci po raz pierwszy i recydywistki. Jednostka jest tak\u017ce [&hellip;]","og_url":"https:\/\/www.bzdz.pl\/technikum-mundurowe-chojnice\/wizyta-uczniow-z-klas-o-profilu-sluzba-wiezienna-w-zakladzie-karnym-nr-1-w-grudziadzu\/","og_site_name":"Technikum Chojnice","article_published_time":"2017-03-22T12:32:38+00:00","og_image":[{"url":"https:\/\/lh5.googleusercontent.com\/proxy\/bA5trkMSuO7MWdyYfTLD7bLXJkiPObjtS4953mS7-jPjhqWwuCU2evjFuyT-bphQycvWM8NfrrTHI_rzLqtlsv4ue6P1GM8=w241-h160","type":"","width":"","height":""}],"author":"Grazyna","twitter_card":"summary_large_image","twitter_misc":{"Napisane przez":"Grazyna","Szacowany czas czytania":"2 minuty"},"schema":{"@context":"https:\/\/schema.org","@graph":[{"@type":"Article","@id":"https:\/\/www.bzdz.pl\/technikum-mundurowe-chojnice\/wizyta-uczniow-z-klas-o-profilu-sluzba-wiezienna-w-zakladzie-karnym-nr-1-w-grudziadzu\/#article","isPartOf":{"@id":"https:\/\/www.bzdz.pl\/technikum-mundurowe-chojnice\/wizyta-uczniow-z-klas-o-profilu-sluzba-wiezienna-w-zakladzie-karnym-nr-1-w-grudziadzu\/"},"author":{"name":"Grazyna","@id":"https:\/\/www.bzdz.pl\/technikum-mundurowe-chojnice\/#\/schema\/person\/c19f0e8ffe0b8dc1624f7a8f9cff4f62"},"headline":"Wizyta uczni\u00f3w z klas o profilu s\u0142u\u017cba wi\u0119zienna w Zak\u0142adzie Karnym nr 1 w Grudzi\u0105dzu.","datePublished":"2017-03-22T12:32:38+00:00","mainEntityOfPage":{"@id":"https:\/\/www.bzdz.pl\/technikum-mundurowe-chojnice\/wizyta-uczniow-z-klas-o-profilu-sluzba-wiezienna-w-zakladzie-karnym-nr-1-w-grudziadzu\/"},"wordCount":360,"commentCount":0,"image":{"@id":"https:\/\/www.bzdz.pl\/technikum-mundurowe-chojnice\/wizyta-uczniow-z-klas-o-profilu-sluzba-wiezienna-w-zakladzie-karnym-nr-1-w-grudziadzu\/#primaryimage"},"thumbnailUrl":"https:\/\/lh5.googleusercontent.com\/proxy\/bA5trkMSuO7MWdyYfTLD7bLXJkiPObjtS4953mS7-jPjhqWwuCU2evjFuyT-bphQycvWM8NfrrTHI_rzLqtlsv4ue6P1GM8=w241-h160","articleSection":["Aktualno\u015bci"],"inLanguage":"pl-PL","potentialAction":[{"@type":"CommentAction","name":"Comment","target":["https:\/\/www.bzdz.pl\/technikum-mundurowe-chojnice\/wizyta-uczniow-z-klas-o-profilu-sluzba-wiezienna-w-zakladzie-karnym-nr-1-w-grudziadzu\/#respond"]}]},{"@type":"WebPage","@id":"https:\/\/www.bzdz.pl\/technikum-mundurowe-chojnice\/wizyta-uczniow-z-klas-o-profilu-sluzba-wiezienna-w-zakladzie-karnym-nr-1-w-grudziadzu\/","url":"https:\/\/www.bzdz.pl\/technikum-mundurowe-chojnice\/wizyta-uczniow-z-klas-o-profilu-sluzba-wiezienna-w-zakladzie-karnym-nr-1-w-grudziadzu\/","name":"Wizyta uczni\u00f3w z klas o profilu s\u0142u\u017cba wi\u0119zienna w Zak\u0142adzie Karnym nr 1 w Grudzi\u0105dzu. - Technikum Chojnice","isPartOf":{"@id":"https:\/\/www.bzdz.pl\/technikum-mundurowe-chojnice\/#website"},"primaryImageOfPage":{"@id":"https:\/\/www.bzdz.pl\/technikum-mundurowe-chojnice\/wizyta-uczniow-z-klas-o-profilu-sluzba-wiezienna-w-zakladzie-karnym-nr-1-w-grudziadzu\/#primaryimage"},"image":{"@id":"https:\/\/www.bzdz.pl\/technikum-mundurowe-chojnice\/wizyta-uczniow-z-klas-o-profilu-sluzba-wiezienna-w-zakladzie-karnym-nr-1-w-grudziadzu\/#primaryimage"},"thumbnailUrl":"https:\/\/lh5.googleusercontent.com\/proxy\/bA5trkMSuO7MWdyYfTLD7bLXJkiPObjtS4953mS7-jPjhqWwuCU2evjFuyT-bphQycvWM8NfrrTHI_rzLqtlsv4ue6P1GM8=w241-h160","datePublished":"2017-03-22T12:32:38+00:00","author":{"@id":"https:\/\/www.bzdz.pl\/technikum-mundurowe-chojnice\/#\/schema\/person\/c19f0e8ffe0b8dc1624f7a8f9cff4f62"},"breadcrumb":{"@id":"https:\/\/www.bzdz.pl\/technikum-mundurowe-chojnice\/wizyta-uczniow-z-klas-o-profilu-sluzba-wiezienna-w-zakladzie-karnym-nr-1-w-grudziadzu\/#breadcrumb"},"inLanguage":"pl-PL","potentialAction":[{"@type":"ReadAction","target":["https:\/\/www.bzdz.pl\/technikum-mundurowe-chojnice\/wizyta-uczniow-z-klas-o-profilu-sluzba-wiezienna-w-zakladzie-karnym-nr-1-w-grudziadzu\/"]}]},{"@type":"ImageObject","inLanguage":"pl-PL","@id":"https:\/\/www.bzdz.pl\/technikum-mundurowe-chojnice\/wizyta-uczniow-z-klas-o-profilu-sluzba-wiezienna-w-zakladzie-karnym-nr-1-w-grudziadzu\/#primaryimage","url":"https:\/\/lh5.googleusercontent.com\/proxy\/bA5trkMSuO7MWdyYfTLD7bLXJkiPObjtS4953mS7-jPjhqWwuCU2evjFuyT-bphQycvWM8NfrrTHI_rzLqtlsv4ue6P1GM8=w241-h160","contentUrl":"https:\/\/lh5.googleusercontent.com\/proxy\/bA5trkMSuO7MWdyYfTLD7bLXJkiPObjtS4953mS7-jPjhqWwuCU2evjFuyT-bphQycvWM8NfrrTHI_rzLqtlsv4ue6P1GM8=w241-h160"},{"@type":"BreadcrumbList","@id":"https:\/\/www.bzdz.pl\/technikum-mundurowe-chojnice\/wizyta-uczniow-z-klas-o-profilu-sluzba-wiezienna-w-zakladzie-karnym-nr-1-w-grudziadzu\/#breadcrumb","itemListElement":[{"@type":"ListItem","position":1,"name":"Strona g\u0142\u00f3wna","item":"https:\/\/www.bzdz.pl\/technikum-mundurowe-chojnice\/"},{"@type":"ListItem","position":2,"name":"Wizyta uczni\u00f3w z klas o profilu s\u0142u\u017cba wi\u0119zienna w Zak\u0142adzie Karnym nr 1 w Grudzi\u0105dzu."}]},{"@type":"WebSite","@id":"https:\/\/www.bzdz.pl\/technikum-mundurowe-chojnice\/#website","url":"https:\/\/www.bzdz.pl\/technikum-mundurowe-chojnice\/","name":"Technikum Chojnice","description":"","potentialAction":[{"@type":"SearchAction","target":{"@type":"EntryPoint","urlTemplate":"https:\/\/www.bzdz.pl\/technikum-mundurowe-chojnice\/?s={search_term_string}"},"query-input":{"@type":"PropertyValueSpecification","valueRequired":true,"valueName":"search_term_string"}}],"inLanguage":"pl-PL"},{"@type":"Person","@id":"https:\/\/www.bzdz.pl\/technikum-mundurowe-chojnice\/#\/schema\/person\/c19f0e8ffe0b8dc1624f7a8f9cff4f62","name":"Grazyna","image":{"@type":"ImageObject","inLanguage":"pl-PL","@id":"https:\/\/secure.gravatar.com\/avatar\/919b07353b56d0b7427663fa72f79e5bf61a7b1b8a377e9094eb2a339baa1f9a?s=96&d=mm&r=g","url":"https:\/\/secure.gravatar.com\/avatar\/919b07353b56d0b7427663fa72f79e5bf61a7b1b8a377e9094eb2a339baa1f9a?s=96&d=mm&r=g","contentUrl":"https:\/\/secure.gravatar.com\/avatar\/919b07353b56d0b7427663fa72f79e5bf61a7b1b8a377e9094eb2a339baa1f9a?s=96&d=mm&r=g","caption":"Grazyna"}}]}},"_links":{"self":[{"href":"https:\/\/www.bzdz.pl\/technikum-mundurowe-chojnice\/wp-json\/wp\/v2\/posts\/4272","targetHints":{"allow":["GET"]}}],"collection":[{"href":"https:\/\/www.bzdz.pl\/technikum-mundurowe-chojnice\/wp-json\/wp\/v2\/posts"}],"about":[{"href":"https:\/\/www.bzdz.pl\/technikum-mundurowe-chojnice\/wp-json\/wp\/v2\/types\/post"}],"author":[{"embeddable":true,"href":"https:\/\/www.bzdz.pl\/technikum-mundurowe-chojnice\/wp-json\/wp\/v2\/users\/2"}],"replies":[{"embeddable":true,"href":"https:\/\/www.bzdz.pl\/technikum-mundurowe-chojnice\/wp-json\/wp\/v2\/comments?post=4272"}],"version-history":[{"count":0,"href":"https:\/\/www.bzdz.pl\/technikum-mundurowe-chojnice\/wp-json\/wp\/v2\/posts\/4272\/revisions"}],"wp:attachment":[{"href":"https:\/\/www.bzdz.pl\/technikum-mundurowe-chojnice\/wp-json\/wp\/v2\/media?parent=4272"}],"wp:term":[{"taxonomy":"category","embeddable":true,"href":"https:\/\/www.bzdz.pl\/technikum-mundurowe-chojnice\/wp-json\/wp\/v2\/categories?post=4272"},{"taxonomy":"post_tag","embeddable":true,"href":"https:\/\/www.bzdz.pl\/technikum-mundurowe-chojnice\/wp-json\/wp\/v2\/tags?post=4272"}],"curies":[{"name":"wp","href":"https:\/\/api.w.org\/{rel}","templated":true}]}}