{"id":22248,"date":"2026-04-29T12:32:59","date_gmt":"2026-04-29T10:32:59","guid":{"rendered":"https:\/\/www.bzdz.pl\/technikum-mundurowe-chojnice\/?p=22248"},"modified":"2026-04-29T12:32:59","modified_gmt":"2026-04-29T10:32:59","slug":"sukcesy-naszych-uczniow-w-zawodach-pierwszej-pomocy-i-obrony-cywilnej-%f0%9f%9a%91%f0%9f%9b%a1%ef%b8%8f","status":"publish","type":"post","link":"https:\/\/www.bzdz.pl\/technikum-mundurowe-chojnice\/sukcesy-naszych-uczniow-w-zawodach-pierwszej-pomocy-i-obrony-cywilnej-%f0%9f%9a%91%f0%9f%9b%a1%ef%b8%8f\/","title":{"rendered":"Sukcesy naszych uczni\u00f3w w zawodach pierwszej pomocy i obrony cywilnej! \ud83d\ude91\ud83d\udee1\ufe0f"},"content":{"rendered":"<p data-path-to-node=\"3\">Z dum\u0105 informujemy o kolejnych osi\u0105gni\u0119ciach reprezentacji naszej szko\u0142y! W miniony czwartek, 25 kwietnia, w Chojnicach odby\u0142y si\u0119 presti\u017cowe zmagania w ramach <b data-path-to-node=\"3\" data-index-in-node=\"160\">XXXII Og\u00f3lnopolskich Mistrzostw Pierwszej Pomocy PCK oraz wiedzy o Obronie Cywilnej i Zarz\u0105dzaniu Kryzysowym<\/b>.<\/p>\n<p data-path-to-node=\"4\">Nasi uczniowie wykazali si\u0119 ogromn\u0105 wiedz\u0105 teoretyczn\u0105 oraz umiej\u0119tno\u015bciami praktycznymi, zajmuj\u0105c wysokie miejsca w klasyfikacji powiatowej:<\/p>\n<p data-path-to-node=\"5\">\ud83c\udfc6 <b data-path-to-node=\"5\" data-index-in-node=\"3\">V MIEJSCE<\/b> \u2013 w konkursie wiedzy o <b data-path-to-node=\"5\" data-index-in-node=\"36\">Obronie Cywilnej i Zarz\u0105dzaniu Kryzysowym<\/b>.<\/p>\n<p data-path-to-node=\"5\">\ud83c\udfc6 <b data-path-to-node=\"5\" data-index-in-node=\"82\">VI MIEJSCE<\/b> \u2013 w etapie powiatowym <b data-path-to-node=\"5\" data-index-in-node=\"115\">Mistrzostw Pierwszej Pomocy Polskiego Czerwonego Krzy\u017ca<\/b>.<\/p>\n<p data-path-to-node=\"6\">Rywalizacja sta\u0142a na bardzo wysokim poziomie, a nasi kadeci musieli wykaza\u0107 si\u0119 opanowaniem, precyzj\u0105 i umiej\u0119tno\u015bci\u0105 wsp\u00f3\u0142dzia\u0142ania w sytuacjach symulowanego zagro\u017cenia \u017cycia.<\/p>\n<p data-path-to-node=\"7\">Gratulujemy ca\u0142ej dru\u017cynie hartu ducha i dzi\u0119kujemy za godne reprezentowanie Szko\u0142y Technicznej BZDZ w Chojnicach! S\u0142owa uznania kierujemy r\u00f3wnie\u017c do organizator\u00f3w: Starostwa Powiatowego w Chojnicach oraz Zarz\u0105du Rejonowego PCK.<\/p>\n<p data-path-to-node=\"8\">Brawo! Jeste\u015bmy z Was dumni! \ud83d\udc4f\ud83d\udcaa<\/p>\n<div class=\"et_pb_slider et_pb_slider_fullwidth_off et_pb_gallery_post_type\">\n\t\t\t\t<div class=\"et_pb_slides\">\n\t\t\t\t\t<div class=\"et_pb_slide\" style=\"background: url(https:\/\/www.bzdz.pl\/technikum-mundurowe-chojnice\/wp-content\/uploads\/2026\/04\/dyplom-pck.png);\"><\/div><div class=\"et_pb_slide\" style=\"background: url(https:\/\/www.bzdz.pl\/technikum-mundurowe-chojnice\/wp-content\/uploads\/2026\/04\/dyplom-v-miejsce.png);\"><\/div>\n\t\t\t\t<\/div>\n\t\t\t<\/div>\n","protected":false},"excerpt":{"rendered":"<p>Z dum\u0105 informujemy o kolejnych osi\u0105gni\u0119ciach reprezentacji naszej szko\u0142y! W miniony czwartek, 25 kwietnia, w Chojnicach odby\u0142y si\u0119 presti\u017cowe zmagania w ramach XXXII Og\u00f3lnopolskich Mistrzostw Pierwszej Pomocy PCK oraz wiedzy o Obronie Cywilnej i Zarz\u0105dzaniu Kryzysowym. Nasi uczniowie wykazali si\u0119 ogromn\u0105 wiedz\u0105 teoretyczn\u0105 oraz umiej\u0119tno\u015bciami praktycznymi, zajmuj\u0105c wysokie miejsca w klasyfikacji powiatowej: \ud83c\udfc6 V MIEJSCE [&hellip;]<\/p>\n","protected":false},"author":6,"featured_media":22249,"comment_status":"open","ping_status":"open","sticky":false,"template":"","format":"standard","meta":{"_et_pb_use_builder":"","_et_pb_old_content":"","_et_gb_content_width":"","footnotes":""},"categories":[1],"tags":[],"class_list":["post-22248","post","type-post","status-publish","format-standard","has-post-thumbnail","hentry","category-aktualnosci"],"yoast_head":"<!-- This site is optimized with the Yoast SEO plugin v27.5 - https:\/\/yoast.com\/product\/yoast-seo-wordpress\/ -->\n<title>Sukcesy naszych uczni\u00f3w w zawodach pierwszej pomocy i obrony cywilnej! \ud83d\ude91\ud83d\udee1\ufe0f - Technikum Chojnice<\/title>\n<meta name=\"robots\" content=\"index, follow, max-snippet:-1, max-image-preview:large, max-video-preview:-1\" \/>\n<link rel=\"canonical\" href=\"https:\/\/www.bzdz.pl\/technikum-mundurowe-chojnice\/sukcesy-naszych-uczniow-w-zawodach-pierwszej-pomocy-i-obrony-cywilnej-\ud83d\ude91\ud83d\udee1\ufe0f\/\" \/>\n<meta property=\"og:locale\" content=\"pl_PL\" \/>\n<meta property=\"og:type\" content=\"article\" \/>\n<meta property=\"og:title\" content=\"Sukcesy naszych uczni\u00f3w w zawodach pierwszej pomocy i obrony cywilnej! \ud83d\ude91\ud83d\udee1\ufe0f - Technikum Chojnice\" \/>\n<meta property=\"og:description\" content=\"Z dum\u0105 informujemy o kolejnych osi\u0105gni\u0119ciach reprezentacji naszej szko\u0142y! W miniony czwartek, 25 kwietnia, w Chojnicach odby\u0142y si\u0119 presti\u017cowe zmagania w ramach XXXII Og\u00f3lnopolskich Mistrzostw Pierwszej Pomocy PCK oraz wiedzy o Obronie Cywilnej i Zarz\u0105dzaniu Kryzysowym. Nasi uczniowie wykazali si\u0119 ogromn\u0105 wiedz\u0105 teoretyczn\u0105 oraz umiej\u0119tno\u015bciami praktycznymi, zajmuj\u0105c wysokie miejsca w klasyfikacji powiatowej: \ud83c\udfc6 V MIEJSCE [&hellip;]\" \/>\n<meta property=\"og:url\" content=\"https:\/\/www.bzdz.pl\/technikum-mundurowe-chojnice\/sukcesy-naszych-uczniow-w-zawodach-pierwszej-pomocy-i-obrony-cywilnej-\ud83d\ude91\ud83d\udee1\ufe0f\/\" \/>\n<meta property=\"og:site_name\" content=\"Technikum Chojnice\" \/>\n<meta property=\"article:published_time\" content=\"2026-04-29T10:32:59+00:00\" \/>\n<meta property=\"og:image\" content=\"https:\/\/www.bzdz.pl\/technikum-mundurowe-chojnice\/wp-content\/uploads\/2026\/04\/dyplom-pck.png\" \/>\n\t<meta property=\"og:image:width\" content=\"1170\" \/>\n\t<meta property=\"og:image:height\" content=\"763\" \/>\n\t<meta property=\"og:image:type\" content=\"image\/png\" \/>\n<meta name=\"author\" content=\"Przemys\u0142aw Podemski\" \/>\n<meta name=\"twitter:card\" content=\"summary_large_image\" \/>\n<meta name=\"twitter:label1\" content=\"Napisane przez\" \/>\n\t<meta name=\"twitter:data1\" content=\"Przemys\u0142aw Podemski\" \/>\n\t<meta name=\"twitter:label2\" content=\"Szacowany czas czytania\" \/>\n\t<meta name=\"twitter:data2\" content=\"2 minuty\" \/>\n<script type=\"application\/ld+json\" class=\"yoast-schema-graph\">{\"@context\":\"https:\\\/\\\/schema.org\",\"@graph\":[{\"@type\":\"Article\",\"@id\":\"https:\\\/\\\/www.bzdz.pl\\\/technikum-mundurowe-chojnice\\\/sukcesy-naszych-uczniow-w-zawodach-pierwszej-pomocy-i-obrony-cywilnej-%f0%9f%9a%91%f0%9f%9b%a1%ef%b8%8f\\\/#article\",\"isPartOf\":{\"@id\":\"https:\\\/\\\/www.bzdz.pl\\\/technikum-mundurowe-chojnice\\\/sukcesy-naszych-uczniow-w-zawodach-pierwszej-pomocy-i-obrony-cywilnej-%f0%9f%9a%91%f0%9f%9b%a1%ef%b8%8f\\\/\"},\"author\":{\"name\":\"Przemys\u0142aw Podemski\",\"@id\":\"https:\\\/\\\/www.bzdz.pl\\\/technikum-mundurowe-chojnice\\\/#\\\/schema\\\/person\\\/9f1e2b7e72ae0cb00e5b108859ec94f7\"},\"headline\":\"Sukcesy naszych uczni\u00f3w w zawodach pierwszej pomocy i obrony cywilnej! \ud83d\ude91\ud83d\udee1\ufe0f\",\"datePublished\":\"2026-04-29T10:32:59+00:00\",\"mainEntityOfPage\":{\"@id\":\"https:\\\/\\\/www.bzdz.pl\\\/technikum-mundurowe-chojnice\\\/sukcesy-naszych-uczniow-w-zawodach-pierwszej-pomocy-i-obrony-cywilnej-%f0%9f%9a%91%f0%9f%9b%a1%ef%b8%8f\\\/\"},\"wordCount\":169,\"commentCount\":0,\"image\":{\"@id\":\"https:\\\/\\\/www.bzdz.pl\\\/technikum-mundurowe-chojnice\\\/sukcesy-naszych-uczniow-w-zawodach-pierwszej-pomocy-i-obrony-cywilnej-%f0%9f%9a%91%f0%9f%9b%a1%ef%b8%8f\\\/#primaryimage\"},\"thumbnailUrl\":\"https:\\\/\\\/www.bzdz.pl\\\/technikum-mundurowe-chojnice\\\/wp-content\\\/uploads\\\/2026\\\/04\\\/dyplom-pck.png\",\"articleSection\":[\"Aktualno\u015bci\"],\"inLanguage\":\"pl-PL\",\"potentialAction\":[{\"@type\":\"CommentAction\",\"name\":\"Comment\",\"target\":[\"https:\\\/\\\/www.bzdz.pl\\\/technikum-mundurowe-chojnice\\\/sukcesy-naszych-uczniow-w-zawodach-pierwszej-pomocy-i-obrony-cywilnej-%f0%9f%9a%91%f0%9f%9b%a1%ef%b8%8f\\\/#respond\"]}]},{\"@type\":\"WebPage\",\"@id\":\"https:\\\/\\\/www.bzdz.pl\\\/technikum-mundurowe-chojnice\\\/sukcesy-naszych-uczniow-w-zawodach-pierwszej-pomocy-i-obrony-cywilnej-%f0%9f%9a%91%f0%9f%9b%a1%ef%b8%8f\\\/\",\"url\":\"https:\\\/\\\/www.bzdz.pl\\\/technikum-mundurowe-chojnice\\\/sukcesy-naszych-uczniow-w-zawodach-pierwszej-pomocy-i-obrony-cywilnej-%f0%9f%9a%91%f0%9f%9b%a1%ef%b8%8f\\\/\",\"name\":\"Sukcesy naszych uczni\u00f3w w zawodach pierwszej pomocy i obrony cywilnej! \ud83d\ude91\ud83d\udee1\ufe0f - Technikum Chojnice\",\"isPartOf\":{\"@id\":\"https:\\\/\\\/www.bzdz.pl\\\/technikum-mundurowe-chojnice\\\/#website\"},\"primaryImageOfPage\":{\"@id\":\"https:\\\/\\\/www.bzdz.pl\\\/technikum-mundurowe-chojnice\\\/sukcesy-naszych-uczniow-w-zawodach-pierwszej-pomocy-i-obrony-cywilnej-%f0%9f%9a%91%f0%9f%9b%a1%ef%b8%8f\\\/#primaryimage\"},\"image\":{\"@id\":\"https:\\\/\\\/www.bzdz.pl\\\/technikum-mundurowe-chojnice\\\/sukcesy-naszych-uczniow-w-zawodach-pierwszej-pomocy-i-obrony-cywilnej-%f0%9f%9a%91%f0%9f%9b%a1%ef%b8%8f\\\/#primaryimage\"},\"thumbnailUrl\":\"https:\\\/\\\/www.bzdz.pl\\\/technikum-mundurowe-chojnice\\\/wp-content\\\/uploads\\\/2026\\\/04\\\/dyplom-pck.png\",\"datePublished\":\"2026-04-29T10:32:59+00:00\",\"author\":{\"@id\":\"https:\\\/\\\/www.bzdz.pl\\\/technikum-mundurowe-chojnice\\\/#\\\/schema\\\/person\\\/9f1e2b7e72ae0cb00e5b108859ec94f7\"},\"breadcrumb\":{\"@id\":\"https:\\\/\\\/www.bzdz.pl\\\/technikum-mundurowe-chojnice\\\/sukcesy-naszych-uczniow-w-zawodach-pierwszej-pomocy-i-obrony-cywilnej-%f0%9f%9a%91%f0%9f%9b%a1%ef%b8%8f\\\/#breadcrumb\"},\"inLanguage\":\"pl-PL\",\"potentialAction\":[{\"@type\":\"ReadAction\",\"target\":[\"https:\\\/\\\/www.bzdz.pl\\\/technikum-mundurowe-chojnice\\\/sukcesy-naszych-uczniow-w-zawodach-pierwszej-pomocy-i-obrony-cywilnej-%f0%9f%9a%91%f0%9f%9b%a1%ef%b8%8f\\\/\"]}]},{\"@type\":\"ImageObject\",\"inLanguage\":\"pl-PL\",\"@id\":\"https:\\\/\\\/www.bzdz.pl\\\/technikum-mundurowe-chojnice\\\/sukcesy-naszych-uczniow-w-zawodach-pierwszej-pomocy-i-obrony-cywilnej-%f0%9f%9a%91%f0%9f%9b%a1%ef%b8%8f\\\/#primaryimage\",\"url\":\"https:\\\/\\\/www.bzdz.pl\\\/technikum-mundurowe-chojnice\\\/wp-content\\\/uploads\\\/2026\\\/04\\\/dyplom-pck.png\",\"contentUrl\":\"https:\\\/\\\/www.bzdz.pl\\\/technikum-mundurowe-chojnice\\\/wp-content\\\/uploads\\\/2026\\\/04\\\/dyplom-pck.png\",\"width\":1170,\"height\":763},{\"@type\":\"BreadcrumbList\",\"@id\":\"https:\\\/\\\/www.bzdz.pl\\\/technikum-mundurowe-chojnice\\\/sukcesy-naszych-uczniow-w-zawodach-pierwszej-pomocy-i-obrony-cywilnej-%f0%9f%9a%91%f0%9f%9b%a1%ef%b8%8f\\\/#breadcrumb\",\"itemListElement\":[{\"@type\":\"ListItem\",\"position\":1,\"name\":\"Strona g\u0142\u00f3wna\",\"item\":\"https:\\\/\\\/www.bzdz.pl\\\/technikum-mundurowe-chojnice\\\/\"},{\"@type\":\"ListItem\",\"position\":2,\"name\":\"Sukcesy naszych uczni\u00f3w w zawodach pierwszej pomocy i obrony cywilnej! \ud83d\ude91\ud83d\udee1\ufe0f\"}]},{\"@type\":\"WebSite\",\"@id\":\"https:\\\/\\\/www.bzdz.pl\\\/technikum-mundurowe-chojnice\\\/#website\",\"url\":\"https:\\\/\\\/www.bzdz.pl\\\/technikum-mundurowe-chojnice\\\/\",\"name\":\"Technikum Chojnice\",\"description\":\"\",\"potentialAction\":[{\"@type\":\"SearchAction\",\"target\":{\"@type\":\"EntryPoint\",\"urlTemplate\":\"https:\\\/\\\/www.bzdz.pl\\\/technikum-mundurowe-chojnice\\\/?s={search_term_string}\"},\"query-input\":{\"@type\":\"PropertyValueSpecification\",\"valueRequired\":true,\"valueName\":\"search_term_string\"}}],\"inLanguage\":\"pl-PL\"},{\"@type\":\"Person\",\"@id\":\"https:\\\/\\\/www.bzdz.pl\\\/technikum-mundurowe-chojnice\\\/#\\\/schema\\\/person\\\/9f1e2b7e72ae0cb00e5b108859ec94f7\",\"name\":\"Przemys\u0142aw Podemski\",\"image\":{\"@type\":\"ImageObject\",\"inLanguage\":\"pl-PL\",\"@id\":\"https:\\\/\\\/secure.gravatar.com\\\/avatar\\\/d29c4222801c7bc744f707fc56cbc7ede945b6cd8fa0cc56469e04ba1e466eec?s=96&d=mm&r=g\",\"url\":\"https:\\\/\\\/secure.gravatar.com\\\/avatar\\\/d29c4222801c7bc744f707fc56cbc7ede945b6cd8fa0cc56469e04ba1e466eec?s=96&d=mm&r=g\",\"contentUrl\":\"https:\\\/\\\/secure.gravatar.com\\\/avatar\\\/d29c4222801c7bc744f707fc56cbc7ede945b6cd8fa0cc56469e04ba1e466eec?s=96&d=mm&r=g\",\"caption\":\"Przemys\u0142aw Podemski\"}}]}<\/script>\n<!-- \/ Yoast SEO plugin. -->","yoast_head_json":{"title":"Sukcesy naszych uczni\u00f3w w zawodach pierwszej pomocy i obrony cywilnej! \ud83d\ude91\ud83d\udee1\ufe0f - Technikum Chojnice","robots":{"index":"index","follow":"follow","max-snippet":"max-snippet:-1","max-image-preview":"max-image-preview:large","max-video-preview":"max-video-preview:-1"},"canonical":"https:\/\/www.bzdz.pl\/technikum-mundurowe-chojnice\/sukcesy-naszych-uczniow-w-zawodach-pierwszej-pomocy-i-obrony-cywilnej-\ud83d\ude91\ud83d\udee1\ufe0f\/","og_locale":"pl_PL","og_type":"article","og_title":"Sukcesy naszych uczni\u00f3w w zawodach pierwszej pomocy i obrony cywilnej! \ud83d\ude91\ud83d\udee1\ufe0f - Technikum Chojnice","og_description":"Z dum\u0105 informujemy o kolejnych osi\u0105gni\u0119ciach reprezentacji naszej szko\u0142y! W miniony czwartek, 25 kwietnia, w Chojnicach odby\u0142y si\u0119 presti\u017cowe zmagania w ramach XXXII Og\u00f3lnopolskich Mistrzostw Pierwszej Pomocy PCK oraz wiedzy o Obronie Cywilnej i Zarz\u0105dzaniu Kryzysowym. Nasi uczniowie wykazali si\u0119 ogromn\u0105 wiedz\u0105 teoretyczn\u0105 oraz umiej\u0119tno\u015bciami praktycznymi, zajmuj\u0105c wysokie miejsca w klasyfikacji powiatowej: \ud83c\udfc6 V MIEJSCE [&hellip;]","og_url":"https:\/\/www.bzdz.pl\/technikum-mundurowe-chojnice\/sukcesy-naszych-uczniow-w-zawodach-pierwszej-pomocy-i-obrony-cywilnej-\ud83d\ude91\ud83d\udee1\ufe0f\/","og_site_name":"Technikum Chojnice","article_published_time":"2026-04-29T10:32:59+00:00","og_image":[{"width":1170,"height":763,"url":"https:\/\/www.bzdz.pl\/technikum-mundurowe-chojnice\/wp-content\/uploads\/2026\/04\/dyplom-pck.png","type":"image\/png"}],"author":"Przemys\u0142aw Podemski","twitter_card":"summary_large_image","twitter_misc":{"Napisane przez":"Przemys\u0142aw Podemski","Szacowany czas czytania":"2 minuty"},"schema":{"@context":"https:\/\/schema.org","@graph":[{"@type":"Article","@id":"https:\/\/www.bzdz.pl\/technikum-mundurowe-chojnice\/sukcesy-naszych-uczniow-w-zawodach-pierwszej-pomocy-i-obrony-cywilnej-%f0%9f%9a%91%f0%9f%9b%a1%ef%b8%8f\/#article","isPartOf":{"@id":"https:\/\/www.bzdz.pl\/technikum-mundurowe-chojnice\/sukcesy-naszych-uczniow-w-zawodach-pierwszej-pomocy-i-obrony-cywilnej-%f0%9f%9a%91%f0%9f%9b%a1%ef%b8%8f\/"},"author":{"name":"Przemys\u0142aw Podemski","@id":"https:\/\/www.bzdz.pl\/technikum-mundurowe-chojnice\/#\/schema\/person\/9f1e2b7e72ae0cb00e5b108859ec94f7"},"headline":"Sukcesy naszych uczni\u00f3w w zawodach pierwszej pomocy i obrony cywilnej! \ud83d\ude91\ud83d\udee1\ufe0f","datePublished":"2026-04-29T10:32:59+00:00","mainEntityOfPage":{"@id":"https:\/\/www.bzdz.pl\/technikum-mundurowe-chojnice\/sukcesy-naszych-uczniow-w-zawodach-pierwszej-pomocy-i-obrony-cywilnej-%f0%9f%9a%91%f0%9f%9b%a1%ef%b8%8f\/"},"wordCount":169,"commentCount":0,"image":{"@id":"https:\/\/www.bzdz.pl\/technikum-mundurowe-chojnice\/sukcesy-naszych-uczniow-w-zawodach-pierwszej-pomocy-i-obrony-cywilnej-%f0%9f%9a%91%f0%9f%9b%a1%ef%b8%8f\/#primaryimage"},"thumbnailUrl":"https:\/\/www.bzdz.pl\/technikum-mundurowe-chojnice\/wp-content\/uploads\/2026\/04\/dyplom-pck.png","articleSection":["Aktualno\u015bci"],"inLanguage":"pl-PL","potentialAction":[{"@type":"CommentAction","name":"Comment","target":["https:\/\/www.bzdz.pl\/technikum-mundurowe-chojnice\/sukcesy-naszych-uczniow-w-zawodach-pierwszej-pomocy-i-obrony-cywilnej-%f0%9f%9a%91%f0%9f%9b%a1%ef%b8%8f\/#respond"]}]},{"@type":"WebPage","@id":"https:\/\/www.bzdz.pl\/technikum-mundurowe-chojnice\/sukcesy-naszych-uczniow-w-zawodach-pierwszej-pomocy-i-obrony-cywilnej-%f0%9f%9a%91%f0%9f%9b%a1%ef%b8%8f\/","url":"https:\/\/www.bzdz.pl\/technikum-mundurowe-chojnice\/sukcesy-naszych-uczniow-w-zawodach-pierwszej-pomocy-i-obrony-cywilnej-%f0%9f%9a%91%f0%9f%9b%a1%ef%b8%8f\/","name":"Sukcesy naszych uczni\u00f3w w zawodach pierwszej pomocy i obrony cywilnej! \ud83d\ude91\ud83d\udee1\ufe0f - Technikum Chojnice","isPartOf":{"@id":"https:\/\/www.bzdz.pl\/technikum-mundurowe-chojnice\/#website"},"primaryImageOfPage":{"@id":"https:\/\/www.bzdz.pl\/technikum-mundurowe-chojnice\/sukcesy-naszych-uczniow-w-zawodach-pierwszej-pomocy-i-obrony-cywilnej-%f0%9f%9a%91%f0%9f%9b%a1%ef%b8%8f\/#primaryimage"},"image":{"@id":"https:\/\/www.bzdz.pl\/technikum-mundurowe-chojnice\/sukcesy-naszych-uczniow-w-zawodach-pierwszej-pomocy-i-obrony-cywilnej-%f0%9f%9a%91%f0%9f%9b%a1%ef%b8%8f\/#primaryimage"},"thumbnailUrl":"https:\/\/www.bzdz.pl\/technikum-mundurowe-chojnice\/wp-content\/uploads\/2026\/04\/dyplom-pck.png","datePublished":"2026-04-29T10:32:59+00:00","author":{"@id":"https:\/\/www.bzdz.pl\/technikum-mundurowe-chojnice\/#\/schema\/person\/9f1e2b7e72ae0cb00e5b108859ec94f7"},"breadcrumb":{"@id":"https:\/\/www.bzdz.pl\/technikum-mundurowe-chojnice\/sukcesy-naszych-uczniow-w-zawodach-pierwszej-pomocy-i-obrony-cywilnej-%f0%9f%9a%91%f0%9f%9b%a1%ef%b8%8f\/#breadcrumb"},"inLanguage":"pl-PL","potentialAction":[{"@type":"ReadAction","target":["https:\/\/www.bzdz.pl\/technikum-mundurowe-chojnice\/sukcesy-naszych-uczniow-w-zawodach-pierwszej-pomocy-i-obrony-cywilnej-%f0%9f%9a%91%f0%9f%9b%a1%ef%b8%8f\/"]}]},{"@type":"ImageObject","inLanguage":"pl-PL","@id":"https:\/\/www.bzdz.pl\/technikum-mundurowe-chojnice\/sukcesy-naszych-uczniow-w-zawodach-pierwszej-pomocy-i-obrony-cywilnej-%f0%9f%9a%91%f0%9f%9b%a1%ef%b8%8f\/#primaryimage","url":"https:\/\/www.bzdz.pl\/technikum-mundurowe-chojnice\/wp-content\/uploads\/2026\/04\/dyplom-pck.png","contentUrl":"https:\/\/www.bzdz.pl\/technikum-mundurowe-chojnice\/wp-content\/uploads\/2026\/04\/dyplom-pck.png","width":1170,"height":763},{"@type":"BreadcrumbList","@id":"https:\/\/www.bzdz.pl\/technikum-mundurowe-chojnice\/sukcesy-naszych-uczniow-w-zawodach-pierwszej-pomocy-i-obrony-cywilnej-%f0%9f%9a%91%f0%9f%9b%a1%ef%b8%8f\/#breadcrumb","itemListElement":[{"@type":"ListItem","position":1,"name":"Strona g\u0142\u00f3wna","item":"https:\/\/www.bzdz.pl\/technikum-mundurowe-chojnice\/"},{"@type":"ListItem","position":2,"name":"Sukcesy naszych uczni\u00f3w w zawodach pierwszej pomocy i obrony cywilnej! \ud83d\ude91\ud83d\udee1\ufe0f"}]},{"@type":"WebSite","@id":"https:\/\/www.bzdz.pl\/technikum-mundurowe-chojnice\/#website","url":"https:\/\/www.bzdz.pl\/technikum-mundurowe-chojnice\/","name":"Technikum Chojnice","description":"","potentialAction":[{"@type":"SearchAction","target":{"@type":"EntryPoint","urlTemplate":"https:\/\/www.bzdz.pl\/technikum-mundurowe-chojnice\/?s={search_term_string}"},"query-input":{"@type":"PropertyValueSpecification","valueRequired":true,"valueName":"search_term_string"}}],"inLanguage":"pl-PL"},{"@type":"Person","@id":"https:\/\/www.bzdz.pl\/technikum-mundurowe-chojnice\/#\/schema\/person\/9f1e2b7e72ae0cb00e5b108859ec94f7","name":"Przemys\u0142aw Podemski","image":{"@type":"ImageObject","inLanguage":"pl-PL","@id":"https:\/\/secure.gravatar.com\/avatar\/d29c4222801c7bc744f707fc56cbc7ede945b6cd8fa0cc56469e04ba1e466eec?s=96&d=mm&r=g","url":"https:\/\/secure.gravatar.com\/avatar\/d29c4222801c7bc744f707fc56cbc7ede945b6cd8fa0cc56469e04ba1e466eec?s=96&d=mm&r=g","contentUrl":"https:\/\/secure.gravatar.com\/avatar\/d29c4222801c7bc744f707fc56cbc7ede945b6cd8fa0cc56469e04ba1e466eec?s=96&d=mm&r=g","caption":"Przemys\u0142aw Podemski"}}]}},"_links":{"self":[{"href":"https:\/\/www.bzdz.pl\/technikum-mundurowe-chojnice\/wp-json\/wp\/v2\/posts\/22248","targetHints":{"allow":["GET"]}}],"collection":[{"href":"https:\/\/www.bzdz.pl\/technikum-mundurowe-chojnice\/wp-json\/wp\/v2\/posts"}],"about":[{"href":"https:\/\/www.bzdz.pl\/technikum-mundurowe-chojnice\/wp-json\/wp\/v2\/types\/post"}],"author":[{"embeddable":true,"href":"https:\/\/www.bzdz.pl\/technikum-mundurowe-chojnice\/wp-json\/wp\/v2\/users\/6"}],"replies":[{"embeddable":true,"href":"https:\/\/www.bzdz.pl\/technikum-mundurowe-chojnice\/wp-json\/wp\/v2\/comments?post=22248"}],"version-history":[{"count":1,"href":"https:\/\/www.bzdz.pl\/technikum-mundurowe-chojnice\/wp-json\/wp\/v2\/posts\/22248\/revisions"}],"predecessor-version":[{"id":22251,"href":"https:\/\/www.bzdz.pl\/technikum-mundurowe-chojnice\/wp-json\/wp\/v2\/posts\/22248\/revisions\/22251"}],"wp:featuredmedia":[{"embeddable":true,"href":"https:\/\/www.bzdz.pl\/technikum-mundurowe-chojnice\/wp-json\/wp\/v2\/media\/22249"}],"wp:attachment":[{"href":"https:\/\/www.bzdz.pl\/technikum-mundurowe-chojnice\/wp-json\/wp\/v2\/media?parent=22248"}],"wp:term":[{"taxonomy":"category","embeddable":true,"href":"https:\/\/www.bzdz.pl\/technikum-mundurowe-chojnice\/wp-json\/wp\/v2\/categories?post=22248"},{"taxonomy":"post_tag","embeddable":true,"href":"https:\/\/www.bzdz.pl\/technikum-mundurowe-chojnice\/wp-json\/wp\/v2\/tags?post=22248"}],"curies":[{"name":"wp","href":"https:\/\/api.w.org\/{rel}","templated":true}]}}