{"id":22226,"date":"2026-04-27T11:01:30","date_gmt":"2026-04-27T09:01:30","guid":{"rendered":"https:\/\/www.bzdz.pl\/technikum-mundurowe-chojnice\/?p=22226"},"modified":"2026-04-27T11:01:30","modified_gmt":"2026-04-27T09:01:30","slug":"z-glebokim-zalem-zegnamy-nasza-uczennice","status":"publish","type":"post","link":"https:\/\/www.bzdz.pl\/technikum-mundurowe-chojnice\/z-glebokim-zalem-zegnamy-nasza-uczennice\/","title":{"rendered":"Z g\u0142\u0119bokim \u017calem \u017cegnamy nasz\u0105 Uczennic\u0119"},"content":{"rendered":"<p>Z ogromnym smutkiem i ogromnym \u017calem przyj\u0119li\u015bmy wiadomo\u015b\u0107, \u017ce <strong>22 kwietnia 2026 roku<\/strong>, w wieku 19 lat, odesz\u0142a od nas<\/p>\n<p><strong>\u015ap. Klaudia Dronzkowska<\/strong><\/p>\n<p>W imieniu ca\u0142ej spo\u0142eczno\u015bci Szko\u0142y Technicznej im. Dywizjonu 303 BZDZ Chojnicach sk\u0142adamy Rodzinie i Bliskim oraz wszystkim pogr\u0105\u017conym w \u017ca\u0142obie najszczersze kondolencje i wyrazy g\u0142\u0119bokiego wsp\u00f3\u0142czucia. \u00a0<\/p>\n<p><strong>Msza \u017ca\u0142obna zostanie odprawiona w pi\u0105tek, 1 maja 2026 roku o godz. 13.00, w ko\u015bciele parafialnym pw. Podwy\u017cszenia Krzy\u017ca \u015awi\u0119tego w Cekcynie.<\/strong><\/p>\n<p><strong><i><span style=\"font-family: 'Calibri',sans-serif;\">[*] <\/span><\/i><\/strong><\/p>\n<p><strong><i><span style=\"font-family: 'Calibri',sans-serif;\">\u201eOdesz\u0142a\u015b cicho, bez s\u0142\u00f3w po\u017cegnania.\u00a0<\/span><\/i><\/strong><\/p>\n<p><em><b><span style=\"font-family: 'Calibri',sans-serif;\">Tak jakby\u015b nie chcia\u0142a swym odej\u015bciem smuci\u0107\u2026\u00a0<\/span><\/b><\/em><\/p>\n<p><em><b><span style=\"font-family: 'Calibri',sans-serif;\">tak jakby\u015b wierzy\u0142a w godzin\u0119 rozstania,\u00a0<\/span><\/b><\/em><\/p>\n<p><em><b><span style=\"font-family: 'Calibri',sans-serif;\">\u017ce masz niebawem z dobr\u0105 wie\u015bci\u0105 wr\u00f3ci\u0107\u201d\u00a0<\/span><\/b><\/em><\/p>\n<p>ks. Jan Twardowski\u00a0<\/p>\n<div class=\"et_pb_slider et_pb_slider_fullwidth_off et_pb_gallery_post_type\">\n\t\t\t\t<div class=\"et_pb_slides\">\n\t\t\t\t\t<div class=\"et_pb_slide\" style=\"background: url(https:\/\/www.bzdz.pl\/technikum-mundurowe-chojnice\/wp-content\/uploads\/2026\/04\/1000021941.jpg);\"><\/div>\n\t\t\t\t<\/div>\n\t\t\t<\/div>\n","protected":false},"excerpt":{"rendered":"<p>Z ogromnym smutkiem i ogromnym \u017calem przyj\u0119li\u015bmy wiadomo\u015b\u0107, \u017ce 22 kwietnia 2026 roku, w wieku 19 lat, odesz\u0142a od nas \u015ap. Klaudia Dronzkowska W imieniu ca\u0142ej spo\u0142eczno\u015bci Szko\u0142y Technicznej im. Dywizjonu 303 BZDZ Chojnicach sk\u0142adamy Rodzinie i Bliskim oraz wszystkim pogr\u0105\u017conym w \u017ca\u0142obie najszczersze kondolencje i wyrazy g\u0142\u0119bokiego wsp\u00f3\u0142czucia. \u00a0 Msza \u017ca\u0142obna zostanie odprawiona w [&hellip;]<\/p>\n","protected":false},"author":6,"featured_media":22228,"comment_status":"open","ping_status":"open","sticky":false,"template":"","format":"standard","meta":{"_et_pb_use_builder":"","_et_pb_old_content":"","_et_gb_content_width":"","footnotes":""},"categories":[1],"tags":[],"class_list":["post-22226","post","type-post","status-publish","format-standard","has-post-thumbnail","hentry","category-aktualnosci"],"yoast_head":"<!-- This site is optimized with the Yoast SEO plugin v27.5 - https:\/\/yoast.com\/product\/yoast-seo-wordpress\/ -->\n<title>Z g\u0142\u0119bokim \u017calem \u017cegnamy nasz\u0105 Uczennic\u0119 - Technikum Chojnice<\/title>\n<meta name=\"robots\" content=\"index, follow, max-snippet:-1, max-image-preview:large, max-video-preview:-1\" \/>\n<link rel=\"canonical\" href=\"https:\/\/www.bzdz.pl\/technikum-mundurowe-chojnice\/z-glebokim-zalem-zegnamy-nasza-uczennice\/\" \/>\n<meta property=\"og:locale\" content=\"pl_PL\" \/>\n<meta property=\"og:type\" content=\"article\" \/>\n<meta property=\"og:title\" content=\"Z g\u0142\u0119bokim \u017calem \u017cegnamy nasz\u0105 Uczennic\u0119 - Technikum Chojnice\" \/>\n<meta property=\"og:description\" content=\"Z ogromnym smutkiem i ogromnym \u017calem przyj\u0119li\u015bmy wiadomo\u015b\u0107, \u017ce 22 kwietnia 2026 roku, w wieku 19 lat, odesz\u0142a od nas \u015ap. Klaudia Dronzkowska W imieniu ca\u0142ej spo\u0142eczno\u015bci Szko\u0142y Technicznej im. Dywizjonu 303 BZDZ Chojnicach sk\u0142adamy Rodzinie i Bliskim oraz wszystkim pogr\u0105\u017conym w \u017ca\u0142obie najszczersze kondolencje i wyrazy g\u0142\u0119bokiego wsp\u00f3\u0142czucia. \u00a0 Msza \u017ca\u0142obna zostanie odprawiona w [&hellip;]\" \/>\n<meta property=\"og:url\" content=\"https:\/\/www.bzdz.pl\/technikum-mundurowe-chojnice\/z-glebokim-zalem-zegnamy-nasza-uczennice\/\" \/>\n<meta property=\"og:site_name\" content=\"Technikum Chojnice\" \/>\n<meta property=\"article:published_time\" content=\"2026-04-27T09:01:30+00:00\" \/>\n<meta property=\"og:image\" content=\"https:\/\/www.bzdz.pl\/technikum-mundurowe-chojnice\/wp-content\/uploads\/2026\/04\/znicz.jpg\" \/>\n\t<meta property=\"og:image:width\" content=\"565\" \/>\n\t<meta property=\"og:image:height\" content=\"360\" \/>\n\t<meta property=\"og:image:type\" content=\"image\/jpeg\" \/>\n<meta name=\"author\" content=\"Przemys\u0142aw Podemski\" \/>\n<meta name=\"twitter:card\" content=\"summary_large_image\" \/>\n<meta name=\"twitter:label1\" content=\"Napisane przez\" \/>\n\t<meta name=\"twitter:data1\" content=\"Przemys\u0142aw Podemski\" \/>\n\t<meta name=\"twitter:label2\" content=\"Szacowany czas czytania\" \/>\n\t<meta name=\"twitter:data2\" content=\"1 minuta\" \/>\n<script type=\"application\/ld+json\" class=\"yoast-schema-graph\">{\"@context\":\"https:\\\/\\\/schema.org\",\"@graph\":[{\"@type\":\"Article\",\"@id\":\"https:\\\/\\\/www.bzdz.pl\\\/technikum-mundurowe-chojnice\\\/z-glebokim-zalem-zegnamy-nasza-uczennice\\\/#article\",\"isPartOf\":{\"@id\":\"https:\\\/\\\/www.bzdz.pl\\\/technikum-mundurowe-chojnice\\\/z-glebokim-zalem-zegnamy-nasza-uczennice\\\/\"},\"author\":{\"name\":\"Przemys\u0142aw Podemski\",\"@id\":\"https:\\\/\\\/www.bzdz.pl\\\/technikum-mundurowe-chojnice\\\/#\\\/schema\\\/person\\\/9f1e2b7e72ae0cb00e5b108859ec94f7\"},\"headline\":\"Z g\u0142\u0119bokim \u017calem \u017cegnamy nasz\u0105 Uczennic\u0119\",\"datePublished\":\"2026-04-27T09:01:30+00:00\",\"mainEntityOfPage\":{\"@id\":\"https:\\\/\\\/www.bzdz.pl\\\/technikum-mundurowe-chojnice\\\/z-glebokim-zalem-zegnamy-nasza-uczennice\\\/\"},\"wordCount\":127,\"commentCount\":0,\"image\":{\"@id\":\"https:\\\/\\\/www.bzdz.pl\\\/technikum-mundurowe-chojnice\\\/z-glebokim-zalem-zegnamy-nasza-uczennice\\\/#primaryimage\"},\"thumbnailUrl\":\"https:\\\/\\\/www.bzdz.pl\\\/technikum-mundurowe-chojnice\\\/wp-content\\\/uploads\\\/2026\\\/04\\\/znicz.jpg\",\"articleSection\":[\"Aktualno\u015bci\"],\"inLanguage\":\"pl-PL\",\"potentialAction\":[{\"@type\":\"CommentAction\",\"name\":\"Comment\",\"target\":[\"https:\\\/\\\/www.bzdz.pl\\\/technikum-mundurowe-chojnice\\\/z-glebokim-zalem-zegnamy-nasza-uczennice\\\/#respond\"]}]},{\"@type\":\"WebPage\",\"@id\":\"https:\\\/\\\/www.bzdz.pl\\\/technikum-mundurowe-chojnice\\\/z-glebokim-zalem-zegnamy-nasza-uczennice\\\/\",\"url\":\"https:\\\/\\\/www.bzdz.pl\\\/technikum-mundurowe-chojnice\\\/z-glebokim-zalem-zegnamy-nasza-uczennice\\\/\",\"name\":\"Z g\u0142\u0119bokim \u017calem \u017cegnamy nasz\u0105 Uczennic\u0119 - Technikum Chojnice\",\"isPartOf\":{\"@id\":\"https:\\\/\\\/www.bzdz.pl\\\/technikum-mundurowe-chojnice\\\/#website\"},\"primaryImageOfPage\":{\"@id\":\"https:\\\/\\\/www.bzdz.pl\\\/technikum-mundurowe-chojnice\\\/z-glebokim-zalem-zegnamy-nasza-uczennice\\\/#primaryimage\"},\"image\":{\"@id\":\"https:\\\/\\\/www.bzdz.pl\\\/technikum-mundurowe-chojnice\\\/z-glebokim-zalem-zegnamy-nasza-uczennice\\\/#primaryimage\"},\"thumbnailUrl\":\"https:\\\/\\\/www.bzdz.pl\\\/technikum-mundurowe-chojnice\\\/wp-content\\\/uploads\\\/2026\\\/04\\\/znicz.jpg\",\"datePublished\":\"2026-04-27T09:01:30+00:00\",\"author\":{\"@id\":\"https:\\\/\\\/www.bzdz.pl\\\/technikum-mundurowe-chojnice\\\/#\\\/schema\\\/person\\\/9f1e2b7e72ae0cb00e5b108859ec94f7\"},\"breadcrumb\":{\"@id\":\"https:\\\/\\\/www.bzdz.pl\\\/technikum-mundurowe-chojnice\\\/z-glebokim-zalem-zegnamy-nasza-uczennice\\\/#breadcrumb\"},\"inLanguage\":\"pl-PL\",\"potentialAction\":[{\"@type\":\"ReadAction\",\"target\":[\"https:\\\/\\\/www.bzdz.pl\\\/technikum-mundurowe-chojnice\\\/z-glebokim-zalem-zegnamy-nasza-uczennice\\\/\"]}]},{\"@type\":\"ImageObject\",\"inLanguage\":\"pl-PL\",\"@id\":\"https:\\\/\\\/www.bzdz.pl\\\/technikum-mundurowe-chojnice\\\/z-glebokim-zalem-zegnamy-nasza-uczennice\\\/#primaryimage\",\"url\":\"https:\\\/\\\/www.bzdz.pl\\\/technikum-mundurowe-chojnice\\\/wp-content\\\/uploads\\\/2026\\\/04\\\/znicz.jpg\",\"contentUrl\":\"https:\\\/\\\/www.bzdz.pl\\\/technikum-mundurowe-chojnice\\\/wp-content\\\/uploads\\\/2026\\\/04\\\/znicz.jpg\",\"width\":565,\"height\":360},{\"@type\":\"BreadcrumbList\",\"@id\":\"https:\\\/\\\/www.bzdz.pl\\\/technikum-mundurowe-chojnice\\\/z-glebokim-zalem-zegnamy-nasza-uczennice\\\/#breadcrumb\",\"itemListElement\":[{\"@type\":\"ListItem\",\"position\":1,\"name\":\"Strona g\u0142\u00f3wna\",\"item\":\"https:\\\/\\\/www.bzdz.pl\\\/technikum-mundurowe-chojnice\\\/\"},{\"@type\":\"ListItem\",\"position\":2,\"name\":\"Z g\u0142\u0119bokim \u017calem \u017cegnamy nasz\u0105 Uczennic\u0119\"}]},{\"@type\":\"WebSite\",\"@id\":\"https:\\\/\\\/www.bzdz.pl\\\/technikum-mundurowe-chojnice\\\/#website\",\"url\":\"https:\\\/\\\/www.bzdz.pl\\\/technikum-mundurowe-chojnice\\\/\",\"name\":\"Technikum Chojnice\",\"description\":\"\",\"potentialAction\":[{\"@type\":\"SearchAction\",\"target\":{\"@type\":\"EntryPoint\",\"urlTemplate\":\"https:\\\/\\\/www.bzdz.pl\\\/technikum-mundurowe-chojnice\\\/?s={search_term_string}\"},\"query-input\":{\"@type\":\"PropertyValueSpecification\",\"valueRequired\":true,\"valueName\":\"search_term_string\"}}],\"inLanguage\":\"pl-PL\"},{\"@type\":\"Person\",\"@id\":\"https:\\\/\\\/www.bzdz.pl\\\/technikum-mundurowe-chojnice\\\/#\\\/schema\\\/person\\\/9f1e2b7e72ae0cb00e5b108859ec94f7\",\"name\":\"Przemys\u0142aw Podemski\",\"image\":{\"@type\":\"ImageObject\",\"inLanguage\":\"pl-PL\",\"@id\":\"https:\\\/\\\/secure.gravatar.com\\\/avatar\\\/d29c4222801c7bc744f707fc56cbc7ede945b6cd8fa0cc56469e04ba1e466eec?s=96&d=mm&r=g\",\"url\":\"https:\\\/\\\/secure.gravatar.com\\\/avatar\\\/d29c4222801c7bc744f707fc56cbc7ede945b6cd8fa0cc56469e04ba1e466eec?s=96&d=mm&r=g\",\"contentUrl\":\"https:\\\/\\\/secure.gravatar.com\\\/avatar\\\/d29c4222801c7bc744f707fc56cbc7ede945b6cd8fa0cc56469e04ba1e466eec?s=96&d=mm&r=g\",\"caption\":\"Przemys\u0142aw Podemski\"}}]}<\/script>\n<!-- \/ Yoast SEO plugin. -->","yoast_head_json":{"title":"Z g\u0142\u0119bokim \u017calem \u017cegnamy nasz\u0105 Uczennic\u0119 - Technikum Chojnice","robots":{"index":"index","follow":"follow","max-snippet":"max-snippet:-1","max-image-preview":"max-image-preview:large","max-video-preview":"max-video-preview:-1"},"canonical":"https:\/\/www.bzdz.pl\/technikum-mundurowe-chojnice\/z-glebokim-zalem-zegnamy-nasza-uczennice\/","og_locale":"pl_PL","og_type":"article","og_title":"Z g\u0142\u0119bokim \u017calem \u017cegnamy nasz\u0105 Uczennic\u0119 - Technikum Chojnice","og_description":"Z ogromnym smutkiem i ogromnym \u017calem przyj\u0119li\u015bmy wiadomo\u015b\u0107, \u017ce 22 kwietnia 2026 roku, w wieku 19 lat, odesz\u0142a od nas \u015ap. Klaudia Dronzkowska W imieniu ca\u0142ej spo\u0142eczno\u015bci Szko\u0142y Technicznej im. Dywizjonu 303 BZDZ Chojnicach sk\u0142adamy Rodzinie i Bliskim oraz wszystkim pogr\u0105\u017conym w \u017ca\u0142obie najszczersze kondolencje i wyrazy g\u0142\u0119bokiego wsp\u00f3\u0142czucia. \u00a0 Msza \u017ca\u0142obna zostanie odprawiona w [&hellip;]","og_url":"https:\/\/www.bzdz.pl\/technikum-mundurowe-chojnice\/z-glebokim-zalem-zegnamy-nasza-uczennice\/","og_site_name":"Technikum Chojnice","article_published_time":"2026-04-27T09:01:30+00:00","og_image":[{"width":565,"height":360,"url":"https:\/\/www.bzdz.pl\/technikum-mundurowe-chojnice\/wp-content\/uploads\/2026\/04\/znicz.jpg","type":"image\/jpeg"}],"author":"Przemys\u0142aw Podemski","twitter_card":"summary_large_image","twitter_misc":{"Napisane przez":"Przemys\u0142aw Podemski","Szacowany czas czytania":"1 minuta"},"schema":{"@context":"https:\/\/schema.org","@graph":[{"@type":"Article","@id":"https:\/\/www.bzdz.pl\/technikum-mundurowe-chojnice\/z-glebokim-zalem-zegnamy-nasza-uczennice\/#article","isPartOf":{"@id":"https:\/\/www.bzdz.pl\/technikum-mundurowe-chojnice\/z-glebokim-zalem-zegnamy-nasza-uczennice\/"},"author":{"name":"Przemys\u0142aw Podemski","@id":"https:\/\/www.bzdz.pl\/technikum-mundurowe-chojnice\/#\/schema\/person\/9f1e2b7e72ae0cb00e5b108859ec94f7"},"headline":"Z g\u0142\u0119bokim \u017calem \u017cegnamy nasz\u0105 Uczennic\u0119","datePublished":"2026-04-27T09:01:30+00:00","mainEntityOfPage":{"@id":"https:\/\/www.bzdz.pl\/technikum-mundurowe-chojnice\/z-glebokim-zalem-zegnamy-nasza-uczennice\/"},"wordCount":127,"commentCount":0,"image":{"@id":"https:\/\/www.bzdz.pl\/technikum-mundurowe-chojnice\/z-glebokim-zalem-zegnamy-nasza-uczennice\/#primaryimage"},"thumbnailUrl":"https:\/\/www.bzdz.pl\/technikum-mundurowe-chojnice\/wp-content\/uploads\/2026\/04\/znicz.jpg","articleSection":["Aktualno\u015bci"],"inLanguage":"pl-PL","potentialAction":[{"@type":"CommentAction","name":"Comment","target":["https:\/\/www.bzdz.pl\/technikum-mundurowe-chojnice\/z-glebokim-zalem-zegnamy-nasza-uczennice\/#respond"]}]},{"@type":"WebPage","@id":"https:\/\/www.bzdz.pl\/technikum-mundurowe-chojnice\/z-glebokim-zalem-zegnamy-nasza-uczennice\/","url":"https:\/\/www.bzdz.pl\/technikum-mundurowe-chojnice\/z-glebokim-zalem-zegnamy-nasza-uczennice\/","name":"Z g\u0142\u0119bokim \u017calem \u017cegnamy nasz\u0105 Uczennic\u0119 - Technikum Chojnice","isPartOf":{"@id":"https:\/\/www.bzdz.pl\/technikum-mundurowe-chojnice\/#website"},"primaryImageOfPage":{"@id":"https:\/\/www.bzdz.pl\/technikum-mundurowe-chojnice\/z-glebokim-zalem-zegnamy-nasza-uczennice\/#primaryimage"},"image":{"@id":"https:\/\/www.bzdz.pl\/technikum-mundurowe-chojnice\/z-glebokim-zalem-zegnamy-nasza-uczennice\/#primaryimage"},"thumbnailUrl":"https:\/\/www.bzdz.pl\/technikum-mundurowe-chojnice\/wp-content\/uploads\/2026\/04\/znicz.jpg","datePublished":"2026-04-27T09:01:30+00:00","author":{"@id":"https:\/\/www.bzdz.pl\/technikum-mundurowe-chojnice\/#\/schema\/person\/9f1e2b7e72ae0cb00e5b108859ec94f7"},"breadcrumb":{"@id":"https:\/\/www.bzdz.pl\/technikum-mundurowe-chojnice\/z-glebokim-zalem-zegnamy-nasza-uczennice\/#breadcrumb"},"inLanguage":"pl-PL","potentialAction":[{"@type":"ReadAction","target":["https:\/\/www.bzdz.pl\/technikum-mundurowe-chojnice\/z-glebokim-zalem-zegnamy-nasza-uczennice\/"]}]},{"@type":"ImageObject","inLanguage":"pl-PL","@id":"https:\/\/www.bzdz.pl\/technikum-mundurowe-chojnice\/z-glebokim-zalem-zegnamy-nasza-uczennice\/#primaryimage","url":"https:\/\/www.bzdz.pl\/technikum-mundurowe-chojnice\/wp-content\/uploads\/2026\/04\/znicz.jpg","contentUrl":"https:\/\/www.bzdz.pl\/technikum-mundurowe-chojnice\/wp-content\/uploads\/2026\/04\/znicz.jpg","width":565,"height":360},{"@type":"BreadcrumbList","@id":"https:\/\/www.bzdz.pl\/technikum-mundurowe-chojnice\/z-glebokim-zalem-zegnamy-nasza-uczennice\/#breadcrumb","itemListElement":[{"@type":"ListItem","position":1,"name":"Strona g\u0142\u00f3wna","item":"https:\/\/www.bzdz.pl\/technikum-mundurowe-chojnice\/"},{"@type":"ListItem","position":2,"name":"Z g\u0142\u0119bokim \u017calem \u017cegnamy nasz\u0105 Uczennic\u0119"}]},{"@type":"WebSite","@id":"https:\/\/www.bzdz.pl\/technikum-mundurowe-chojnice\/#website","url":"https:\/\/www.bzdz.pl\/technikum-mundurowe-chojnice\/","name":"Technikum Chojnice","description":"","potentialAction":[{"@type":"SearchAction","target":{"@type":"EntryPoint","urlTemplate":"https:\/\/www.bzdz.pl\/technikum-mundurowe-chojnice\/?s={search_term_string}"},"query-input":{"@type":"PropertyValueSpecification","valueRequired":true,"valueName":"search_term_string"}}],"inLanguage":"pl-PL"},{"@type":"Person","@id":"https:\/\/www.bzdz.pl\/technikum-mundurowe-chojnice\/#\/schema\/person\/9f1e2b7e72ae0cb00e5b108859ec94f7","name":"Przemys\u0142aw Podemski","image":{"@type":"ImageObject","inLanguage":"pl-PL","@id":"https:\/\/secure.gravatar.com\/avatar\/d29c4222801c7bc744f707fc56cbc7ede945b6cd8fa0cc56469e04ba1e466eec?s=96&d=mm&r=g","url":"https:\/\/secure.gravatar.com\/avatar\/d29c4222801c7bc744f707fc56cbc7ede945b6cd8fa0cc56469e04ba1e466eec?s=96&d=mm&r=g","contentUrl":"https:\/\/secure.gravatar.com\/avatar\/d29c4222801c7bc744f707fc56cbc7ede945b6cd8fa0cc56469e04ba1e466eec?s=96&d=mm&r=g","caption":"Przemys\u0142aw Podemski"}}]}},"_links":{"self":[{"href":"https:\/\/www.bzdz.pl\/technikum-mundurowe-chojnice\/wp-json\/wp\/v2\/posts\/22226","targetHints":{"allow":["GET"]}}],"collection":[{"href":"https:\/\/www.bzdz.pl\/technikum-mundurowe-chojnice\/wp-json\/wp\/v2\/posts"}],"about":[{"href":"https:\/\/www.bzdz.pl\/technikum-mundurowe-chojnice\/wp-json\/wp\/v2\/types\/post"}],"author":[{"embeddable":true,"href":"https:\/\/www.bzdz.pl\/technikum-mundurowe-chojnice\/wp-json\/wp\/v2\/users\/6"}],"replies":[{"embeddable":true,"href":"https:\/\/www.bzdz.pl\/technikum-mundurowe-chojnice\/wp-json\/wp\/v2\/comments?post=22226"}],"version-history":[{"count":1,"href":"https:\/\/www.bzdz.pl\/technikum-mundurowe-chojnice\/wp-json\/wp\/v2\/posts\/22226\/revisions"}],"predecessor-version":[{"id":22229,"href":"https:\/\/www.bzdz.pl\/technikum-mundurowe-chojnice\/wp-json\/wp\/v2\/posts\/22226\/revisions\/22229"}],"wp:featuredmedia":[{"embeddable":true,"href":"https:\/\/www.bzdz.pl\/technikum-mundurowe-chojnice\/wp-json\/wp\/v2\/media\/22228"}],"wp:attachment":[{"href":"https:\/\/www.bzdz.pl\/technikum-mundurowe-chojnice\/wp-json\/wp\/v2\/media?parent=22226"}],"wp:term":[{"taxonomy":"category","embeddable":true,"href":"https:\/\/www.bzdz.pl\/technikum-mundurowe-chojnice\/wp-json\/wp\/v2\/categories?post=22226"},{"taxonomy":"post_tag","embeddable":true,"href":"https:\/\/www.bzdz.pl\/technikum-mundurowe-chojnice\/wp-json\/wp\/v2\/tags?post=22226"}],"curies":[{"name":"wp","href":"https:\/\/api.w.org\/{rel}","templated":true}]}}