{"id":22196,"date":"2026-04-24T11:25:41","date_gmt":"2026-04-24T09:25:41","guid":{"rendered":"https:\/\/www.bzdz.pl\/technikum-mundurowe-chojnice\/?p=22196"},"modified":"2026-04-24T11:25:41","modified_gmt":"2026-04-24T09:25:41","slug":"%f0%9f%92%a5raport-z-poligonu-drawskiego-nasi-kadeci-w-krajowej-czolowce%f0%9f%92%a5","status":"publish","type":"post","link":"https:\/\/www.bzdz.pl\/technikum-mundurowe-chojnice\/%f0%9f%92%a5raport-z-poligonu-drawskiego-nasi-kadeci-w-krajowej-czolowce%f0%9f%92%a5\/","title":{"rendered":"\ud83d\udca5Raport z Poligonu Drawskiego: Nasi kadeci w krajowej czo\u0142\u00f3wce!\ud83d\udca5"},"content":{"rendered":"<p>Z dum\u0105 meldujemy, \u017ce reprezentacja naszej szko\u0142y wr\u00f3ci\u0142a z <strong>IX Og\u00f3lnopolskich Mistrzostw Klas Mundurowych<\/strong>. Na wymagaj\u0105cym terenie Poligonu Drawskiego nasi uczniowie udowodnili, \u017ce hart ducha i solidne przygotowanie to ich znaki rozpoznawcze!<\/p>\n<p>Po d\u0142ugiej, ci\u0119\u017ckiej i niezwykle wyr\u00f3wnanej rywalizacji z najlepszymi szko\u0142ami z ca\u0142ej Polski, wracamy z tarcz\u0105:<\/p>\n<p>\ud83c\udfaf <strong>SUKCESY DRU\u017bYNOWE:<\/strong><\/p>\n<ul>\n<li><strong>I Grupa<\/strong> (Laura Goss, Wojciech \u0141\u0119gowski, Jakub Ca\u0142czy\u0144ski, Marcin Frieda, Filip Berendt) wystrzela\u0142a fantastyczne <strong>3. miejsce<\/strong> w konkurencji strzeleckiej! W klasyfikacji og\u00f3lnej mistrzostw zaj\u0119li wysokie, 6. miejsce.<\/li>\n<li><strong>II Grupa<\/strong> (Aleksandra Gliniecka, Patryk Krajewski, Nathan Fr\u0105czek, Konrad Goss, Antoni Kroplewski) pokaza\u0142a klas\u0119, zajmuj\u0105c 11. miejsce w stawce 20 mocnych dru\u017cyn.<\/li>\n<\/ul>\n<p>\ud83e\udd48 <strong>INDYWIDUALNE ZWYCI\u0118STWO:<\/strong> Ogromne brawa dla <strong>Nathana Fr\u0105czka<\/strong>, kt\u00f3ry w strzeleckim starciu zaj\u0105\u0142 <strong>2. miejsce na 100 uczestnik\u00f3w<\/strong>! To niesamowity wynik na szczeblu og\u00f3lnopolskim!<\/p>\n<p>Drugi dzie\u0144 mistrzostw by\u0142 czasem intensywnej nauki. Nasi uczniowie szkolili si\u0119 pod okiem specjalist\u00f3w z zakresu:<\/p>\n<p>\ud83d\ude91 pierwszej pomocy<\/p>\n<p>\u2622\ufe0f obrony przed broni\u0105 masowego ra\u017cenia<\/p>\n<p>\ud83d\udd2b obs\u0142ugi i rozk\u0142adania broni<\/p>\n<p>\ud83e\udea2 wi\u0105zania w\u0119z\u0142\u00f3w oraz walki wr\u0119cz<\/p>\n<p><strong>Byli\u015bmy z nich dumni w ka\u017cdej minucie tych zawod\u00f3w!<\/strong> Gratulujemy wytrwa\u0142o\u015bci i profesjonalizmu \u2013 pokazali\u015bcie, co oznacza prawdziwa mundurowa duma.<\/p>\n<p><em>Opiekunowie: Lucjan Bukowski i Dominik Deja Simi\u0144ski <\/em><\/p>\n<p>&nbsp;<\/p>\n<div class=\"et_pb_slider et_pb_slider_fullwidth_off et_pb_gallery_post_type\">\n\t\t\t\t<div class=\"et_pb_slides\">\n\t\t\t\t\t<div class=\"et_pb_slide\" style=\"background: url(https:\/\/www.bzdz.pl\/technikum-mundurowe-chojnice\/wp-content\/uploads\/2026\/04\/17230.jpg);\"><\/div><div class=\"et_pb_slide\" style=\"background: url(https:\/\/www.bzdz.pl\/technikum-mundurowe-chojnice\/wp-content\/uploads\/2026\/04\/17219.jpg);\"><\/div><div class=\"et_pb_slide\" style=\"background: url(https:\/\/www.bzdz.pl\/technikum-mundurowe-chojnice\/wp-content\/uploads\/2026\/04\/17173.jpg);\"><\/div><div class=\"et_pb_slide\" style=\"background: url(https:\/\/www.bzdz.pl\/technikum-mundurowe-chojnice\/wp-content\/uploads\/2026\/04\/17179.jpg);\"><\/div><div class=\"et_pb_slide\" style=\"background: url(https:\/\/www.bzdz.pl\/technikum-mundurowe-chojnice\/wp-content\/uploads\/2026\/04\/17176.jpg);\"><\/div><div class=\"et_pb_slide\" style=\"background: url(https:\/\/www.bzdz.pl\/technikum-mundurowe-chojnice\/wp-content\/uploads\/2026\/04\/17185.jpg);\"><\/div><div class=\"et_pb_slide\" style=\"background: url(https:\/\/www.bzdz.pl\/technikum-mundurowe-chojnice\/wp-content\/uploads\/2026\/04\/17225.jpg);\"><\/div><div class=\"et_pb_slide\" style=\"background: url(https:\/\/www.bzdz.pl\/technikum-mundurowe-chojnice\/wp-content\/uploads\/2026\/04\/17188.jpg);\"><\/div><div class=\"et_pb_slide\" style=\"background: url(https:\/\/www.bzdz.pl\/technikum-mundurowe-chojnice\/wp-content\/uploads\/2026\/04\/17214.jpg);\"><\/div><div class=\"et_pb_slide\" style=\"background: url(https:\/\/www.bzdz.pl\/technikum-mundurowe-chojnice\/wp-content\/uploads\/2026\/04\/17218.jpg);\"><\/div><div class=\"et_pb_slide\" style=\"background: url(https:\/\/www.bzdz.pl\/technikum-mundurowe-chojnice\/wp-content\/uploads\/2026\/04\/17220.jpg);\"><\/div><div class=\"et_pb_slide\" style=\"background: url(https:\/\/www.bzdz.pl\/technikum-mundurowe-chojnice\/wp-content\/uploads\/2026\/04\/17222.jpg);\"><\/div><div class=\"et_pb_slide\" style=\"background: url(https:\/\/www.bzdz.pl\/technikum-mundurowe-chojnice\/wp-content\/uploads\/2026\/04\/17223.jpg);\"><\/div><div class=\"et_pb_slide\" style=\"background: url(https:\/\/www.bzdz.pl\/technikum-mundurowe-chojnice\/wp-content\/uploads\/2026\/04\/17229.jpg);\"><\/div><div class=\"et_pb_slide\" style=\"background: url(https:\/\/www.bzdz.pl\/technikum-mundurowe-chojnice\/wp-content\/uploads\/2026\/04\/17234.jpg);\"><\/div><div class=\"et_pb_slide\" style=\"background: url(https:\/\/www.bzdz.pl\/technikum-mundurowe-chojnice\/wp-content\/uploads\/2026\/04\/17236.jpg);\"><\/div><div class=\"et_pb_slide\" style=\"background: url(https:\/\/www.bzdz.pl\/technikum-mundurowe-chojnice\/wp-content\/uploads\/2026\/04\/17240.jpg);\"><\/div><div class=\"et_pb_slide\" style=\"background: url(https:\/\/www.bzdz.pl\/technikum-mundurowe-chojnice\/wp-content\/uploads\/2026\/04\/17237.jpg);\"><\/div><div class=\"et_pb_slide\" style=\"background: url(https:\/\/www.bzdz.pl\/technikum-mundurowe-chojnice\/wp-content\/uploads\/2026\/04\/17238.jpg);\"><\/div><div class=\"et_pb_slide\" style=\"background: url(https:\/\/www.bzdz.pl\/technikum-mundurowe-chojnice\/wp-content\/uploads\/2026\/04\/17248.jpg);\"><\/div><div class=\"et_pb_slide\" style=\"background: url(https:\/\/www.bzdz.pl\/technikum-mundurowe-chojnice\/wp-content\/uploads\/2026\/04\/17330.jpg);\"><\/div><div class=\"et_pb_slide\" style=\"background: url(https:\/\/www.bzdz.pl\/technikum-mundurowe-chojnice\/wp-content\/uploads\/2026\/04\/17249.jpg);\"><\/div><div class=\"et_pb_slide\" style=\"background: url(https:\/\/www.bzdz.pl\/technikum-mundurowe-chojnice\/wp-content\/uploads\/2026\/04\/17250.jpg);\"><\/div><div class=\"et_pb_slide\" style=\"background: url(https:\/\/www.bzdz.pl\/technikum-mundurowe-chojnice\/wp-content\/uploads\/2026\/04\/17335.jpg);\"><\/div><div class=\"et_pb_slide\" style=\"background: url(https:\/\/www.bzdz.pl\/technikum-mundurowe-chojnice\/wp-content\/uploads\/2026\/04\/17359.jpg);\"><\/div><div class=\"et_pb_slide\" style=\"background: url(https:\/\/www.bzdz.pl\/technikum-mundurowe-chojnice\/wp-content\/uploads\/2026\/04\/17371.jpg);\"><\/div><div class=\"et_pb_slide\" style=\"background: url(https:\/\/www.bzdz.pl\/technikum-mundurowe-chojnice\/wp-content\/uploads\/2026\/04\/17383.jpg);\"><\/div>\n\t\t\t\t<\/div>\n\t\t\t<\/div>\n","protected":false},"excerpt":{"rendered":"<p>Z dum\u0105 meldujemy, \u017ce reprezentacja naszej szko\u0142y wr\u00f3ci\u0142a z IX Og\u00f3lnopolskich Mistrzostw Klas Mundurowych. Na wymagaj\u0105cym terenie Poligonu Drawskiego nasi uczniowie udowodnili, \u017ce hart ducha i solidne przygotowanie to ich znaki rozpoznawcze! Po d\u0142ugiej, ci\u0119\u017ckiej i niezwykle wyr\u00f3wnanej rywalizacji z najlepszymi szko\u0142ami z ca\u0142ej Polski, wracamy z tarcz\u0105: \ud83c\udfaf SUKCESY DRU\u017bYNOWE: I Grupa (Laura Goss, [&hellip;]<\/p>\n","protected":false},"author":6,"featured_media":22204,"comment_status":"open","ping_status":"open","sticky":false,"template":"","format":"standard","meta":{"_et_pb_use_builder":"","_et_pb_old_content":"","_et_gb_content_width":"","footnotes":""},"categories":[1],"tags":[],"class_list":["post-22196","post","type-post","status-publish","format-standard","has-post-thumbnail","hentry","category-aktualnosci"],"yoast_head":"<!-- This site is optimized with the Yoast SEO plugin v27.5 - https:\/\/yoast.com\/product\/yoast-seo-wordpress\/ -->\n<title>\ud83d\udca5Raport z Poligonu Drawskiego: Nasi kadeci w krajowej czo\u0142\u00f3wce!\ud83d\udca5 - Technikum Chojnice<\/title>\n<meta name=\"robots\" content=\"index, follow, max-snippet:-1, max-image-preview:large, max-video-preview:-1\" \/>\n<link rel=\"canonical\" href=\"https:\/\/www.bzdz.pl\/technikum-mundurowe-chojnice\/\ud83d\udca5raport-z-poligonu-drawskiego-nasi-kadeci-w-krajowej-czolowce\ud83d\udca5\/\" \/>\n<meta property=\"og:locale\" content=\"pl_PL\" \/>\n<meta property=\"og:type\" content=\"article\" \/>\n<meta property=\"og:title\" content=\"\ud83d\udca5Raport z Poligonu Drawskiego: Nasi kadeci w krajowej czo\u0142\u00f3wce!\ud83d\udca5 - Technikum Chojnice\" \/>\n<meta property=\"og:description\" content=\"Z dum\u0105 meldujemy, \u017ce reprezentacja naszej szko\u0142y wr\u00f3ci\u0142a z IX Og\u00f3lnopolskich Mistrzostw Klas Mundurowych. Na wymagaj\u0105cym terenie Poligonu Drawskiego nasi uczniowie udowodnili, \u017ce hart ducha i solidne przygotowanie to ich znaki rozpoznawcze! Po d\u0142ugiej, ci\u0119\u017ckiej i niezwykle wyr\u00f3wnanej rywalizacji z najlepszymi szko\u0142ami z ca\u0142ej Polski, wracamy z tarcz\u0105: \ud83c\udfaf SUKCESY DRU\u017bYNOWE: I Grupa (Laura Goss, [&hellip;]\" \/>\n<meta property=\"og:url\" content=\"https:\/\/www.bzdz.pl\/technikum-mundurowe-chojnice\/\ud83d\udca5raport-z-poligonu-drawskiego-nasi-kadeci-w-krajowej-czolowce\ud83d\udca5\/\" \/>\n<meta property=\"og:site_name\" content=\"Technikum Chojnice\" \/>\n<meta property=\"article:published_time\" content=\"2026-04-24T09:25:41+00:00\" \/>\n<meta property=\"og:image\" content=\"https:\/\/www.bzdz.pl\/technikum-mundurowe-chojnice\/wp-content\/uploads\/2026\/04\/17219.jpg\" \/>\n\t<meta property=\"og:image:width\" content=\"1500\" \/>\n\t<meta property=\"og:image:height\" content=\"2000\" \/>\n\t<meta property=\"og:image:type\" content=\"image\/jpeg\" \/>\n<meta name=\"author\" content=\"Przemys\u0142aw Podemski\" \/>\n<meta name=\"twitter:card\" content=\"summary_large_image\" \/>\n<meta name=\"twitter:label1\" content=\"Napisane przez\" \/>\n\t<meta name=\"twitter:data1\" content=\"Przemys\u0142aw Podemski\" \/>\n\t<meta name=\"twitter:label2\" content=\"Szacowany czas czytania\" \/>\n\t<meta name=\"twitter:data2\" content=\"2 minuty\" \/>\n<script type=\"application\/ld+json\" class=\"yoast-schema-graph\">{\"@context\":\"https:\\\/\\\/schema.org\",\"@graph\":[{\"@type\":\"Article\",\"@id\":\"https:\\\/\\\/www.bzdz.pl\\\/technikum-mundurowe-chojnice\\\/%f0%9f%92%a5raport-z-poligonu-drawskiego-nasi-kadeci-w-krajowej-czolowce%f0%9f%92%a5\\\/#article\",\"isPartOf\":{\"@id\":\"https:\\\/\\\/www.bzdz.pl\\\/technikum-mundurowe-chojnice\\\/%f0%9f%92%a5raport-z-poligonu-drawskiego-nasi-kadeci-w-krajowej-czolowce%f0%9f%92%a5\\\/\"},\"author\":{\"name\":\"Przemys\u0142aw Podemski\",\"@id\":\"https:\\\/\\\/www.bzdz.pl\\\/technikum-mundurowe-chojnice\\\/#\\\/schema\\\/person\\\/9f1e2b7e72ae0cb00e5b108859ec94f7\"},\"headline\":\"\ud83d\udca5Raport z Poligonu Drawskiego: Nasi kadeci w krajowej czo\u0142\u00f3wce!\ud83d\udca5\",\"datePublished\":\"2026-04-24T09:25:41+00:00\",\"mainEntityOfPage\":{\"@id\":\"https:\\\/\\\/www.bzdz.pl\\\/technikum-mundurowe-chojnice\\\/%f0%9f%92%a5raport-z-poligonu-drawskiego-nasi-kadeci-w-krajowej-czolowce%f0%9f%92%a5\\\/\"},\"wordCount\":227,\"commentCount\":0,\"image\":{\"@id\":\"https:\\\/\\\/www.bzdz.pl\\\/technikum-mundurowe-chojnice\\\/%f0%9f%92%a5raport-z-poligonu-drawskiego-nasi-kadeci-w-krajowej-czolowce%f0%9f%92%a5\\\/#primaryimage\"},\"thumbnailUrl\":\"https:\\\/\\\/www.bzdz.pl\\\/technikum-mundurowe-chojnice\\\/wp-content\\\/uploads\\\/2026\\\/04\\\/17219.jpg\",\"articleSection\":[\"Aktualno\u015bci\"],\"inLanguage\":\"pl-PL\",\"potentialAction\":[{\"@type\":\"CommentAction\",\"name\":\"Comment\",\"target\":[\"https:\\\/\\\/www.bzdz.pl\\\/technikum-mundurowe-chojnice\\\/%f0%9f%92%a5raport-z-poligonu-drawskiego-nasi-kadeci-w-krajowej-czolowce%f0%9f%92%a5\\\/#respond\"]}]},{\"@type\":\"WebPage\",\"@id\":\"https:\\\/\\\/www.bzdz.pl\\\/technikum-mundurowe-chojnice\\\/%f0%9f%92%a5raport-z-poligonu-drawskiego-nasi-kadeci-w-krajowej-czolowce%f0%9f%92%a5\\\/\",\"url\":\"https:\\\/\\\/www.bzdz.pl\\\/technikum-mundurowe-chojnice\\\/%f0%9f%92%a5raport-z-poligonu-drawskiego-nasi-kadeci-w-krajowej-czolowce%f0%9f%92%a5\\\/\",\"name\":\"\ud83d\udca5Raport z Poligonu Drawskiego: Nasi kadeci w krajowej czo\u0142\u00f3wce!\ud83d\udca5 - Technikum Chojnice\",\"isPartOf\":{\"@id\":\"https:\\\/\\\/www.bzdz.pl\\\/technikum-mundurowe-chojnice\\\/#website\"},\"primaryImageOfPage\":{\"@id\":\"https:\\\/\\\/www.bzdz.pl\\\/technikum-mundurowe-chojnice\\\/%f0%9f%92%a5raport-z-poligonu-drawskiego-nasi-kadeci-w-krajowej-czolowce%f0%9f%92%a5\\\/#primaryimage\"},\"image\":{\"@id\":\"https:\\\/\\\/www.bzdz.pl\\\/technikum-mundurowe-chojnice\\\/%f0%9f%92%a5raport-z-poligonu-drawskiego-nasi-kadeci-w-krajowej-czolowce%f0%9f%92%a5\\\/#primaryimage\"},\"thumbnailUrl\":\"https:\\\/\\\/www.bzdz.pl\\\/technikum-mundurowe-chojnice\\\/wp-content\\\/uploads\\\/2026\\\/04\\\/17219.jpg\",\"datePublished\":\"2026-04-24T09:25:41+00:00\",\"author\":{\"@id\":\"https:\\\/\\\/www.bzdz.pl\\\/technikum-mundurowe-chojnice\\\/#\\\/schema\\\/person\\\/9f1e2b7e72ae0cb00e5b108859ec94f7\"},\"breadcrumb\":{\"@id\":\"https:\\\/\\\/www.bzdz.pl\\\/technikum-mundurowe-chojnice\\\/%f0%9f%92%a5raport-z-poligonu-drawskiego-nasi-kadeci-w-krajowej-czolowce%f0%9f%92%a5\\\/#breadcrumb\"},\"inLanguage\":\"pl-PL\",\"potentialAction\":[{\"@type\":\"ReadAction\",\"target\":[\"https:\\\/\\\/www.bzdz.pl\\\/technikum-mundurowe-chojnice\\\/%f0%9f%92%a5raport-z-poligonu-drawskiego-nasi-kadeci-w-krajowej-czolowce%f0%9f%92%a5\\\/\"]}]},{\"@type\":\"ImageObject\",\"inLanguage\":\"pl-PL\",\"@id\":\"https:\\\/\\\/www.bzdz.pl\\\/technikum-mundurowe-chojnice\\\/%f0%9f%92%a5raport-z-poligonu-drawskiego-nasi-kadeci-w-krajowej-czolowce%f0%9f%92%a5\\\/#primaryimage\",\"url\":\"https:\\\/\\\/www.bzdz.pl\\\/technikum-mundurowe-chojnice\\\/wp-content\\\/uploads\\\/2026\\\/04\\\/17219.jpg\",\"contentUrl\":\"https:\\\/\\\/www.bzdz.pl\\\/technikum-mundurowe-chojnice\\\/wp-content\\\/uploads\\\/2026\\\/04\\\/17219.jpg\",\"width\":1500,\"height\":2000},{\"@type\":\"BreadcrumbList\",\"@id\":\"https:\\\/\\\/www.bzdz.pl\\\/technikum-mundurowe-chojnice\\\/%f0%9f%92%a5raport-z-poligonu-drawskiego-nasi-kadeci-w-krajowej-czolowce%f0%9f%92%a5\\\/#breadcrumb\",\"itemListElement\":[{\"@type\":\"ListItem\",\"position\":1,\"name\":\"Strona g\u0142\u00f3wna\",\"item\":\"https:\\\/\\\/www.bzdz.pl\\\/technikum-mundurowe-chojnice\\\/\"},{\"@type\":\"ListItem\",\"position\":2,\"name\":\"\ud83d\udca5Raport z Poligonu Drawskiego: Nasi kadeci w krajowej czo\u0142\u00f3wce!\ud83d\udca5\"}]},{\"@type\":\"WebSite\",\"@id\":\"https:\\\/\\\/www.bzdz.pl\\\/technikum-mundurowe-chojnice\\\/#website\",\"url\":\"https:\\\/\\\/www.bzdz.pl\\\/technikum-mundurowe-chojnice\\\/\",\"name\":\"Technikum Chojnice\",\"description\":\"\",\"potentialAction\":[{\"@type\":\"SearchAction\",\"target\":{\"@type\":\"EntryPoint\",\"urlTemplate\":\"https:\\\/\\\/www.bzdz.pl\\\/technikum-mundurowe-chojnice\\\/?s={search_term_string}\"},\"query-input\":{\"@type\":\"PropertyValueSpecification\",\"valueRequired\":true,\"valueName\":\"search_term_string\"}}],\"inLanguage\":\"pl-PL\"},{\"@type\":\"Person\",\"@id\":\"https:\\\/\\\/www.bzdz.pl\\\/technikum-mundurowe-chojnice\\\/#\\\/schema\\\/person\\\/9f1e2b7e72ae0cb00e5b108859ec94f7\",\"name\":\"Przemys\u0142aw Podemski\",\"image\":{\"@type\":\"ImageObject\",\"inLanguage\":\"pl-PL\",\"@id\":\"https:\\\/\\\/secure.gravatar.com\\\/avatar\\\/d29c4222801c7bc744f707fc56cbc7ede945b6cd8fa0cc56469e04ba1e466eec?s=96&d=mm&r=g\",\"url\":\"https:\\\/\\\/secure.gravatar.com\\\/avatar\\\/d29c4222801c7bc744f707fc56cbc7ede945b6cd8fa0cc56469e04ba1e466eec?s=96&d=mm&r=g\",\"contentUrl\":\"https:\\\/\\\/secure.gravatar.com\\\/avatar\\\/d29c4222801c7bc744f707fc56cbc7ede945b6cd8fa0cc56469e04ba1e466eec?s=96&d=mm&r=g\",\"caption\":\"Przemys\u0142aw Podemski\"}}]}<\/script>\n<!-- \/ Yoast SEO plugin. -->","yoast_head_json":{"title":"\ud83d\udca5Raport z Poligonu Drawskiego: Nasi kadeci w krajowej czo\u0142\u00f3wce!\ud83d\udca5 - Technikum Chojnice","robots":{"index":"index","follow":"follow","max-snippet":"max-snippet:-1","max-image-preview":"max-image-preview:large","max-video-preview":"max-video-preview:-1"},"canonical":"https:\/\/www.bzdz.pl\/technikum-mundurowe-chojnice\/\ud83d\udca5raport-z-poligonu-drawskiego-nasi-kadeci-w-krajowej-czolowce\ud83d\udca5\/","og_locale":"pl_PL","og_type":"article","og_title":"\ud83d\udca5Raport z Poligonu Drawskiego: Nasi kadeci w krajowej czo\u0142\u00f3wce!\ud83d\udca5 - Technikum Chojnice","og_description":"Z dum\u0105 meldujemy, \u017ce reprezentacja naszej szko\u0142y wr\u00f3ci\u0142a z IX Og\u00f3lnopolskich Mistrzostw Klas Mundurowych. Na wymagaj\u0105cym terenie Poligonu Drawskiego nasi uczniowie udowodnili, \u017ce hart ducha i solidne przygotowanie to ich znaki rozpoznawcze! Po d\u0142ugiej, ci\u0119\u017ckiej i niezwykle wyr\u00f3wnanej rywalizacji z najlepszymi szko\u0142ami z ca\u0142ej Polski, wracamy z tarcz\u0105: \ud83c\udfaf SUKCESY DRU\u017bYNOWE: I Grupa (Laura Goss, [&hellip;]","og_url":"https:\/\/www.bzdz.pl\/technikum-mundurowe-chojnice\/\ud83d\udca5raport-z-poligonu-drawskiego-nasi-kadeci-w-krajowej-czolowce\ud83d\udca5\/","og_site_name":"Technikum Chojnice","article_published_time":"2026-04-24T09:25:41+00:00","og_image":[{"width":1500,"height":2000,"url":"https:\/\/www.bzdz.pl\/technikum-mundurowe-chojnice\/wp-content\/uploads\/2026\/04\/17219.jpg","type":"image\/jpeg"}],"author":"Przemys\u0142aw Podemski","twitter_card":"summary_large_image","twitter_misc":{"Napisane przez":"Przemys\u0142aw Podemski","Szacowany czas czytania":"2 minuty"},"schema":{"@context":"https:\/\/schema.org","@graph":[{"@type":"Article","@id":"https:\/\/www.bzdz.pl\/technikum-mundurowe-chojnice\/%f0%9f%92%a5raport-z-poligonu-drawskiego-nasi-kadeci-w-krajowej-czolowce%f0%9f%92%a5\/#article","isPartOf":{"@id":"https:\/\/www.bzdz.pl\/technikum-mundurowe-chojnice\/%f0%9f%92%a5raport-z-poligonu-drawskiego-nasi-kadeci-w-krajowej-czolowce%f0%9f%92%a5\/"},"author":{"name":"Przemys\u0142aw Podemski","@id":"https:\/\/www.bzdz.pl\/technikum-mundurowe-chojnice\/#\/schema\/person\/9f1e2b7e72ae0cb00e5b108859ec94f7"},"headline":"\ud83d\udca5Raport z Poligonu Drawskiego: Nasi kadeci w krajowej czo\u0142\u00f3wce!\ud83d\udca5","datePublished":"2026-04-24T09:25:41+00:00","mainEntityOfPage":{"@id":"https:\/\/www.bzdz.pl\/technikum-mundurowe-chojnice\/%f0%9f%92%a5raport-z-poligonu-drawskiego-nasi-kadeci-w-krajowej-czolowce%f0%9f%92%a5\/"},"wordCount":227,"commentCount":0,"image":{"@id":"https:\/\/www.bzdz.pl\/technikum-mundurowe-chojnice\/%f0%9f%92%a5raport-z-poligonu-drawskiego-nasi-kadeci-w-krajowej-czolowce%f0%9f%92%a5\/#primaryimage"},"thumbnailUrl":"https:\/\/www.bzdz.pl\/technikum-mundurowe-chojnice\/wp-content\/uploads\/2026\/04\/17219.jpg","articleSection":["Aktualno\u015bci"],"inLanguage":"pl-PL","potentialAction":[{"@type":"CommentAction","name":"Comment","target":["https:\/\/www.bzdz.pl\/technikum-mundurowe-chojnice\/%f0%9f%92%a5raport-z-poligonu-drawskiego-nasi-kadeci-w-krajowej-czolowce%f0%9f%92%a5\/#respond"]}]},{"@type":"WebPage","@id":"https:\/\/www.bzdz.pl\/technikum-mundurowe-chojnice\/%f0%9f%92%a5raport-z-poligonu-drawskiego-nasi-kadeci-w-krajowej-czolowce%f0%9f%92%a5\/","url":"https:\/\/www.bzdz.pl\/technikum-mundurowe-chojnice\/%f0%9f%92%a5raport-z-poligonu-drawskiego-nasi-kadeci-w-krajowej-czolowce%f0%9f%92%a5\/","name":"\ud83d\udca5Raport z Poligonu Drawskiego: Nasi kadeci w krajowej czo\u0142\u00f3wce!\ud83d\udca5 - Technikum Chojnice","isPartOf":{"@id":"https:\/\/www.bzdz.pl\/technikum-mundurowe-chojnice\/#website"},"primaryImageOfPage":{"@id":"https:\/\/www.bzdz.pl\/technikum-mundurowe-chojnice\/%f0%9f%92%a5raport-z-poligonu-drawskiego-nasi-kadeci-w-krajowej-czolowce%f0%9f%92%a5\/#primaryimage"},"image":{"@id":"https:\/\/www.bzdz.pl\/technikum-mundurowe-chojnice\/%f0%9f%92%a5raport-z-poligonu-drawskiego-nasi-kadeci-w-krajowej-czolowce%f0%9f%92%a5\/#primaryimage"},"thumbnailUrl":"https:\/\/www.bzdz.pl\/technikum-mundurowe-chojnice\/wp-content\/uploads\/2026\/04\/17219.jpg","datePublished":"2026-04-24T09:25:41+00:00","author":{"@id":"https:\/\/www.bzdz.pl\/technikum-mundurowe-chojnice\/#\/schema\/person\/9f1e2b7e72ae0cb00e5b108859ec94f7"},"breadcrumb":{"@id":"https:\/\/www.bzdz.pl\/technikum-mundurowe-chojnice\/%f0%9f%92%a5raport-z-poligonu-drawskiego-nasi-kadeci-w-krajowej-czolowce%f0%9f%92%a5\/#breadcrumb"},"inLanguage":"pl-PL","potentialAction":[{"@type":"ReadAction","target":["https:\/\/www.bzdz.pl\/technikum-mundurowe-chojnice\/%f0%9f%92%a5raport-z-poligonu-drawskiego-nasi-kadeci-w-krajowej-czolowce%f0%9f%92%a5\/"]}]},{"@type":"ImageObject","inLanguage":"pl-PL","@id":"https:\/\/www.bzdz.pl\/technikum-mundurowe-chojnice\/%f0%9f%92%a5raport-z-poligonu-drawskiego-nasi-kadeci-w-krajowej-czolowce%f0%9f%92%a5\/#primaryimage","url":"https:\/\/www.bzdz.pl\/technikum-mundurowe-chojnice\/wp-content\/uploads\/2026\/04\/17219.jpg","contentUrl":"https:\/\/www.bzdz.pl\/technikum-mundurowe-chojnice\/wp-content\/uploads\/2026\/04\/17219.jpg","width":1500,"height":2000},{"@type":"BreadcrumbList","@id":"https:\/\/www.bzdz.pl\/technikum-mundurowe-chojnice\/%f0%9f%92%a5raport-z-poligonu-drawskiego-nasi-kadeci-w-krajowej-czolowce%f0%9f%92%a5\/#breadcrumb","itemListElement":[{"@type":"ListItem","position":1,"name":"Strona g\u0142\u00f3wna","item":"https:\/\/www.bzdz.pl\/technikum-mundurowe-chojnice\/"},{"@type":"ListItem","position":2,"name":"\ud83d\udca5Raport z Poligonu Drawskiego: Nasi kadeci w krajowej czo\u0142\u00f3wce!\ud83d\udca5"}]},{"@type":"WebSite","@id":"https:\/\/www.bzdz.pl\/technikum-mundurowe-chojnice\/#website","url":"https:\/\/www.bzdz.pl\/technikum-mundurowe-chojnice\/","name":"Technikum Chojnice","description":"","potentialAction":[{"@type":"SearchAction","target":{"@type":"EntryPoint","urlTemplate":"https:\/\/www.bzdz.pl\/technikum-mundurowe-chojnice\/?s={search_term_string}"},"query-input":{"@type":"PropertyValueSpecification","valueRequired":true,"valueName":"search_term_string"}}],"inLanguage":"pl-PL"},{"@type":"Person","@id":"https:\/\/www.bzdz.pl\/technikum-mundurowe-chojnice\/#\/schema\/person\/9f1e2b7e72ae0cb00e5b108859ec94f7","name":"Przemys\u0142aw Podemski","image":{"@type":"ImageObject","inLanguage":"pl-PL","@id":"https:\/\/secure.gravatar.com\/avatar\/d29c4222801c7bc744f707fc56cbc7ede945b6cd8fa0cc56469e04ba1e466eec?s=96&d=mm&r=g","url":"https:\/\/secure.gravatar.com\/avatar\/d29c4222801c7bc744f707fc56cbc7ede945b6cd8fa0cc56469e04ba1e466eec?s=96&d=mm&r=g","contentUrl":"https:\/\/secure.gravatar.com\/avatar\/d29c4222801c7bc744f707fc56cbc7ede945b6cd8fa0cc56469e04ba1e466eec?s=96&d=mm&r=g","caption":"Przemys\u0142aw Podemski"}}]}},"_links":{"self":[{"href":"https:\/\/www.bzdz.pl\/technikum-mundurowe-chojnice\/wp-json\/wp\/v2\/posts\/22196","targetHints":{"allow":["GET"]}}],"collection":[{"href":"https:\/\/www.bzdz.pl\/technikum-mundurowe-chojnice\/wp-json\/wp\/v2\/posts"}],"about":[{"href":"https:\/\/www.bzdz.pl\/technikum-mundurowe-chojnice\/wp-json\/wp\/v2\/types\/post"}],"author":[{"embeddable":true,"href":"https:\/\/www.bzdz.pl\/technikum-mundurowe-chojnice\/wp-json\/wp\/v2\/users\/6"}],"replies":[{"embeddable":true,"href":"https:\/\/www.bzdz.pl\/technikum-mundurowe-chojnice\/wp-json\/wp\/v2\/comments?post=22196"}],"version-history":[{"count":1,"href":"https:\/\/www.bzdz.pl\/technikum-mundurowe-chojnice\/wp-json\/wp\/v2\/posts\/22196\/revisions"}],"predecessor-version":[{"id":22225,"href":"https:\/\/www.bzdz.pl\/technikum-mundurowe-chojnice\/wp-json\/wp\/v2\/posts\/22196\/revisions\/22225"}],"wp:featuredmedia":[{"embeddable":true,"href":"https:\/\/www.bzdz.pl\/technikum-mundurowe-chojnice\/wp-json\/wp\/v2\/media\/22204"}],"wp:attachment":[{"href":"https:\/\/www.bzdz.pl\/technikum-mundurowe-chojnice\/wp-json\/wp\/v2\/media?parent=22196"}],"wp:term":[{"taxonomy":"category","embeddable":true,"href":"https:\/\/www.bzdz.pl\/technikum-mundurowe-chojnice\/wp-json\/wp\/v2\/categories?post=22196"},{"taxonomy":"post_tag","embeddable":true,"href":"https:\/\/www.bzdz.pl\/technikum-mundurowe-chojnice\/wp-json\/wp\/v2\/tags?post=22196"}],"curies":[{"name":"wp","href":"https:\/\/api.w.org\/{rel}","templated":true}]}}