{"id":22144,"date":"2026-04-17T13:14:26","date_gmt":"2026-04-17T11:14:26","guid":{"rendered":"https:\/\/www.bzdz.pl\/technikum-mundurowe-chojnice\/?p=22144"},"modified":"2026-04-17T13:14:26","modified_gmt":"2026-04-17T11:14:26","slug":"%f0%9f%91%ae%e2%99%82%ef%b8%8f-klasy-mundurowe-z-wizyta-w-akademii-policji-w-szczytnie-%f0%9f%9a%94","status":"publish","type":"post","link":"https:\/\/www.bzdz.pl\/technikum-mundurowe-chojnice\/%f0%9f%91%ae%e2%99%82%ef%b8%8f-klasy-mundurowe-z-wizyta-w-akademii-policji-w-szczytnie-%f0%9f%9a%94\/","title":{"rendered":"\ud83d\udc6e\u200d\u2642\ufe0f Klasy mundurowe z wizyt\u0105 w Akademii Policji w Szczytnie! \ud83d\ude94"},"content":{"rendered":"<div class=\"x14z9mp xat24cr x1lziwak x1vvkbs xtlvy1s x126k92a\">\n<div dir=\"auto\">Wczoraj (16.04) nasi uczniowie wzi\u0119li udzia\u0142 w wyj\u0105tkowych zaj\u0119ciach na terenie presti\u017cowej Akademii Policji w Szczytnie. To by\u0142 dzie\u0144 pe\u0142en wra\u017ce\u0144, wiedzy i prawdziwego, policyjnego treningu! <span class=\"html-span xexx8yu xyri2b x18d9i69 x1c1uobl x1hl2dhg x16tdsg8 x1vvkbs x3nfvp2 x1j61x8r x1fcty0u xdj266r xat24cr xm2jcoa x1mpyi22 xxymvpz xlup9mm x1kky2od\"><img loading=\"lazy\" decoding=\"async\" class=\"xz74otr x15mokao x1ga7v0g x16uus16 xbiv7yw\" src=\"https:\/\/static.xx.fbcdn.net\/images\/emoji.php\/v9\/t54\/1\/16\/1f9be.png\" alt=\"\ud83e\uddbe\" width=\"16\" height=\"16\" \/><\/span><\/div>\n<div dir=\"auto\">\u00a0<\/div>\n<\/div>\n<div class=\"x14z9mp xat24cr x1lziwak x1vvkbs xtlvy1s x126k92a\">\n<div dir=\"auto\">Co dzia\u0142o si\u0119 w Szczytnie?<\/div>\n<div dir=\"auto\">\u00a0<\/div>\n<\/div>\n<div class=\"x14z9mp xat24cr x1lziwak x1vvkbs xtlvy1s x126k92a\">\n<div dir=\"auto\"><span class=\"html-span xexx8yu xyri2b x18d9i69 x1c1uobl x1hl2dhg x16tdsg8 x1vvkbs x3nfvp2 x1j61x8r x1fcty0u xdj266r xat24cr xm2jcoa x1mpyi22 xxymvpz xlup9mm x1kky2od\"><img loading=\"lazy\" decoding=\"async\" class=\"xz74otr x15mokao x1ga7v0g x16uus16 xbiv7yw\" src=\"https:\/\/static.xx.fbcdn.net\/images\/emoji.php\/v9\/t33\/1\/16\/2705.png\" alt=\"\u2705\" width=\"16\" height=\"16\" \/><\/span> Rekrutacja od kulis \u2013 poznali\u015bmy zasady przyj\u0119\u0107 i bogat\u0105 histori\u0119 uczelni.<\/div>\n<\/div>\n<div class=\"x14z9mp xat24cr x1lziwak x1vvkbs xtlvy1s x126k92a\">\n<div dir=\"auto\"><span class=\"html-span xexx8yu xyri2b x18d9i69 x1c1uobl x1hl2dhg x16tdsg8 x1vvkbs x3nfvp2 x1j61x8r x1fcty0u xdj266r xat24cr xm2jcoa x1mpyi22 xxymvpz xlup9mm x1kky2od\"><img loading=\"lazy\" decoding=\"async\" class=\"xz74otr x15mokao x1ga7v0g x16uus16 xbiv7yw\" src=\"https:\/\/static.xx.fbcdn.net\/images\/emoji.php\/v9\/t33\/1\/16\/2705.png\" alt=\"\u2705\" width=\"16\" height=\"16\" \/><\/span> Sprawno\u015b\u0107 fizyczna \u2013 wizyta na hali sportowej i prezentacja toru przeszk\u00f3d, z kt\u00f3rym mierz\u0105 si\u0119 kandydaci do s\u0142u\u017cby.<\/div>\n<\/div>\n<div class=\"x14z9mp xat24cr x1lziwak x1vvkbs xtlvy1s x126k92a\">\n<div dir=\"auto\"><span class=\"html-span xexx8yu xyri2b x18d9i69 x1c1uobl x1hl2dhg x16tdsg8 x1vvkbs x3nfvp2 x1j61x8r x1fcty0u xdj266r xat24cr xm2jcoa x1mpyi22 xxymvpz xlup9mm x1kky2od\"><img loading=\"lazy\" decoding=\"async\" class=\"xz74otr x15mokao x1ga7v0g x16uus16 xbiv7yw\" src=\"https:\/\/static.xx.fbcdn.net\/images\/emoji.php\/v9\/t33\/1\/16\/2705.png\" alt=\"\u2705\" width=\"16\" height=\"16\" \/><\/span> Akcja i praktyka \u2013 brali\u015bmy udzia\u0142 w pokazach obezw\u0142adniania napastnika oraz profesjonalnym szkoleniu z pierwszej pomocy. Odwiedzili\u015bmy te\u017c robi\u0105ce wra\u017cenie sale symulacyjne! <span class=\"html-span xexx8yu xyri2b x18d9i69 x1c1uobl x1hl2dhg x16tdsg8 x1vvkbs x3nfvp2 x1j61x8r x1fcty0u xdj266r xat24cr xm2jcoa x1mpyi22 xxymvpz xlup9mm x1kky2od\"><img loading=\"lazy\" decoding=\"async\" class=\"xz74otr x15mokao x1ga7v0g x16uus16 xbiv7yw\" src=\"https:\/\/static.xx.fbcdn.net\/images\/emoji.php\/v9\/te6\/1\/16\/1f691.png\" alt=\"\ud83d\ude91\" width=\"16\" height=\"16\" \/><\/span><\/div>\n<\/div>\n<div class=\"x14z9mp xat24cr x1lziwak x1vvkbs xtlvy1s x126k92a\">\n<div dir=\"auto\"><span class=\"html-span xexx8yu xyri2b x18d9i69 x1c1uobl x1hl2dhg x16tdsg8 x1vvkbs x3nfvp2 x1j61x8r x1fcty0u xdj266r xat24cr xm2jcoa x1mpyi22 xxymvpz xlup9mm x1kky2od\"><img loading=\"lazy\" decoding=\"async\" class=\"xz74otr x15mokao x1ga7v0g x16uus16 xbiv7yw\" src=\"https:\/\/static.xx.fbcdn.net\/images\/emoji.php\/v9\/t33\/1\/16\/2705.png\" alt=\"\u2705\" width=\"16\" height=\"16\" \/><\/span> Biblioteka z misj\u0105 \u2013 zobaczyli\u015bmy, jak funkcjonuj\u0105 ogromne zbiory literatury fachowej.<\/div>\n<div dir=\"auto\">\u00a0<\/div>\n<\/div>\n<div class=\"x14z9mp xat24cr x1lziwak x1vvkbs xtlvy1s x126k92a\">\n<div dir=\"auto\">Po intensywnych \u0107wiczeniach przyszed\u0142 czas na tradycyjn\u0105 \u201epolicyjn\u0105 groch\u00f3wk\u0119\u201d <span class=\"html-span xexx8yu xyri2b x18d9i69 x1c1uobl x1hl2dhg x16tdsg8 x1vvkbs x3nfvp2 x1j61x8r x1fcty0u xdj266r xat24cr xm2jcoa x1mpyi22 xxymvpz xlup9mm x1kky2od\"><img loading=\"lazy\" decoding=\"async\" class=\"xz74otr x15mokao x1ga7v0g x16uus16 xbiv7yw\" src=\"https:\/\/static.xx.fbcdn.net\/images\/emoji.php\/v9\/tce\/1\/16\/1f963.png\" alt=\"\ud83e\udd63\" width=\"16\" height=\"16\" \/><\/span>, a w drodze powrotnej odwiedzili\u015bmy Pola Grunwaldu <span class=\"html-span xexx8yu xyri2b x18d9i69 x1c1uobl x1hl2dhg x16tdsg8 x1vvkbs x3nfvp2 x1j61x8r x1fcty0u xdj266r xat24cr xm2jcoa x1mpyi22 xxymvpz xlup9mm x1kky2od\"><img loading=\"lazy\" decoding=\"async\" class=\"xz74otr x15mokao x1ga7v0g x16uus16 xbiv7yw\" src=\"https:\/\/static.xx.fbcdn.net\/images\/emoji.php\/v9\/t8\/1\/16\/2694.png\" alt=\"\u2694\ufe0f\" width=\"16\" height=\"16\" \/><\/span> \u2013 miejsce jednej z najwa\u017cniejszych bitew w naszej historii.<\/div>\n<div dir=\"auto\">\u00a0<\/div>\n<\/div>\n<div class=\"x14z9mp xat24cr x1lziwak x1vvkbs xtlvy1s x126k92a\">\n<div dir=\"auto\">To by\u0142 dzie\u0144 pe\u0142en inspiracji! <span class=\"html-span xexx8yu xyri2b x18d9i69 x1c1uobl x1hl2dhg x16tdsg8 x1vvkbs x3nfvp2 x1j61x8r x1fcty0u xdj266r xat24cr xm2jcoa x1mpyi22 xxymvpz xlup9mm x1kky2od\"><img loading=\"lazy\" decoding=\"async\" class=\"xz74otr x15mokao x1ga7v0g x16uus16 xbiv7yw\" src=\"https:\/\/static.xx.fbcdn.net\/images\/emoji.php\/v9\/t6c\/1\/16\/1f499.png\" alt=\"\ud83d\udc99\" width=\"16\" height=\"16\" \/><\/span><span class=\"html-span xexx8yu xyri2b x18d9i69 x1c1uobl x1hl2dhg x16tdsg8 x1vvkbs x3nfvp2 x1j61x8r x1fcty0u xdj266r xat24cr xm2jcoa x1mpyi22 xxymvpz xlup9mm x1kky2od\"><img loading=\"lazy\" decoding=\"async\" class=\"xz74otr x15mokao x1ga7v0g x16uus16 xbiv7yw\" src=\"https:\/\/static.xx.fbcdn.net\/images\/emoji.php\/v9\/t29\/1\/16\/1f46e_200d_2640.png\" alt=\"\ud83d\udc6e\u200d\u2640\ufe0f\" width=\"16\" height=\"16\" \/><\/span><\/div>\n<\/div>\n<div dir=\"auto\">\u00a0<\/div>\n<div dir=\"auto\">Fot. Jacek Konieczny (SKS APwSz)<\/div>\n<div class=\"x14z9mp xat24cr x1lziwak x1vvkbs xtlvy1s x126k92a\">\n<div dir=\"auto\">\n<div class=\"et_pb_slider et_pb_slider_fullwidth_off et_pb_gallery_post_type\">\n\t\t\t\t<div class=\"et_pb_slides\">\n\t\t\t\t\t<div class=\"et_pb_slide\" style=\"background: url(https:\/\/www.bzdz.pl\/technikum-mundurowe-chojnice\/wp-content\/uploads\/2026\/04\/img-20260416-wa0002.jpg);\"><\/div><div class=\"et_pb_slide\" style=\"background: url(https:\/\/www.bzdz.pl\/technikum-mundurowe-chojnice\/wp-content\/uploads\/2026\/04\/img-20260416-wa0000.jpg);\"><\/div><div class=\"et_pb_slide\" style=\"background: url(https:\/\/www.bzdz.pl\/technikum-mundurowe-chojnice\/wp-content\/uploads\/2026\/04\/img-20260417-wa0019.jpg);\"><\/div><div class=\"et_pb_slide\" style=\"background: url(https:\/\/www.bzdz.pl\/technikum-mundurowe-chojnice\/wp-content\/uploads\/2026\/04\/img-20260417-wa0018.jpg);\"><\/div><div class=\"et_pb_slide\" style=\"background: url(https:\/\/www.bzdz.pl\/technikum-mundurowe-chojnice\/wp-content\/uploads\/2026\/04\/img-20260417-wa0020.jpg);\"><\/div><div class=\"et_pb_slide\" style=\"background: url(https:\/\/www.bzdz.pl\/technikum-mundurowe-chojnice\/wp-content\/uploads\/2026\/04\/img-20260417-wa0021.jpg);\"><\/div><div class=\"et_pb_slide\" style=\"background: url(https:\/\/www.bzdz.pl\/technikum-mundurowe-chojnice\/wp-content\/uploads\/2026\/04\/img-20260417-wa0022.jpg);\"><\/div>\n\t\t\t\t<\/div>\n\t\t\t<\/div>\n<\/div>\n<\/div>\n","protected":false},"excerpt":{"rendered":"<p>Wczoraj (16.04) nasi uczniowie wzi\u0119li udzia\u0142 w wyj\u0105tkowych zaj\u0119ciach na terenie presti\u017cowej Akademii Policji w Szczytnie. To by\u0142 dzie\u0144 pe\u0142en wra\u017ce\u0144, wiedzy i prawdziwego, policyjnego treningu! \u00a0 Co dzia\u0142o si\u0119 w Szczytnie? \u00a0 Rekrutacja od kulis \u2013 poznali\u015bmy zasady przyj\u0119\u0107 i bogat\u0105 histori\u0119 uczelni. Sprawno\u015b\u0107 fizyczna \u2013 wizyta na hali sportowej i prezentacja toru przeszk\u00f3d, [&hellip;]<\/p>\n","protected":false},"author":6,"featured_media":22146,"comment_status":"open","ping_status":"open","sticky":false,"template":"","format":"standard","meta":{"_et_pb_use_builder":"","_et_pb_old_content":"","_et_gb_content_width":"","footnotes":""},"categories":[1],"tags":[],"class_list":["post-22144","post","type-post","status-publish","format-standard","has-post-thumbnail","hentry","category-aktualnosci"],"yoast_head":"<!-- This site is optimized with the Yoast SEO plugin v27.5 - https:\/\/yoast.com\/product\/yoast-seo-wordpress\/ -->\n<title>\ud83d\udc6e\u200d\u2642\ufe0f Klasy mundurowe z wizyt\u0105 w Akademii Policji w Szczytnie! \ud83d\ude94 - Technikum Chojnice<\/title>\n<meta name=\"robots\" content=\"index, follow, max-snippet:-1, max-image-preview:large, max-video-preview:-1\" \/>\n<link rel=\"canonical\" href=\"https:\/\/www.bzdz.pl\/technikum-mundurowe-chojnice\/\ud83d\udc6e\u2642\ufe0f-klasy-mundurowe-z-wizyta-w-akademii-policji-w-szczytnie-\ud83d\ude94\/\" \/>\n<meta property=\"og:locale\" content=\"pl_PL\" \/>\n<meta property=\"og:type\" content=\"article\" \/>\n<meta property=\"og:title\" content=\"\ud83d\udc6e\u200d\u2642\ufe0f Klasy mundurowe z wizyt\u0105 w Akademii Policji w Szczytnie! \ud83d\ude94 - Technikum Chojnice\" \/>\n<meta property=\"og:description\" content=\"Wczoraj (16.04) nasi uczniowie wzi\u0119li udzia\u0142 w wyj\u0105tkowych zaj\u0119ciach na terenie presti\u017cowej Akademii Policji w Szczytnie. To by\u0142 dzie\u0144 pe\u0142en wra\u017ce\u0144, wiedzy i prawdziwego, policyjnego treningu! \u00a0 Co dzia\u0142o si\u0119 w Szczytnie? \u00a0 Rekrutacja od kulis \u2013 poznali\u015bmy zasady przyj\u0119\u0107 i bogat\u0105 histori\u0119 uczelni. Sprawno\u015b\u0107 fizyczna \u2013 wizyta na hali sportowej i prezentacja toru przeszk\u00f3d, [&hellip;]\" \/>\n<meta property=\"og:url\" content=\"https:\/\/www.bzdz.pl\/technikum-mundurowe-chojnice\/\ud83d\udc6e\u2642\ufe0f-klasy-mundurowe-z-wizyta-w-akademii-policji-w-szczytnie-\ud83d\ude94\/\" \/>\n<meta property=\"og:site_name\" content=\"Technikum Chojnice\" \/>\n<meta property=\"article:published_time\" content=\"2026-04-17T11:14:26+00:00\" \/>\n<meta property=\"og:image\" content=\"https:\/\/www.bzdz.pl\/technikum-mundurowe-chojnice\/wp-content\/uploads\/2026\/04\/img-20260416-wa0000.jpg\" \/>\n\t<meta property=\"og:image:width\" content=\"1600\" \/>\n\t<meta property=\"og:image:height\" content=\"1200\" \/>\n\t<meta property=\"og:image:type\" content=\"image\/jpeg\" \/>\n<meta name=\"author\" content=\"Przemys\u0142aw Podemski\" \/>\n<meta name=\"twitter:card\" content=\"summary_large_image\" \/>\n<meta name=\"twitter:label1\" content=\"Napisane przez\" \/>\n\t<meta name=\"twitter:data1\" content=\"Przemys\u0142aw Podemski\" \/>\n\t<meta name=\"twitter:label2\" content=\"Szacowany czas czytania\" \/>\n\t<meta name=\"twitter:data2\" content=\"3 minuty\" \/>\n<script type=\"application\/ld+json\" class=\"yoast-schema-graph\">{\"@context\":\"https:\\\/\\\/schema.org\",\"@graph\":[{\"@type\":\"Article\",\"@id\":\"https:\\\/\\\/www.bzdz.pl\\\/technikum-mundurowe-chojnice\\\/%f0%9f%91%ae%e2%99%82%ef%b8%8f-klasy-mundurowe-z-wizyta-w-akademii-policji-w-szczytnie-%f0%9f%9a%94\\\/#article\",\"isPartOf\":{\"@id\":\"https:\\\/\\\/www.bzdz.pl\\\/technikum-mundurowe-chojnice\\\/%f0%9f%91%ae%e2%99%82%ef%b8%8f-klasy-mundurowe-z-wizyta-w-akademii-policji-w-szczytnie-%f0%9f%9a%94\\\/\"},\"author\":{\"name\":\"Przemys\u0142aw Podemski\",\"@id\":\"https:\\\/\\\/www.bzdz.pl\\\/technikum-mundurowe-chojnice\\\/#\\\/schema\\\/person\\\/9f1e2b7e72ae0cb00e5b108859ec94f7\"},\"headline\":\"\ud83d\udc6e\u200d\u2642\ufe0f Klasy mundurowe z wizyt\u0105 w Akademii Policji w Szczytnie! \ud83d\ude94\",\"datePublished\":\"2026-04-17T11:14:26+00:00\",\"mainEntityOfPage\":{\"@id\":\"https:\\\/\\\/www.bzdz.pl\\\/technikum-mundurowe-chojnice\\\/%f0%9f%91%ae%e2%99%82%ef%b8%8f-klasy-mundurowe-z-wizyta-w-akademii-policji-w-szczytnie-%f0%9f%9a%94\\\/\"},\"wordCount\":155,\"commentCount\":0,\"image\":{\"@id\":\"https:\\\/\\\/www.bzdz.pl\\\/technikum-mundurowe-chojnice\\\/%f0%9f%91%ae%e2%99%82%ef%b8%8f-klasy-mundurowe-z-wizyta-w-akademii-policji-w-szczytnie-%f0%9f%9a%94\\\/#primaryimage\"},\"thumbnailUrl\":\"https:\\\/\\\/www.bzdz.pl\\\/technikum-mundurowe-chojnice\\\/wp-content\\\/uploads\\\/2026\\\/04\\\/img-20260416-wa0000.jpg\",\"articleSection\":[\"Aktualno\u015bci\"],\"inLanguage\":\"pl-PL\",\"potentialAction\":[{\"@type\":\"CommentAction\",\"name\":\"Comment\",\"target\":[\"https:\\\/\\\/www.bzdz.pl\\\/technikum-mundurowe-chojnice\\\/%f0%9f%91%ae%e2%99%82%ef%b8%8f-klasy-mundurowe-z-wizyta-w-akademii-policji-w-szczytnie-%f0%9f%9a%94\\\/#respond\"]}]},{\"@type\":\"WebPage\",\"@id\":\"https:\\\/\\\/www.bzdz.pl\\\/technikum-mundurowe-chojnice\\\/%f0%9f%91%ae%e2%99%82%ef%b8%8f-klasy-mundurowe-z-wizyta-w-akademii-policji-w-szczytnie-%f0%9f%9a%94\\\/\",\"url\":\"https:\\\/\\\/www.bzdz.pl\\\/technikum-mundurowe-chojnice\\\/%f0%9f%91%ae%e2%99%82%ef%b8%8f-klasy-mundurowe-z-wizyta-w-akademii-policji-w-szczytnie-%f0%9f%9a%94\\\/\",\"name\":\"\ud83d\udc6e\u200d\u2642\ufe0f Klasy mundurowe z wizyt\u0105 w Akademii Policji w Szczytnie! \ud83d\ude94 - Technikum Chojnice\",\"isPartOf\":{\"@id\":\"https:\\\/\\\/www.bzdz.pl\\\/technikum-mundurowe-chojnice\\\/#website\"},\"primaryImageOfPage\":{\"@id\":\"https:\\\/\\\/www.bzdz.pl\\\/technikum-mundurowe-chojnice\\\/%f0%9f%91%ae%e2%99%82%ef%b8%8f-klasy-mundurowe-z-wizyta-w-akademii-policji-w-szczytnie-%f0%9f%9a%94\\\/#primaryimage\"},\"image\":{\"@id\":\"https:\\\/\\\/www.bzdz.pl\\\/technikum-mundurowe-chojnice\\\/%f0%9f%91%ae%e2%99%82%ef%b8%8f-klasy-mundurowe-z-wizyta-w-akademii-policji-w-szczytnie-%f0%9f%9a%94\\\/#primaryimage\"},\"thumbnailUrl\":\"https:\\\/\\\/www.bzdz.pl\\\/technikum-mundurowe-chojnice\\\/wp-content\\\/uploads\\\/2026\\\/04\\\/img-20260416-wa0000.jpg\",\"datePublished\":\"2026-04-17T11:14:26+00:00\",\"author\":{\"@id\":\"https:\\\/\\\/www.bzdz.pl\\\/technikum-mundurowe-chojnice\\\/#\\\/schema\\\/person\\\/9f1e2b7e72ae0cb00e5b108859ec94f7\"},\"breadcrumb\":{\"@id\":\"https:\\\/\\\/www.bzdz.pl\\\/technikum-mundurowe-chojnice\\\/%f0%9f%91%ae%e2%99%82%ef%b8%8f-klasy-mundurowe-z-wizyta-w-akademii-policji-w-szczytnie-%f0%9f%9a%94\\\/#breadcrumb\"},\"inLanguage\":\"pl-PL\",\"potentialAction\":[{\"@type\":\"ReadAction\",\"target\":[\"https:\\\/\\\/www.bzdz.pl\\\/technikum-mundurowe-chojnice\\\/%f0%9f%91%ae%e2%99%82%ef%b8%8f-klasy-mundurowe-z-wizyta-w-akademii-policji-w-szczytnie-%f0%9f%9a%94\\\/\"]}]},{\"@type\":\"ImageObject\",\"inLanguage\":\"pl-PL\",\"@id\":\"https:\\\/\\\/www.bzdz.pl\\\/technikum-mundurowe-chojnice\\\/%f0%9f%91%ae%e2%99%82%ef%b8%8f-klasy-mundurowe-z-wizyta-w-akademii-policji-w-szczytnie-%f0%9f%9a%94\\\/#primaryimage\",\"url\":\"https:\\\/\\\/www.bzdz.pl\\\/technikum-mundurowe-chojnice\\\/wp-content\\\/uploads\\\/2026\\\/04\\\/img-20260416-wa0000.jpg\",\"contentUrl\":\"https:\\\/\\\/www.bzdz.pl\\\/technikum-mundurowe-chojnice\\\/wp-content\\\/uploads\\\/2026\\\/04\\\/img-20260416-wa0000.jpg\",\"width\":1600,\"height\":1200},{\"@type\":\"BreadcrumbList\",\"@id\":\"https:\\\/\\\/www.bzdz.pl\\\/technikum-mundurowe-chojnice\\\/%f0%9f%91%ae%e2%99%82%ef%b8%8f-klasy-mundurowe-z-wizyta-w-akademii-policji-w-szczytnie-%f0%9f%9a%94\\\/#breadcrumb\",\"itemListElement\":[{\"@type\":\"ListItem\",\"position\":1,\"name\":\"Strona g\u0142\u00f3wna\",\"item\":\"https:\\\/\\\/www.bzdz.pl\\\/technikum-mundurowe-chojnice\\\/\"},{\"@type\":\"ListItem\",\"position\":2,\"name\":\"\ud83d\udc6e\u200d\u2642\ufe0f Klasy mundurowe z wizyt\u0105 w Akademii Policji w Szczytnie! \ud83d\ude94\"}]},{\"@type\":\"WebSite\",\"@id\":\"https:\\\/\\\/www.bzdz.pl\\\/technikum-mundurowe-chojnice\\\/#website\",\"url\":\"https:\\\/\\\/www.bzdz.pl\\\/technikum-mundurowe-chojnice\\\/\",\"name\":\"Technikum Chojnice\",\"description\":\"\",\"potentialAction\":[{\"@type\":\"SearchAction\",\"target\":{\"@type\":\"EntryPoint\",\"urlTemplate\":\"https:\\\/\\\/www.bzdz.pl\\\/technikum-mundurowe-chojnice\\\/?s={search_term_string}\"},\"query-input\":{\"@type\":\"PropertyValueSpecification\",\"valueRequired\":true,\"valueName\":\"search_term_string\"}}],\"inLanguage\":\"pl-PL\"},{\"@type\":\"Person\",\"@id\":\"https:\\\/\\\/www.bzdz.pl\\\/technikum-mundurowe-chojnice\\\/#\\\/schema\\\/person\\\/9f1e2b7e72ae0cb00e5b108859ec94f7\",\"name\":\"Przemys\u0142aw Podemski\",\"image\":{\"@type\":\"ImageObject\",\"inLanguage\":\"pl-PL\",\"@id\":\"https:\\\/\\\/secure.gravatar.com\\\/avatar\\\/d29c4222801c7bc744f707fc56cbc7ede945b6cd8fa0cc56469e04ba1e466eec?s=96&d=mm&r=g\",\"url\":\"https:\\\/\\\/secure.gravatar.com\\\/avatar\\\/d29c4222801c7bc744f707fc56cbc7ede945b6cd8fa0cc56469e04ba1e466eec?s=96&d=mm&r=g\",\"contentUrl\":\"https:\\\/\\\/secure.gravatar.com\\\/avatar\\\/d29c4222801c7bc744f707fc56cbc7ede945b6cd8fa0cc56469e04ba1e466eec?s=96&d=mm&r=g\",\"caption\":\"Przemys\u0142aw Podemski\"}}]}<\/script>\n<!-- \/ Yoast SEO plugin. -->","yoast_head_json":{"title":"\ud83d\udc6e\u200d\u2642\ufe0f Klasy mundurowe z wizyt\u0105 w Akademii Policji w Szczytnie! \ud83d\ude94 - Technikum Chojnice","robots":{"index":"index","follow":"follow","max-snippet":"max-snippet:-1","max-image-preview":"max-image-preview:large","max-video-preview":"max-video-preview:-1"},"canonical":"https:\/\/www.bzdz.pl\/technikum-mundurowe-chojnice\/\ud83d\udc6e\u2642\ufe0f-klasy-mundurowe-z-wizyta-w-akademii-policji-w-szczytnie-\ud83d\ude94\/","og_locale":"pl_PL","og_type":"article","og_title":"\ud83d\udc6e\u200d\u2642\ufe0f Klasy mundurowe z wizyt\u0105 w Akademii Policji w Szczytnie! \ud83d\ude94 - Technikum Chojnice","og_description":"Wczoraj (16.04) nasi uczniowie wzi\u0119li udzia\u0142 w wyj\u0105tkowych zaj\u0119ciach na terenie presti\u017cowej Akademii Policji w Szczytnie. To by\u0142 dzie\u0144 pe\u0142en wra\u017ce\u0144, wiedzy i prawdziwego, policyjnego treningu! \u00a0 Co dzia\u0142o si\u0119 w Szczytnie? \u00a0 Rekrutacja od kulis \u2013 poznali\u015bmy zasady przyj\u0119\u0107 i bogat\u0105 histori\u0119 uczelni. Sprawno\u015b\u0107 fizyczna \u2013 wizyta na hali sportowej i prezentacja toru przeszk\u00f3d, [&hellip;]","og_url":"https:\/\/www.bzdz.pl\/technikum-mundurowe-chojnice\/\ud83d\udc6e\u2642\ufe0f-klasy-mundurowe-z-wizyta-w-akademii-policji-w-szczytnie-\ud83d\ude94\/","og_site_name":"Technikum Chojnice","article_published_time":"2026-04-17T11:14:26+00:00","og_image":[{"width":1600,"height":1200,"url":"https:\/\/www.bzdz.pl\/technikum-mundurowe-chojnice\/wp-content\/uploads\/2026\/04\/img-20260416-wa0000.jpg","type":"image\/jpeg"}],"author":"Przemys\u0142aw Podemski","twitter_card":"summary_large_image","twitter_misc":{"Napisane przez":"Przemys\u0142aw Podemski","Szacowany czas czytania":"3 minuty"},"schema":{"@context":"https:\/\/schema.org","@graph":[{"@type":"Article","@id":"https:\/\/www.bzdz.pl\/technikum-mundurowe-chojnice\/%f0%9f%91%ae%e2%99%82%ef%b8%8f-klasy-mundurowe-z-wizyta-w-akademii-policji-w-szczytnie-%f0%9f%9a%94\/#article","isPartOf":{"@id":"https:\/\/www.bzdz.pl\/technikum-mundurowe-chojnice\/%f0%9f%91%ae%e2%99%82%ef%b8%8f-klasy-mundurowe-z-wizyta-w-akademii-policji-w-szczytnie-%f0%9f%9a%94\/"},"author":{"name":"Przemys\u0142aw Podemski","@id":"https:\/\/www.bzdz.pl\/technikum-mundurowe-chojnice\/#\/schema\/person\/9f1e2b7e72ae0cb00e5b108859ec94f7"},"headline":"\ud83d\udc6e\u200d\u2642\ufe0f Klasy mundurowe z wizyt\u0105 w Akademii Policji w Szczytnie! \ud83d\ude94","datePublished":"2026-04-17T11:14:26+00:00","mainEntityOfPage":{"@id":"https:\/\/www.bzdz.pl\/technikum-mundurowe-chojnice\/%f0%9f%91%ae%e2%99%82%ef%b8%8f-klasy-mundurowe-z-wizyta-w-akademii-policji-w-szczytnie-%f0%9f%9a%94\/"},"wordCount":155,"commentCount":0,"image":{"@id":"https:\/\/www.bzdz.pl\/technikum-mundurowe-chojnice\/%f0%9f%91%ae%e2%99%82%ef%b8%8f-klasy-mundurowe-z-wizyta-w-akademii-policji-w-szczytnie-%f0%9f%9a%94\/#primaryimage"},"thumbnailUrl":"https:\/\/www.bzdz.pl\/technikum-mundurowe-chojnice\/wp-content\/uploads\/2026\/04\/img-20260416-wa0000.jpg","articleSection":["Aktualno\u015bci"],"inLanguage":"pl-PL","potentialAction":[{"@type":"CommentAction","name":"Comment","target":["https:\/\/www.bzdz.pl\/technikum-mundurowe-chojnice\/%f0%9f%91%ae%e2%99%82%ef%b8%8f-klasy-mundurowe-z-wizyta-w-akademii-policji-w-szczytnie-%f0%9f%9a%94\/#respond"]}]},{"@type":"WebPage","@id":"https:\/\/www.bzdz.pl\/technikum-mundurowe-chojnice\/%f0%9f%91%ae%e2%99%82%ef%b8%8f-klasy-mundurowe-z-wizyta-w-akademii-policji-w-szczytnie-%f0%9f%9a%94\/","url":"https:\/\/www.bzdz.pl\/technikum-mundurowe-chojnice\/%f0%9f%91%ae%e2%99%82%ef%b8%8f-klasy-mundurowe-z-wizyta-w-akademii-policji-w-szczytnie-%f0%9f%9a%94\/","name":"\ud83d\udc6e\u200d\u2642\ufe0f Klasy mundurowe z wizyt\u0105 w Akademii Policji w Szczytnie! \ud83d\ude94 - Technikum Chojnice","isPartOf":{"@id":"https:\/\/www.bzdz.pl\/technikum-mundurowe-chojnice\/#website"},"primaryImageOfPage":{"@id":"https:\/\/www.bzdz.pl\/technikum-mundurowe-chojnice\/%f0%9f%91%ae%e2%99%82%ef%b8%8f-klasy-mundurowe-z-wizyta-w-akademii-policji-w-szczytnie-%f0%9f%9a%94\/#primaryimage"},"image":{"@id":"https:\/\/www.bzdz.pl\/technikum-mundurowe-chojnice\/%f0%9f%91%ae%e2%99%82%ef%b8%8f-klasy-mundurowe-z-wizyta-w-akademii-policji-w-szczytnie-%f0%9f%9a%94\/#primaryimage"},"thumbnailUrl":"https:\/\/www.bzdz.pl\/technikum-mundurowe-chojnice\/wp-content\/uploads\/2026\/04\/img-20260416-wa0000.jpg","datePublished":"2026-04-17T11:14:26+00:00","author":{"@id":"https:\/\/www.bzdz.pl\/technikum-mundurowe-chojnice\/#\/schema\/person\/9f1e2b7e72ae0cb00e5b108859ec94f7"},"breadcrumb":{"@id":"https:\/\/www.bzdz.pl\/technikum-mundurowe-chojnice\/%f0%9f%91%ae%e2%99%82%ef%b8%8f-klasy-mundurowe-z-wizyta-w-akademii-policji-w-szczytnie-%f0%9f%9a%94\/#breadcrumb"},"inLanguage":"pl-PL","potentialAction":[{"@type":"ReadAction","target":["https:\/\/www.bzdz.pl\/technikum-mundurowe-chojnice\/%f0%9f%91%ae%e2%99%82%ef%b8%8f-klasy-mundurowe-z-wizyta-w-akademii-policji-w-szczytnie-%f0%9f%9a%94\/"]}]},{"@type":"ImageObject","inLanguage":"pl-PL","@id":"https:\/\/www.bzdz.pl\/technikum-mundurowe-chojnice\/%f0%9f%91%ae%e2%99%82%ef%b8%8f-klasy-mundurowe-z-wizyta-w-akademii-policji-w-szczytnie-%f0%9f%9a%94\/#primaryimage","url":"https:\/\/www.bzdz.pl\/technikum-mundurowe-chojnice\/wp-content\/uploads\/2026\/04\/img-20260416-wa0000.jpg","contentUrl":"https:\/\/www.bzdz.pl\/technikum-mundurowe-chojnice\/wp-content\/uploads\/2026\/04\/img-20260416-wa0000.jpg","width":1600,"height":1200},{"@type":"BreadcrumbList","@id":"https:\/\/www.bzdz.pl\/technikum-mundurowe-chojnice\/%f0%9f%91%ae%e2%99%82%ef%b8%8f-klasy-mundurowe-z-wizyta-w-akademii-policji-w-szczytnie-%f0%9f%9a%94\/#breadcrumb","itemListElement":[{"@type":"ListItem","position":1,"name":"Strona g\u0142\u00f3wna","item":"https:\/\/www.bzdz.pl\/technikum-mundurowe-chojnice\/"},{"@type":"ListItem","position":2,"name":"\ud83d\udc6e\u200d\u2642\ufe0f Klasy mundurowe z wizyt\u0105 w Akademii Policji w Szczytnie! \ud83d\ude94"}]},{"@type":"WebSite","@id":"https:\/\/www.bzdz.pl\/technikum-mundurowe-chojnice\/#website","url":"https:\/\/www.bzdz.pl\/technikum-mundurowe-chojnice\/","name":"Technikum Chojnice","description":"","potentialAction":[{"@type":"SearchAction","target":{"@type":"EntryPoint","urlTemplate":"https:\/\/www.bzdz.pl\/technikum-mundurowe-chojnice\/?s={search_term_string}"},"query-input":{"@type":"PropertyValueSpecification","valueRequired":true,"valueName":"search_term_string"}}],"inLanguage":"pl-PL"},{"@type":"Person","@id":"https:\/\/www.bzdz.pl\/technikum-mundurowe-chojnice\/#\/schema\/person\/9f1e2b7e72ae0cb00e5b108859ec94f7","name":"Przemys\u0142aw Podemski","image":{"@type":"ImageObject","inLanguage":"pl-PL","@id":"https:\/\/secure.gravatar.com\/avatar\/d29c4222801c7bc744f707fc56cbc7ede945b6cd8fa0cc56469e04ba1e466eec?s=96&d=mm&r=g","url":"https:\/\/secure.gravatar.com\/avatar\/d29c4222801c7bc744f707fc56cbc7ede945b6cd8fa0cc56469e04ba1e466eec?s=96&d=mm&r=g","contentUrl":"https:\/\/secure.gravatar.com\/avatar\/d29c4222801c7bc744f707fc56cbc7ede945b6cd8fa0cc56469e04ba1e466eec?s=96&d=mm&r=g","caption":"Przemys\u0142aw Podemski"}}]}},"_links":{"self":[{"href":"https:\/\/www.bzdz.pl\/technikum-mundurowe-chojnice\/wp-json\/wp\/v2\/posts\/22144","targetHints":{"allow":["GET"]}}],"collection":[{"href":"https:\/\/www.bzdz.pl\/technikum-mundurowe-chojnice\/wp-json\/wp\/v2\/posts"}],"about":[{"href":"https:\/\/www.bzdz.pl\/technikum-mundurowe-chojnice\/wp-json\/wp\/v2\/types\/post"}],"author":[{"embeddable":true,"href":"https:\/\/www.bzdz.pl\/technikum-mundurowe-chojnice\/wp-json\/wp\/v2\/users\/6"}],"replies":[{"embeddable":true,"href":"https:\/\/www.bzdz.pl\/technikum-mundurowe-chojnice\/wp-json\/wp\/v2\/comments?post=22144"}],"version-history":[{"count":4,"href":"https:\/\/www.bzdz.pl\/technikum-mundurowe-chojnice\/wp-json\/wp\/v2\/posts\/22144\/revisions"}],"predecessor-version":[{"id":22156,"href":"https:\/\/www.bzdz.pl\/technikum-mundurowe-chojnice\/wp-json\/wp\/v2\/posts\/22144\/revisions\/22156"}],"wp:featuredmedia":[{"embeddable":true,"href":"https:\/\/www.bzdz.pl\/technikum-mundurowe-chojnice\/wp-json\/wp\/v2\/media\/22146"}],"wp:attachment":[{"href":"https:\/\/www.bzdz.pl\/technikum-mundurowe-chojnice\/wp-json\/wp\/v2\/media?parent=22144"}],"wp:term":[{"taxonomy":"category","embeddable":true,"href":"https:\/\/www.bzdz.pl\/technikum-mundurowe-chojnice\/wp-json\/wp\/v2\/categories?post=22144"},{"taxonomy":"post_tag","embeddable":true,"href":"https:\/\/www.bzdz.pl\/technikum-mundurowe-chojnice\/wp-json\/wp\/v2\/tags?post=22144"}],"curies":[{"name":"wp","href":"https:\/\/api.w.org\/{rel}","templated":true}]}}