{"id":17264,"date":"2023-06-16T10:58:47","date_gmt":"2023-06-16T08:58:47","guid":{"rendered":"https:\/\/www.bzdz.pl\/technikum-mundurowe-chojnice\/?p=17264"},"modified":"2023-06-16T10:58:47","modified_gmt":"2023-06-16T08:58:47","slug":"ix-sesja-mlodziezowej-rady-miejskiej","status":"publish","type":"post","link":"https:\/\/www.bzdz.pl\/technikum-mundurowe-chojnice\/ix-sesja-mlodziezowej-rady-miejskiej\/","title":{"rendered":"IX sesja M\u0142odzie\u017cowej Rady Miejskiej"},"content":{"rendered":"<p><img loading=\"lazy\" decoding=\"async\" class=\"alignnone size-full wp-image-17267\" src=\"https:\/\/www.bzdz.pl\/technikum-mundurowe-chojnice\/wp-content\/uploads\/2023\/06\/received-983198239388070.jpeg\" alt=\"\" width=\"713\" height=\"950\" srcset=\"https:\/\/www.bzdz.pl\/technikum-mundurowe-chojnice\/wp-content\/uploads\/2023\/06\/received-983198239388070.jpeg 713w, https:\/\/www.bzdz.pl\/technikum-mundurowe-chojnice\/wp-content\/uploads\/2023\/06\/received-983198239388070-480x640.jpeg 480w\" sizes=\"(min-width: 0px) and (max-width: 480px) 480px, (min-width: 481px) 713px, 100vw\" \/><\/p>\n<p>Dnia 13.06.2023r. podczas IX sesji M\u0142odzie\u017cowej Rady Miejskiej w Chojnicach m.in. odby\u0142y si\u0119 wybory przewodnicz\u0105cego i wiceprzewodnicz\u0105cego MRM.\u00a0<\/p>\n<p>Wiceprzewodnicz\u0105c\u0105 zosta\u0142a Nasza uczennica Kornelia Lis z klasy 2a.\u00a0 &#x1f973;&#x1f973;&#x1f973;&#x1f973;\u00a0<\/p>\n<p>Na sesji r\u00f3wnie\u017c by\u0142y informacje o dzia\u0142aniach podejmowanych przez radnych, uchwa\u0142a w sprawie zmian w bud\u017cecie MRM w zwi\u0105zku z organizacja seans\u00f3w kina plenerowego oraz dyskusja.\u00a0<\/p>\n<p>Gratulujemy i kibicujemy Kornelii. &#x1f600;&#x1f600;&#x1f600;<\/p>\n<p>Tekst: J. Borzyszkowska<\/p>\n<p><img loading=\"lazy\" decoding=\"async\" class=\"alignnone size-large wp-image-17268\" src=\"https:\/\/www.bzdz.pl\/technikum-mundurowe-chojnice\/wp-content\/uploads\/2023\/06\/received-208025895038380-1024x768.jpeg\" alt=\"\" width=\"840\" height=\"630\" \/><\/p>\n<p><img loading=\"lazy\" decoding=\"async\" class=\"alignnone size-large wp-image-17269\" src=\"https:\/\/www.bzdz.pl\/technikum-mundurowe-chojnice\/wp-content\/uploads\/2023\/06\/received-227758946718228-1024x575.jpeg\" alt=\"\" width=\"840\" height=\"472\" \/><\/p>\n<p><img loading=\"lazy\" decoding=\"async\" class=\"alignnone size-large wp-image-17270\" src=\"https:\/\/www.bzdz.pl\/technikum-mundurowe-chojnice\/wp-content\/uploads\/2023\/06\/received-996190771563805-1024x575.jpeg\" alt=\"\" width=\"840\" height=\"472\" \/><\/p>\n","protected":false},"excerpt":{"rendered":"<p>Dnia 13.06.2023r. podczas IX sesji M\u0142odzie\u017cowej Rady Miejskiej w Chojnicach m.in. odby\u0142y si\u0119 wybory przewodnicz\u0105cego i wiceprzewodnicz\u0105cego MRM.\u00a0 Wiceprzewodnicz\u0105c\u0105 zosta\u0142a Nasza uczennica Kornelia Lis z klasy 2a.\u00a0 &#x1f973;&#x1f973;&#x1f973;&#x1f973;\u00a0 Na sesji r\u00f3wnie\u017c by\u0142y informacje o dzia\u0142aniach podejmowanych przez radnych, uchwa\u0142a w sprawie zmian w bud\u017cecie MRM w zwi\u0105zku z organizacja seans\u00f3w kina plenerowego oraz dyskusja.\u00a0 Gratulujemy [&hellip;]<\/p>\n","protected":false},"author":6,"featured_media":0,"comment_status":"closed","ping_status":"closed","sticky":false,"template":"","format":"standard","meta":{"_et_pb_use_builder":"","_et_pb_old_content":"","_et_gb_content_width":"","footnotes":""},"categories":[1],"tags":[],"class_list":["post-17264","post","type-post","status-publish","format-standard","hentry","category-aktualnosci"],"yoast_head":"<!-- This site is optimized with the Yoast SEO plugin v28.4 - https:\/\/yoast.com\/product\/yoast-seo-wordpress\/ -->\n<title>IX sesja M\u0142odzie\u017cowej Rady Miejskiej - Technikum Chojnice<\/title>\n<meta name=\"robots\" content=\"index, follow, max-snippet:-1, max-image-preview:large, max-video-preview:-1\" \/>\n<link rel=\"canonical\" href=\"https:\/\/www.bzdz.pl\/technikum-mundurowe-chojnice\/ix-sesja-mlodziezowej-rady-miejskiej\/\" \/>\n<meta property=\"og:locale\" content=\"pl_PL\" \/>\n<meta property=\"og:type\" content=\"article\" \/>\n<meta property=\"og:title\" content=\"IX sesja M\u0142odzie\u017cowej Rady Miejskiej - Technikum Chojnice\" \/>\n<meta property=\"og:description\" content=\"Dnia 13.06.2023r. podczas IX sesji M\u0142odzie\u017cowej Rady Miejskiej w Chojnicach m.in. odby\u0142y si\u0119 wybory przewodnicz\u0105cego i wiceprzewodnicz\u0105cego MRM.\u00a0 Wiceprzewodnicz\u0105c\u0105 zosta\u0142a Nasza uczennica Kornelia Lis z klasy 2a.\u00a0 &#x1f973;&#x1f973;&#x1f973;&#x1f973;\u00a0 Na sesji r\u00f3wnie\u017c by\u0142y informacje o dzia\u0142aniach podejmowanych przez radnych, uchwa\u0142a w sprawie zmian w bud\u017cecie MRM w zwi\u0105zku z organizacja seans\u00f3w kina plenerowego oraz dyskusja.\u00a0 Gratulujemy [&hellip;]\" \/>\n<meta property=\"og:url\" content=\"https:\/\/www.bzdz.pl\/technikum-mundurowe-chojnice\/ix-sesja-mlodziezowej-rady-miejskiej\/\" \/>\n<meta property=\"og:site_name\" content=\"Technikum Chojnice\" \/>\n<meta property=\"article:published_time\" content=\"2023-06-16T08:58:47+00:00\" \/>\n<meta property=\"og:image\" content=\"https:\/\/www.bzdz.pl\/technikum-mundurowe-chojnice\/wp-content\/uploads\/2023\/06\/received-983198239388070.jpeg\" \/>\n<meta name=\"author\" content=\"Przemys\u0142aw Podemski\" \/>\n<meta name=\"twitter:card\" content=\"summary_large_image\" \/>\n<meta name=\"twitter:label1\" content=\"Napisane przez\" \/>\n\t<meta name=\"twitter:data1\" content=\"Przemys\u0142aw Podemski\" \/>\n\t<meta name=\"twitter:label2\" content=\"Szacowany czas czytania\" \/>\n\t<meta name=\"twitter:data2\" content=\"2 minuty\" \/>\n<script type=\"application\/ld+json\" class=\"yoast-schema-graph\">{\"@context\":\"https:\\\/\\\/schema.org\",\"@graph\":[{\"@type\":\"Article\",\"@id\":\"https:\\\/\\\/www.bzdz.pl\\\/technikum-mundurowe-chojnice\\\/ix-sesja-mlodziezowej-rady-miejskiej\\\/#article\",\"isPartOf\":{\"@id\":\"https:\\\/\\\/www.bzdz.pl\\\/technikum-mundurowe-chojnice\\\/ix-sesja-mlodziezowej-rady-miejskiej\\\/\"},\"author\":{\"name\":\"Przemys\u0142aw Podemski\",\"@id\":\"https:\\\/\\\/www.bzdz.pl\\\/technikum-mundurowe-chojnice\\\/#\\\/schema\\\/person\\\/9f1e2b7e72ae0cb00e5b108859ec94f7\"},\"headline\":\"IX sesja M\u0142odzie\u017cowej Rady Miejskiej\",\"datePublished\":\"2023-06-16T08:58:47+00:00\",\"mainEntityOfPage\":{\"@id\":\"https:\\\/\\\/www.bzdz.pl\\\/technikum-mundurowe-chojnice\\\/ix-sesja-mlodziezowej-rady-miejskiej\\\/\"},\"wordCount\":96,\"image\":{\"@id\":\"https:\\\/\\\/www.bzdz.pl\\\/technikum-mundurowe-chojnice\\\/ix-sesja-mlodziezowej-rady-miejskiej\\\/#primaryimage\"},\"thumbnailUrl\":\"https:\\\/\\\/www.bzdz.pl\\\/technikum-mundurowe-chojnice\\\/wp-content\\\/uploads\\\/2023\\\/06\\\/received-983198239388070.jpeg\",\"articleSection\":[\"Aktualno\u015bci\"],\"inLanguage\":\"pl-PL\"},{\"@type\":\"WebPage\",\"@id\":\"https:\\\/\\\/www.bzdz.pl\\\/technikum-mundurowe-chojnice\\\/ix-sesja-mlodziezowej-rady-miejskiej\\\/\",\"url\":\"https:\\\/\\\/www.bzdz.pl\\\/technikum-mundurowe-chojnice\\\/ix-sesja-mlodziezowej-rady-miejskiej\\\/\",\"name\":\"IX sesja M\u0142odzie\u017cowej Rady Miejskiej - Technikum Chojnice\",\"isPartOf\":{\"@id\":\"https:\\\/\\\/www.bzdz.pl\\\/technikum-mundurowe-chojnice\\\/#website\"},\"primaryImageOfPage\":{\"@id\":\"https:\\\/\\\/www.bzdz.pl\\\/technikum-mundurowe-chojnice\\\/ix-sesja-mlodziezowej-rady-miejskiej\\\/#primaryimage\"},\"image\":{\"@id\":\"https:\\\/\\\/www.bzdz.pl\\\/technikum-mundurowe-chojnice\\\/ix-sesja-mlodziezowej-rady-miejskiej\\\/#primaryimage\"},\"thumbnailUrl\":\"https:\\\/\\\/www.bzdz.pl\\\/technikum-mundurowe-chojnice\\\/wp-content\\\/uploads\\\/2023\\\/06\\\/received-983198239388070.jpeg\",\"datePublished\":\"2023-06-16T08:58:47+00:00\",\"author\":{\"@id\":\"https:\\\/\\\/www.bzdz.pl\\\/technikum-mundurowe-chojnice\\\/#\\\/schema\\\/person\\\/9f1e2b7e72ae0cb00e5b108859ec94f7\"},\"breadcrumb\":{\"@id\":\"https:\\\/\\\/www.bzdz.pl\\\/technikum-mundurowe-chojnice\\\/ix-sesja-mlodziezowej-rady-miejskiej\\\/#breadcrumb\"},\"inLanguage\":\"pl-PL\",\"potentialAction\":[{\"@type\":\"ReadAction\",\"target\":[\"https:\\\/\\\/www.bzdz.pl\\\/technikum-mundurowe-chojnice\\\/ix-sesja-mlodziezowej-rady-miejskiej\\\/\"]}]},{\"@type\":\"ImageObject\",\"inLanguage\":\"pl-PL\",\"@id\":\"https:\\\/\\\/www.bzdz.pl\\\/technikum-mundurowe-chojnice\\\/ix-sesja-mlodziezowej-rady-miejskiej\\\/#primaryimage\",\"url\":\"https:\\\/\\\/www.bzdz.pl\\\/technikum-mundurowe-chojnice\\\/wp-content\\\/uploads\\\/2023\\\/06\\\/received-983198239388070.jpeg\",\"contentUrl\":\"https:\\\/\\\/www.bzdz.pl\\\/technikum-mundurowe-chojnice\\\/wp-content\\\/uploads\\\/2023\\\/06\\\/received-983198239388070.jpeg\"},{\"@type\":\"BreadcrumbList\",\"@id\":\"https:\\\/\\\/www.bzdz.pl\\\/technikum-mundurowe-chojnice\\\/ix-sesja-mlodziezowej-rady-miejskiej\\\/#breadcrumb\",\"itemListElement\":[{\"@type\":\"ListItem\",\"position\":1,\"name\":\"Strona g\u0142\u00f3wna\",\"item\":\"https:\\\/\\\/www.bzdz.pl\\\/technikum-mundurowe-chojnice\\\/\"},{\"@type\":\"ListItem\",\"position\":2,\"name\":\"IX sesja M\u0142odzie\u017cowej Rady Miejskiej\"}]},{\"@type\":\"WebSite\",\"@id\":\"https:\\\/\\\/www.bzdz.pl\\\/technikum-mundurowe-chojnice\\\/#website\",\"url\":\"https:\\\/\\\/www.bzdz.pl\\\/technikum-mundurowe-chojnice\\\/\",\"name\":\"Technikum Chojnice\",\"description\":\"\",\"potentialAction\":[{\"@type\":\"SearchAction\",\"target\":{\"@type\":\"EntryPoint\",\"urlTemplate\":\"https:\\\/\\\/www.bzdz.pl\\\/technikum-mundurowe-chojnice\\\/?s={search_term_string}\"},\"query-input\":{\"@type\":\"PropertyValueSpecification\",\"valueRequired\":true,\"valueName\":\"search_term_string\"}}],\"inLanguage\":\"pl-PL\"},{\"@type\":\"Person\",\"@id\":\"https:\\\/\\\/www.bzdz.pl\\\/technikum-mundurowe-chojnice\\\/#\\\/schema\\\/person\\\/9f1e2b7e72ae0cb00e5b108859ec94f7\",\"name\":\"Przemys\u0142aw Podemski\",\"image\":{\"@type\":\"ImageObject\",\"inLanguage\":\"pl-PL\",\"@id\":\"https:\\\/\\\/secure.gravatar.com\\\/avatar\\\/d29c4222801c7bc744f707fc56cbc7ede945b6cd8fa0cc56469e04ba1e466eec?s=96&d=mm&r=g\",\"url\":\"https:\\\/\\\/secure.gravatar.com\\\/avatar\\\/d29c4222801c7bc744f707fc56cbc7ede945b6cd8fa0cc56469e04ba1e466eec?s=96&d=mm&r=g\",\"contentUrl\":\"https:\\\/\\\/secure.gravatar.com\\\/avatar\\\/d29c4222801c7bc744f707fc56cbc7ede945b6cd8fa0cc56469e04ba1e466eec?s=96&d=mm&r=g\",\"caption\":\"Przemys\u0142aw Podemski\"}}]}<\/script>\n<!-- \/ Yoast SEO plugin. -->","yoast_head_json":{"title":"IX sesja M\u0142odzie\u017cowej Rady Miejskiej - Technikum Chojnice","robots":{"index":"index","follow":"follow","max-snippet":"max-snippet:-1","max-image-preview":"max-image-preview:large","max-video-preview":"max-video-preview:-1"},"canonical":"https:\/\/www.bzdz.pl\/technikum-mundurowe-chojnice\/ix-sesja-mlodziezowej-rady-miejskiej\/","og_locale":"pl_PL","og_type":"article","og_title":"IX sesja M\u0142odzie\u017cowej Rady Miejskiej - Technikum Chojnice","og_description":"Dnia 13.06.2023r. podczas IX sesji M\u0142odzie\u017cowej Rady Miejskiej w Chojnicach m.in. odby\u0142y si\u0119 wybory przewodnicz\u0105cego i wiceprzewodnicz\u0105cego MRM.\u00a0 Wiceprzewodnicz\u0105c\u0105 zosta\u0142a Nasza uczennica Kornelia Lis z klasy 2a.\u00a0 &#x1f973;&#x1f973;&#x1f973;&#x1f973;\u00a0 Na sesji r\u00f3wnie\u017c by\u0142y informacje o dzia\u0142aniach podejmowanych przez radnych, uchwa\u0142a w sprawie zmian w bud\u017cecie MRM w zwi\u0105zku z organizacja seans\u00f3w kina plenerowego oraz dyskusja.\u00a0 Gratulujemy [&hellip;]","og_url":"https:\/\/www.bzdz.pl\/technikum-mundurowe-chojnice\/ix-sesja-mlodziezowej-rady-miejskiej\/","og_site_name":"Technikum Chojnice","article_published_time":"2023-06-16T08:58:47+00:00","og_image":[{"url":"https:\/\/www.bzdz.pl\/technikum-mundurowe-chojnice\/wp-content\/uploads\/2023\/06\/received-983198239388070.jpeg","type":"","width":"","height":""}],"author":"Przemys\u0142aw Podemski","twitter_card":"summary_large_image","twitter_misc":{"Napisane przez":"Przemys\u0142aw Podemski","Szacowany czas czytania":"2 minuty"},"schema":{"@context":"https:\/\/schema.org","@graph":[{"@type":"Article","@id":"https:\/\/www.bzdz.pl\/technikum-mundurowe-chojnice\/ix-sesja-mlodziezowej-rady-miejskiej\/#article","isPartOf":{"@id":"https:\/\/www.bzdz.pl\/technikum-mundurowe-chojnice\/ix-sesja-mlodziezowej-rady-miejskiej\/"},"author":{"name":"Przemys\u0142aw Podemski","@id":"https:\/\/www.bzdz.pl\/technikum-mundurowe-chojnice\/#\/schema\/person\/9f1e2b7e72ae0cb00e5b108859ec94f7"},"headline":"IX sesja M\u0142odzie\u017cowej Rady Miejskiej","datePublished":"2023-06-16T08:58:47+00:00","mainEntityOfPage":{"@id":"https:\/\/www.bzdz.pl\/technikum-mundurowe-chojnice\/ix-sesja-mlodziezowej-rady-miejskiej\/"},"wordCount":96,"image":{"@id":"https:\/\/www.bzdz.pl\/technikum-mundurowe-chojnice\/ix-sesja-mlodziezowej-rady-miejskiej\/#primaryimage"},"thumbnailUrl":"https:\/\/www.bzdz.pl\/technikum-mundurowe-chojnice\/wp-content\/uploads\/2023\/06\/received-983198239388070.jpeg","articleSection":["Aktualno\u015bci"],"inLanguage":"pl-PL"},{"@type":"WebPage","@id":"https:\/\/www.bzdz.pl\/technikum-mundurowe-chojnice\/ix-sesja-mlodziezowej-rady-miejskiej\/","url":"https:\/\/www.bzdz.pl\/technikum-mundurowe-chojnice\/ix-sesja-mlodziezowej-rady-miejskiej\/","name":"IX sesja M\u0142odzie\u017cowej Rady Miejskiej - Technikum Chojnice","isPartOf":{"@id":"https:\/\/www.bzdz.pl\/technikum-mundurowe-chojnice\/#website"},"primaryImageOfPage":{"@id":"https:\/\/www.bzdz.pl\/technikum-mundurowe-chojnice\/ix-sesja-mlodziezowej-rady-miejskiej\/#primaryimage"},"image":{"@id":"https:\/\/www.bzdz.pl\/technikum-mundurowe-chojnice\/ix-sesja-mlodziezowej-rady-miejskiej\/#primaryimage"},"thumbnailUrl":"https:\/\/www.bzdz.pl\/technikum-mundurowe-chojnice\/wp-content\/uploads\/2023\/06\/received-983198239388070.jpeg","datePublished":"2023-06-16T08:58:47+00:00","author":{"@id":"https:\/\/www.bzdz.pl\/technikum-mundurowe-chojnice\/#\/schema\/person\/9f1e2b7e72ae0cb00e5b108859ec94f7"},"breadcrumb":{"@id":"https:\/\/www.bzdz.pl\/technikum-mundurowe-chojnice\/ix-sesja-mlodziezowej-rady-miejskiej\/#breadcrumb"},"inLanguage":"pl-PL","potentialAction":[{"@type":"ReadAction","target":["https:\/\/www.bzdz.pl\/technikum-mundurowe-chojnice\/ix-sesja-mlodziezowej-rady-miejskiej\/"]}]},{"@type":"ImageObject","inLanguage":"pl-PL","@id":"https:\/\/www.bzdz.pl\/technikum-mundurowe-chojnice\/ix-sesja-mlodziezowej-rady-miejskiej\/#primaryimage","url":"https:\/\/www.bzdz.pl\/technikum-mundurowe-chojnice\/wp-content\/uploads\/2023\/06\/received-983198239388070.jpeg","contentUrl":"https:\/\/www.bzdz.pl\/technikum-mundurowe-chojnice\/wp-content\/uploads\/2023\/06\/received-983198239388070.jpeg"},{"@type":"BreadcrumbList","@id":"https:\/\/www.bzdz.pl\/technikum-mundurowe-chojnice\/ix-sesja-mlodziezowej-rady-miejskiej\/#breadcrumb","itemListElement":[{"@type":"ListItem","position":1,"name":"Strona g\u0142\u00f3wna","item":"https:\/\/www.bzdz.pl\/technikum-mundurowe-chojnice\/"},{"@type":"ListItem","position":2,"name":"IX sesja M\u0142odzie\u017cowej Rady Miejskiej"}]},{"@type":"WebSite","@id":"https:\/\/www.bzdz.pl\/technikum-mundurowe-chojnice\/#website","url":"https:\/\/www.bzdz.pl\/technikum-mundurowe-chojnice\/","name":"Technikum Chojnice","description":"","potentialAction":[{"@type":"SearchAction","target":{"@type":"EntryPoint","urlTemplate":"https:\/\/www.bzdz.pl\/technikum-mundurowe-chojnice\/?s={search_term_string}"},"query-input":{"@type":"PropertyValueSpecification","valueRequired":true,"valueName":"search_term_string"}}],"inLanguage":"pl-PL"},{"@type":"Person","@id":"https:\/\/www.bzdz.pl\/technikum-mundurowe-chojnice\/#\/schema\/person\/9f1e2b7e72ae0cb00e5b108859ec94f7","name":"Przemys\u0142aw Podemski","image":{"@type":"ImageObject","inLanguage":"pl-PL","@id":"https:\/\/secure.gravatar.com\/avatar\/d29c4222801c7bc744f707fc56cbc7ede945b6cd8fa0cc56469e04ba1e466eec?s=96&d=mm&r=g","url":"https:\/\/secure.gravatar.com\/avatar\/d29c4222801c7bc744f707fc56cbc7ede945b6cd8fa0cc56469e04ba1e466eec?s=96&d=mm&r=g","contentUrl":"https:\/\/secure.gravatar.com\/avatar\/d29c4222801c7bc744f707fc56cbc7ede945b6cd8fa0cc56469e04ba1e466eec?s=96&d=mm&r=g","caption":"Przemys\u0142aw Podemski"}}]}},"_links":{"self":[{"href":"https:\/\/www.bzdz.pl\/technikum-mundurowe-chojnice\/wp-json\/wp\/v2\/posts\/17264","targetHints":{"allow":["GET"]}}],"collection":[{"href":"https:\/\/www.bzdz.pl\/technikum-mundurowe-chojnice\/wp-json\/wp\/v2\/posts"}],"about":[{"href":"https:\/\/www.bzdz.pl\/technikum-mundurowe-chojnice\/wp-json\/wp\/v2\/types\/post"}],"author":[{"embeddable":true,"href":"https:\/\/www.bzdz.pl\/technikum-mundurowe-chojnice\/wp-json\/wp\/v2\/users\/6"}],"replies":[{"embeddable":true,"href":"https:\/\/www.bzdz.pl\/technikum-mundurowe-chojnice\/wp-json\/wp\/v2\/comments?post=17264"}],"version-history":[{"count":0,"href":"https:\/\/www.bzdz.pl\/technikum-mundurowe-chojnice\/wp-json\/wp\/v2\/posts\/17264\/revisions"}],"wp:attachment":[{"href":"https:\/\/www.bzdz.pl\/technikum-mundurowe-chojnice\/wp-json\/wp\/v2\/media?parent=17264"}],"wp:term":[{"taxonomy":"category","embeddable":true,"href":"https:\/\/www.bzdz.pl\/technikum-mundurowe-chojnice\/wp-json\/wp\/v2\/categories?post=17264"},{"taxonomy":"post_tag","embeddable":true,"href":"https:\/\/www.bzdz.pl\/technikum-mundurowe-chojnice\/wp-json\/wp\/v2\/tags?post=17264"}],"curies":[{"name":"wp","href":"https:\/\/api.w.org\/{rel}","templated":true}]}}