{"id":16869,"date":"2023-04-25T13:16:38","date_gmt":"2023-04-25T11:16:38","guid":{"rendered":"https:\/\/www.bzdz.pl\/technikum-mundurowe-chojnice\/?p=16869"},"modified":"2023-04-25T13:16:38","modified_gmt":"2023-04-25T11:16:38","slug":"wspomnienie-drzwi-otwartych-20-04-2023","status":"publish","type":"post","link":"https:\/\/www.bzdz.pl\/technikum-mundurowe-chojnice\/wspomnienie-drzwi-otwartych-20-04-2023\/","title":{"rendered":"Wspomnienie Drzwi Otwartych 20\/04\/2023"},"content":{"rendered":"<p><img loading=\"lazy\" decoding=\"async\" class=\"alignnone size-full wp-image-16873\" src=\"https:\/\/www.bzdz.pl\/technikum-mundurowe-chojnice\/wp-content\/uploads\/2023\/04\/kolaz-drzwi-otwarte-2023.jpg\" alt=\"\" width=\"534\" height=\"950\" srcset=\"https:\/\/www.bzdz.pl\/technikum-mundurowe-chojnice\/wp-content\/uploads\/2023\/04\/kolaz-drzwi-otwarte-2023.jpg 534w, https:\/\/www.bzdz.pl\/technikum-mundurowe-chojnice\/wp-content\/uploads\/2023\/04\/kolaz-drzwi-otwarte-2023-480x854.jpg 480w\" sizes=\"(min-width: 0px) and (max-width: 480px) 480px, (min-width: 481px) 534px, 100vw\" \/><img loading=\"lazy\" decoding=\"async\" class=\"alignnone size-full wp-image-16874\" src=\"https:\/\/www.bzdz.pl\/technikum-mundurowe-chojnice\/wp-content\/uploads\/2023\/04\/kolaz-drzwi-otwarte-2023-1.jpg\" alt=\"\" width=\"534\" height=\"950\" srcset=\"https:\/\/www.bzdz.pl\/technikum-mundurowe-chojnice\/wp-content\/uploads\/2023\/04\/kolaz-drzwi-otwarte-2023-1.jpg 534w, https:\/\/www.bzdz.pl\/technikum-mundurowe-chojnice\/wp-content\/uploads\/2023\/04\/kolaz-drzwi-otwarte-2023-1-480x854.jpg 480w\" sizes=\"(min-width: 0px) and (max-width: 480px) 480px, (min-width: 481px) 534px, 100vw\" \/><\/p>\n<p><img loading=\"lazy\" decoding=\"async\" class=\"alignnone size-full wp-image-16875\" src=\"https:\/\/www.bzdz.pl\/technikum-mundurowe-chojnice\/wp-content\/uploads\/2023\/04\/kolaz-drzwi-otwarte-2023-2.jpg\" alt=\"\" width=\"534\" height=\"950\" srcset=\"https:\/\/www.bzdz.pl\/technikum-mundurowe-chojnice\/wp-content\/uploads\/2023\/04\/kolaz-drzwi-otwarte-2023-2.jpg 534w, https:\/\/www.bzdz.pl\/technikum-mundurowe-chojnice\/wp-content\/uploads\/2023\/04\/kolaz-drzwi-otwarte-2023-2-480x854.jpg 480w\" sizes=\"(min-width: 0px) and (max-width: 480px) 480px, (min-width: 481px) 534px, 100vw\" \/><\/p>\n<p><img loading=\"lazy\" decoding=\"async\" class=\"alignnone size-full wp-image-16876\" src=\"https:\/\/www.bzdz.pl\/technikum-mundurowe-chojnice\/wp-content\/uploads\/2023\/04\/kolaz-drzwi-otwarte-2023-3.jpg\" alt=\"\" width=\"534\" height=\"950\" srcset=\"https:\/\/www.bzdz.pl\/technikum-mundurowe-chojnice\/wp-content\/uploads\/2023\/04\/kolaz-drzwi-otwarte-2023-3.jpg 534w, https:\/\/www.bzdz.pl\/technikum-mundurowe-chojnice\/wp-content\/uploads\/2023\/04\/kolaz-drzwi-otwarte-2023-3-480x854.jpg 480w\" sizes=\"(min-width: 0px) and (max-width: 480px) 480px, (min-width: 481px) 534px, 100vw\" \/><\/p>\n<p><img loading=\"lazy\" decoding=\"async\" class=\"alignnone size-full wp-image-16877\" src=\"https:\/\/www.bzdz.pl\/technikum-mundurowe-chojnice\/wp-content\/uploads\/2023\/04\/kolaz-drzwi-otwarte-2023-4.jpg\" alt=\"\" width=\"534\" height=\"950\" srcset=\"https:\/\/www.bzdz.pl\/technikum-mundurowe-chojnice\/wp-content\/uploads\/2023\/04\/kolaz-drzwi-otwarte-2023-4.jpg 534w, https:\/\/www.bzdz.pl\/technikum-mundurowe-chojnice\/wp-content\/uploads\/2023\/04\/kolaz-drzwi-otwarte-2023-4-480x854.jpg 480w\" sizes=\"(min-width: 0px) and (max-width: 480px) 480px, (min-width: 481px) 534px, 100vw\" \/><\/p>\n<blockquote class=\"tiktok-embed\" cite=\"https:\/\/www.tiktok.com\/@bzdz.chojnice\/video\/7224161486816431386\" data-video-id=\"7224161486816431386\" data-embed-from=\"oembed\" style=\"max-width:605px; min-width:325px;\">\n<section> <a target=\"_blank\" title=\"@bzdz.chojnice\" href=\"https:\/\/www.tiktok.com\/@bzdz.chojnice?refer=embed\">@bzdz.chojnice<\/a> <\/p>\n<p>Drzwi Otwarte 2023 <a title=\"dlaciebie\" target=\"_blank\" href=\"https:\/\/www.tiktok.com\/tag\/dlaciebie?refer=embed\">#dlaciebie<\/a> <a title=\"fyp\" target=\"_blank\" href=\"https:\/\/www.tiktok.com\/tag\/fyp?refer=embed\">#fyp<\/a> <a title=\"bzdz\" target=\"_blank\" href=\"https:\/\/www.tiktok.com\/tag\/bzdz?refer=embed\">#bzdz<\/a> <a title=\"szko\u0142a\" target=\"_blank\" href=\"https:\/\/www.tiktok.com\/tag\/szko%C5%82a?refer=embed\">#szko\u0142a<\/a> <a title=\"mundur\u00f3wka\" target=\"_blank\" href=\"https:\/\/www.tiktok.com\/tag\/mundur%C3%B3wka?refer=embed\">#mundur\u00f3wka<\/a> <a title=\"school\" target=\"_blank\" href=\"https:\/\/www.tiktok.com\/tag\/school?refer=embed\">#school<\/a> <a title=\"schoollife\" target=\"_blank\" href=\"https:\/\/www.tiktok.com\/tag\/schoollife?refer=embed\">#schoollife<\/a> <a title=\"jatakwlasnielubie\" target=\"_blank\" href=\"https:\/\/www.tiktok.com\/tag\/jatakwlasnielubie?refer=embed\">#jatakwlasnielubie<\/a> <a title=\"drzwiotwarte\" target=\"_blank\" href=\"https:\/\/www.tiktok.com\/tag\/drzwiotwarte?refer=embed\">#drzwiotwarte<\/a> <a title=\"people\" target=\"_blank\" href=\"https:\/\/www.tiktok.com\/tag\/people?refer=embed\">#people<\/a> <\/p>\n<p> <a target=\"_blank\" title=\"\u266c Witajcie W Naszej Bajce - Akademia Pana Kleksa\" href=\"https:\/\/www.tiktok.com\/music\/Witajcie-W-Naszej-Bajce-6744999184639723521?refer=embed\">\u266c Witajcie W Naszej Bajce &#8211; Akademia Pana Kleksa<\/a> <\/section>\n<\/blockquote>\n<p> <script async src=\"https:\/\/www.tiktok.com\/embed.js\"><\/script><\/p>\n<blockquote class=\"tiktok-embed\" cite=\"https:\/\/www.tiktok.com\/@bzdz.chojnice\/video\/7224166292184386843\" data-video-id=\"7224166292184386843\" data-embed-from=\"oembed\" style=\"max-width:605px; min-width:325px;\">\n<section> <a target=\"_blank\" title=\"@bzdz.chojnice\" href=\"https:\/\/www.tiktok.com\/@bzdz.chojnice?refer=embed\">@bzdz.chojnice<\/a> <\/p>\n<p>A o to nasi nauczyciele\ud83d\udd25\ud83d\ude01 <a title=\"dlaciebie\" target=\"_blank\" href=\"https:\/\/www.tiktok.com\/tag\/dlaciebie?refer=embed\">#dlaciebie<\/a> <a title=\"fyp\" target=\"_blank\" href=\"https:\/\/www.tiktok.com\/tag\/fyp?refer=embed\">#fyp<\/a> <a title=\"bzdz\" target=\"_blank\" href=\"https:\/\/www.tiktok.com\/tag\/bzdz?refer=embed\">#bzdz<\/a> <a title=\"szko\u0142a\" target=\"_blank\" href=\"https:\/\/www.tiktok.com\/tag\/szko%C5%82a?refer=embed\">#szko\u0142a<\/a> <a title=\"school\" target=\"_blank\" href=\"https:\/\/www.tiktok.com\/tag\/school?refer=embed\">#school<\/a> <a title=\"mundur\u00f3wka\" target=\"_blank\" href=\"https:\/\/www.tiktok.com\/tag\/mundur%C3%B3wka?refer=embed\">#mundur\u00f3wka<\/a> <a title=\"schoollife\" target=\"_blank\" href=\"https:\/\/www.tiktok.com\/tag\/schoollife?refer=embed\">#schoollife<\/a> <a title=\"jatakwlasnielubie\" target=\"_blank\" href=\"https:\/\/www.tiktok.com\/tag\/jatakwlasnielubie?refer=embed\">#jatakwlasnielubie<\/a> <a title=\"chojnice\" target=\"_blank\" href=\"https:\/\/www.tiktok.com\/tag\/chojnice?refer=embed\">#chojnice<\/a> <a title=\"teachersoftiktok\" target=\"_blank\" href=\"https:\/\/www.tiktok.com\/tag\/teachersoftiktok?refer=embed\">#teachersoftiktok<\/a> <a title=\"teachers\" target=\"_blank\" href=\"https:\/\/www.tiktok.com\/tag\/teachers?refer=embed\">#teachers<\/a> <\/p>\n<p> <a target=\"_blank\" title=\"\u266c d\u017awi\u0119k oryginalny - BZDZ-Chojnice\" href=\"https:\/\/www.tiktok.com\/music\/d\u017awi\u0119k-oryginalny-7224166304965167899?refer=embed\">\u266c d\u017awi\u0119k oryginalny &#8211; BZDZ-Chojnice<\/a> <\/section>\n<\/blockquote>\n<p> <script async src=\"https:\/\/www.tiktok.com\/embed.js\"><\/script><\/p>\n<p>[rl_gallery id=&#8221;16892&#8243;]<\/p>\n<p>Zdj\u0119cia: E. Trzecinska IV A<\/p>\n<p>Film: M. Lema\u0144czyk, A. Mezek, D. \u015awiok\u0142o III B<\/p>\n","protected":false},"excerpt":{"rendered":"<p>@bzdz.chojnice Drzwi Otwarte 2023 #dlaciebie #fyp #bzdz #szko\u0142a #mundur\u00f3wka #school #schoollife #jatakwlasnielubie #drzwiotwarte #people \u266c Witajcie W Naszej Bajce &#8211; Akademia Pana Kleksa @bzdz.chojnice A o to nasi nauczyciele\ud83d\udd25\ud83d\ude01 #dlaciebie #fyp #bzdz #szko\u0142a #school #mundur\u00f3wka #schoollife #jatakwlasnielubie #chojnice #teachersoftiktok #teachers \u266c d\u017awi\u0119k oryginalny &#8211; BZDZ-Chojnice [rl_gallery id=&#8221;16892&#8243;] Zdj\u0119cia: E. Trzecinska IV A Film: M. Lema\u0144czyk, [&hellip;]<\/p>\n","protected":false},"author":6,"featured_media":0,"comment_status":"closed","ping_status":"closed","sticky":false,"template":"","format":"standard","meta":{"_et_pb_use_builder":"","_et_pb_old_content":"","_et_gb_content_width":"","footnotes":""},"categories":[1],"tags":[],"class_list":["post-16869","post","type-post","status-publish","format-standard","hentry","category-aktualnosci"],"yoast_head":"<!-- This site is optimized with the Yoast SEO plugin v28.4 - https:\/\/yoast.com\/product\/yoast-seo-wordpress\/ -->\n<title>Wspomnienie Drzwi Otwartych 20\/04\/2023 - Technikum Chojnice<\/title>\n<meta name=\"robots\" content=\"index, follow, max-snippet:-1, max-image-preview:large, max-video-preview:-1\" \/>\n<link rel=\"canonical\" href=\"https:\/\/www.bzdz.pl\/technikum-mundurowe-chojnice\/wspomnienie-drzwi-otwartych-20-04-2023\/\" \/>\n<meta property=\"og:locale\" content=\"pl_PL\" \/>\n<meta property=\"og:type\" content=\"article\" \/>\n<meta property=\"og:title\" content=\"Wspomnienie Drzwi Otwartych 20\/04\/2023 - Technikum Chojnice\" \/>\n<meta property=\"og:description\" content=\"@bzdz.chojnice Drzwi Otwarte 2023 #dlaciebie #fyp #bzdz #szko\u0142a #mundur\u00f3wka #school #schoollife #jatakwlasnielubie #drzwiotwarte #people \u266c Witajcie W Naszej Bajce &#8211; Akademia Pana Kleksa @bzdz.chojnice A o to nasi nauczyciele\ud83d\udd25\ud83d\ude01 #dlaciebie #fyp #bzdz #szko\u0142a #school #mundur\u00f3wka #schoollife #jatakwlasnielubie #chojnice #teachersoftiktok #teachers \u266c d\u017awi\u0119k oryginalny &#8211; BZDZ-Chojnice [rl_gallery id=&#8221;16892&#8243;] Zdj\u0119cia: E. Trzecinska IV A Film: M. Lema\u0144czyk, [&hellip;]\" \/>\n<meta property=\"og:url\" content=\"https:\/\/www.bzdz.pl\/technikum-mundurowe-chojnice\/wspomnienie-drzwi-otwartych-20-04-2023\/\" \/>\n<meta property=\"og:site_name\" content=\"Technikum Chojnice\" \/>\n<meta property=\"article:published_time\" content=\"2023-04-25T11:16:38+00:00\" \/>\n<meta property=\"og:image\" content=\"https:\/\/www.bzdz.pl\/technikum-mundurowe-chojnice\/wp-content\/uploads\/2023\/04\/kolaz-drzwi-otwarte-2023.jpg\" \/>\n<meta name=\"author\" content=\"Przemys\u0142aw Podemski\" \/>\n<meta name=\"twitter:card\" content=\"summary_large_image\" \/>\n<meta name=\"twitter:label1\" content=\"Napisane przez\" \/>\n\t<meta name=\"twitter:data1\" content=\"Przemys\u0142aw Podemski\" \/>\n\t<meta name=\"twitter:label2\" content=\"Szacowany czas czytania\" \/>\n\t<meta name=\"twitter:data2\" content=\"2 minuty\" \/>\n<script type=\"application\/ld+json\" class=\"yoast-schema-graph\">{\"@context\":\"https:\\\/\\\/schema.org\",\"@graph\":[{\"@type\":\"Article\",\"@id\":\"https:\\\/\\\/www.bzdz.pl\\\/technikum-mundurowe-chojnice\\\/wspomnienie-drzwi-otwartych-20-04-2023\\\/#article\",\"isPartOf\":{\"@id\":\"https:\\\/\\\/www.bzdz.pl\\\/technikum-mundurowe-chojnice\\\/wspomnienie-drzwi-otwartych-20-04-2023\\\/\"},\"author\":{\"name\":\"Przemys\u0142aw Podemski\",\"@id\":\"https:\\\/\\\/www.bzdz.pl\\\/technikum-mundurowe-chojnice\\\/#\\\/schema\\\/person\\\/9f1e2b7e72ae0cb00e5b108859ec94f7\"},\"headline\":\"Wspomnienie Drzwi Otwartych 20\\\/04\\\/2023\",\"datePublished\":\"2023-04-25T11:16:38+00:00\",\"mainEntityOfPage\":{\"@id\":\"https:\\\/\\\/www.bzdz.pl\\\/technikum-mundurowe-chojnice\\\/wspomnienie-drzwi-otwartych-20-04-2023\\\/\"},\"wordCount\":37,\"image\":{\"@id\":\"https:\\\/\\\/www.bzdz.pl\\\/technikum-mundurowe-chojnice\\\/wspomnienie-drzwi-otwartych-20-04-2023\\\/#primaryimage\"},\"thumbnailUrl\":\"https:\\\/\\\/www.bzdz.pl\\\/technikum-mundurowe-chojnice\\\/wp-content\\\/uploads\\\/2023\\\/04\\\/kolaz-drzwi-otwarte-2023.jpg\",\"articleSection\":[\"Aktualno\u015bci\"],\"inLanguage\":\"pl-PL\"},{\"@type\":\"WebPage\",\"@id\":\"https:\\\/\\\/www.bzdz.pl\\\/technikum-mundurowe-chojnice\\\/wspomnienie-drzwi-otwartych-20-04-2023\\\/\",\"url\":\"https:\\\/\\\/www.bzdz.pl\\\/technikum-mundurowe-chojnice\\\/wspomnienie-drzwi-otwartych-20-04-2023\\\/\",\"name\":\"Wspomnienie Drzwi Otwartych 20\\\/04\\\/2023 - Technikum Chojnice\",\"isPartOf\":{\"@id\":\"https:\\\/\\\/www.bzdz.pl\\\/technikum-mundurowe-chojnice\\\/#website\"},\"primaryImageOfPage\":{\"@id\":\"https:\\\/\\\/www.bzdz.pl\\\/technikum-mundurowe-chojnice\\\/wspomnienie-drzwi-otwartych-20-04-2023\\\/#primaryimage\"},\"image\":{\"@id\":\"https:\\\/\\\/www.bzdz.pl\\\/technikum-mundurowe-chojnice\\\/wspomnienie-drzwi-otwartych-20-04-2023\\\/#primaryimage\"},\"thumbnailUrl\":\"https:\\\/\\\/www.bzdz.pl\\\/technikum-mundurowe-chojnice\\\/wp-content\\\/uploads\\\/2023\\\/04\\\/kolaz-drzwi-otwarte-2023.jpg\",\"datePublished\":\"2023-04-25T11:16:38+00:00\",\"author\":{\"@id\":\"https:\\\/\\\/www.bzdz.pl\\\/technikum-mundurowe-chojnice\\\/#\\\/schema\\\/person\\\/9f1e2b7e72ae0cb00e5b108859ec94f7\"},\"breadcrumb\":{\"@id\":\"https:\\\/\\\/www.bzdz.pl\\\/technikum-mundurowe-chojnice\\\/wspomnienie-drzwi-otwartych-20-04-2023\\\/#breadcrumb\"},\"inLanguage\":\"pl-PL\",\"potentialAction\":[{\"@type\":\"ReadAction\",\"target\":[\"https:\\\/\\\/www.bzdz.pl\\\/technikum-mundurowe-chojnice\\\/wspomnienie-drzwi-otwartych-20-04-2023\\\/\"]}]},{\"@type\":\"ImageObject\",\"inLanguage\":\"pl-PL\",\"@id\":\"https:\\\/\\\/www.bzdz.pl\\\/technikum-mundurowe-chojnice\\\/wspomnienie-drzwi-otwartych-20-04-2023\\\/#primaryimage\",\"url\":\"https:\\\/\\\/www.bzdz.pl\\\/technikum-mundurowe-chojnice\\\/wp-content\\\/uploads\\\/2023\\\/04\\\/kolaz-drzwi-otwarte-2023.jpg\",\"contentUrl\":\"https:\\\/\\\/www.bzdz.pl\\\/technikum-mundurowe-chojnice\\\/wp-content\\\/uploads\\\/2023\\\/04\\\/kolaz-drzwi-otwarte-2023.jpg\"},{\"@type\":\"BreadcrumbList\",\"@id\":\"https:\\\/\\\/www.bzdz.pl\\\/technikum-mundurowe-chojnice\\\/wspomnienie-drzwi-otwartych-20-04-2023\\\/#breadcrumb\",\"itemListElement\":[{\"@type\":\"ListItem\",\"position\":1,\"name\":\"Strona g\u0142\u00f3wna\",\"item\":\"https:\\\/\\\/www.bzdz.pl\\\/technikum-mundurowe-chojnice\\\/\"},{\"@type\":\"ListItem\",\"position\":2,\"name\":\"Wspomnienie Drzwi Otwartych 20\\\/04\\\/2023\"}]},{\"@type\":\"WebSite\",\"@id\":\"https:\\\/\\\/www.bzdz.pl\\\/technikum-mundurowe-chojnice\\\/#website\",\"url\":\"https:\\\/\\\/www.bzdz.pl\\\/technikum-mundurowe-chojnice\\\/\",\"name\":\"Technikum Chojnice\",\"description\":\"\",\"potentialAction\":[{\"@type\":\"SearchAction\",\"target\":{\"@type\":\"EntryPoint\",\"urlTemplate\":\"https:\\\/\\\/www.bzdz.pl\\\/technikum-mundurowe-chojnice\\\/?s={search_term_string}\"},\"query-input\":{\"@type\":\"PropertyValueSpecification\",\"valueRequired\":true,\"valueName\":\"search_term_string\"}}],\"inLanguage\":\"pl-PL\"},{\"@type\":\"Person\",\"@id\":\"https:\\\/\\\/www.bzdz.pl\\\/technikum-mundurowe-chojnice\\\/#\\\/schema\\\/person\\\/9f1e2b7e72ae0cb00e5b108859ec94f7\",\"name\":\"Przemys\u0142aw Podemski\",\"image\":{\"@type\":\"ImageObject\",\"inLanguage\":\"pl-PL\",\"@id\":\"https:\\\/\\\/secure.gravatar.com\\\/avatar\\\/d29c4222801c7bc744f707fc56cbc7ede945b6cd8fa0cc56469e04ba1e466eec?s=96&d=mm&r=g\",\"url\":\"https:\\\/\\\/secure.gravatar.com\\\/avatar\\\/d29c4222801c7bc744f707fc56cbc7ede945b6cd8fa0cc56469e04ba1e466eec?s=96&d=mm&r=g\",\"contentUrl\":\"https:\\\/\\\/secure.gravatar.com\\\/avatar\\\/d29c4222801c7bc744f707fc56cbc7ede945b6cd8fa0cc56469e04ba1e466eec?s=96&d=mm&r=g\",\"caption\":\"Przemys\u0142aw Podemski\"}}]}<\/script>\n<!-- \/ Yoast SEO plugin. -->","yoast_head_json":{"title":"Wspomnienie Drzwi Otwartych 20\/04\/2023 - Technikum Chojnice","robots":{"index":"index","follow":"follow","max-snippet":"max-snippet:-1","max-image-preview":"max-image-preview:large","max-video-preview":"max-video-preview:-1"},"canonical":"https:\/\/www.bzdz.pl\/technikum-mundurowe-chojnice\/wspomnienie-drzwi-otwartych-20-04-2023\/","og_locale":"pl_PL","og_type":"article","og_title":"Wspomnienie Drzwi Otwartych 20\/04\/2023 - Technikum Chojnice","og_description":"@bzdz.chojnice Drzwi Otwarte 2023 #dlaciebie #fyp #bzdz #szko\u0142a #mundur\u00f3wka #school #schoollife #jatakwlasnielubie #drzwiotwarte #people \u266c Witajcie W Naszej Bajce &#8211; Akademia Pana Kleksa @bzdz.chojnice A o to nasi nauczyciele\ud83d\udd25\ud83d\ude01 #dlaciebie #fyp #bzdz #szko\u0142a #school #mundur\u00f3wka #schoollife #jatakwlasnielubie #chojnice #teachersoftiktok #teachers \u266c d\u017awi\u0119k oryginalny &#8211; BZDZ-Chojnice [rl_gallery id=&#8221;16892&#8243;] Zdj\u0119cia: E. Trzecinska IV A Film: M. Lema\u0144czyk, [&hellip;]","og_url":"https:\/\/www.bzdz.pl\/technikum-mundurowe-chojnice\/wspomnienie-drzwi-otwartych-20-04-2023\/","og_site_name":"Technikum Chojnice","article_published_time":"2023-04-25T11:16:38+00:00","og_image":[{"url":"https:\/\/www.bzdz.pl\/technikum-mundurowe-chojnice\/wp-content\/uploads\/2023\/04\/kolaz-drzwi-otwarte-2023.jpg","type":"","width":"","height":""}],"author":"Przemys\u0142aw Podemski","twitter_card":"summary_large_image","twitter_misc":{"Napisane przez":"Przemys\u0142aw Podemski","Szacowany czas czytania":"2 minuty"},"schema":{"@context":"https:\/\/schema.org","@graph":[{"@type":"Article","@id":"https:\/\/www.bzdz.pl\/technikum-mundurowe-chojnice\/wspomnienie-drzwi-otwartych-20-04-2023\/#article","isPartOf":{"@id":"https:\/\/www.bzdz.pl\/technikum-mundurowe-chojnice\/wspomnienie-drzwi-otwartych-20-04-2023\/"},"author":{"name":"Przemys\u0142aw Podemski","@id":"https:\/\/www.bzdz.pl\/technikum-mundurowe-chojnice\/#\/schema\/person\/9f1e2b7e72ae0cb00e5b108859ec94f7"},"headline":"Wspomnienie Drzwi Otwartych 20\/04\/2023","datePublished":"2023-04-25T11:16:38+00:00","mainEntityOfPage":{"@id":"https:\/\/www.bzdz.pl\/technikum-mundurowe-chojnice\/wspomnienie-drzwi-otwartych-20-04-2023\/"},"wordCount":37,"image":{"@id":"https:\/\/www.bzdz.pl\/technikum-mundurowe-chojnice\/wspomnienie-drzwi-otwartych-20-04-2023\/#primaryimage"},"thumbnailUrl":"https:\/\/www.bzdz.pl\/technikum-mundurowe-chojnice\/wp-content\/uploads\/2023\/04\/kolaz-drzwi-otwarte-2023.jpg","articleSection":["Aktualno\u015bci"],"inLanguage":"pl-PL"},{"@type":"WebPage","@id":"https:\/\/www.bzdz.pl\/technikum-mundurowe-chojnice\/wspomnienie-drzwi-otwartych-20-04-2023\/","url":"https:\/\/www.bzdz.pl\/technikum-mundurowe-chojnice\/wspomnienie-drzwi-otwartych-20-04-2023\/","name":"Wspomnienie Drzwi Otwartych 20\/04\/2023 - Technikum Chojnice","isPartOf":{"@id":"https:\/\/www.bzdz.pl\/technikum-mundurowe-chojnice\/#website"},"primaryImageOfPage":{"@id":"https:\/\/www.bzdz.pl\/technikum-mundurowe-chojnice\/wspomnienie-drzwi-otwartych-20-04-2023\/#primaryimage"},"image":{"@id":"https:\/\/www.bzdz.pl\/technikum-mundurowe-chojnice\/wspomnienie-drzwi-otwartych-20-04-2023\/#primaryimage"},"thumbnailUrl":"https:\/\/www.bzdz.pl\/technikum-mundurowe-chojnice\/wp-content\/uploads\/2023\/04\/kolaz-drzwi-otwarte-2023.jpg","datePublished":"2023-04-25T11:16:38+00:00","author":{"@id":"https:\/\/www.bzdz.pl\/technikum-mundurowe-chojnice\/#\/schema\/person\/9f1e2b7e72ae0cb00e5b108859ec94f7"},"breadcrumb":{"@id":"https:\/\/www.bzdz.pl\/technikum-mundurowe-chojnice\/wspomnienie-drzwi-otwartych-20-04-2023\/#breadcrumb"},"inLanguage":"pl-PL","potentialAction":[{"@type":"ReadAction","target":["https:\/\/www.bzdz.pl\/technikum-mundurowe-chojnice\/wspomnienie-drzwi-otwartych-20-04-2023\/"]}]},{"@type":"ImageObject","inLanguage":"pl-PL","@id":"https:\/\/www.bzdz.pl\/technikum-mundurowe-chojnice\/wspomnienie-drzwi-otwartych-20-04-2023\/#primaryimage","url":"https:\/\/www.bzdz.pl\/technikum-mundurowe-chojnice\/wp-content\/uploads\/2023\/04\/kolaz-drzwi-otwarte-2023.jpg","contentUrl":"https:\/\/www.bzdz.pl\/technikum-mundurowe-chojnice\/wp-content\/uploads\/2023\/04\/kolaz-drzwi-otwarte-2023.jpg"},{"@type":"BreadcrumbList","@id":"https:\/\/www.bzdz.pl\/technikum-mundurowe-chojnice\/wspomnienie-drzwi-otwartych-20-04-2023\/#breadcrumb","itemListElement":[{"@type":"ListItem","position":1,"name":"Strona g\u0142\u00f3wna","item":"https:\/\/www.bzdz.pl\/technikum-mundurowe-chojnice\/"},{"@type":"ListItem","position":2,"name":"Wspomnienie Drzwi Otwartych 20\/04\/2023"}]},{"@type":"WebSite","@id":"https:\/\/www.bzdz.pl\/technikum-mundurowe-chojnice\/#website","url":"https:\/\/www.bzdz.pl\/technikum-mundurowe-chojnice\/","name":"Technikum Chojnice","description":"","potentialAction":[{"@type":"SearchAction","target":{"@type":"EntryPoint","urlTemplate":"https:\/\/www.bzdz.pl\/technikum-mundurowe-chojnice\/?s={search_term_string}"},"query-input":{"@type":"PropertyValueSpecification","valueRequired":true,"valueName":"search_term_string"}}],"inLanguage":"pl-PL"},{"@type":"Person","@id":"https:\/\/www.bzdz.pl\/technikum-mundurowe-chojnice\/#\/schema\/person\/9f1e2b7e72ae0cb00e5b108859ec94f7","name":"Przemys\u0142aw Podemski","image":{"@type":"ImageObject","inLanguage":"pl-PL","@id":"https:\/\/secure.gravatar.com\/avatar\/d29c4222801c7bc744f707fc56cbc7ede945b6cd8fa0cc56469e04ba1e466eec?s=96&d=mm&r=g","url":"https:\/\/secure.gravatar.com\/avatar\/d29c4222801c7bc744f707fc56cbc7ede945b6cd8fa0cc56469e04ba1e466eec?s=96&d=mm&r=g","contentUrl":"https:\/\/secure.gravatar.com\/avatar\/d29c4222801c7bc744f707fc56cbc7ede945b6cd8fa0cc56469e04ba1e466eec?s=96&d=mm&r=g","caption":"Przemys\u0142aw Podemski"}}]}},"_links":{"self":[{"href":"https:\/\/www.bzdz.pl\/technikum-mundurowe-chojnice\/wp-json\/wp\/v2\/posts\/16869","targetHints":{"allow":["GET"]}}],"collection":[{"href":"https:\/\/www.bzdz.pl\/technikum-mundurowe-chojnice\/wp-json\/wp\/v2\/posts"}],"about":[{"href":"https:\/\/www.bzdz.pl\/technikum-mundurowe-chojnice\/wp-json\/wp\/v2\/types\/post"}],"author":[{"embeddable":true,"href":"https:\/\/www.bzdz.pl\/technikum-mundurowe-chojnice\/wp-json\/wp\/v2\/users\/6"}],"replies":[{"embeddable":true,"href":"https:\/\/www.bzdz.pl\/technikum-mundurowe-chojnice\/wp-json\/wp\/v2\/comments?post=16869"}],"version-history":[{"count":0,"href":"https:\/\/www.bzdz.pl\/technikum-mundurowe-chojnice\/wp-json\/wp\/v2\/posts\/16869\/revisions"}],"wp:attachment":[{"href":"https:\/\/www.bzdz.pl\/technikum-mundurowe-chojnice\/wp-json\/wp\/v2\/media?parent=16869"}],"wp:term":[{"taxonomy":"category","embeddable":true,"href":"https:\/\/www.bzdz.pl\/technikum-mundurowe-chojnice\/wp-json\/wp\/v2\/categories?post=16869"},{"taxonomy":"post_tag","embeddable":true,"href":"https:\/\/www.bzdz.pl\/technikum-mundurowe-chojnice\/wp-json\/wp\/v2\/tags?post=16869"}],"curies":[{"name":"wp","href":"https:\/\/api.w.org\/{rel}","templated":true}]}}