{"id":14580,"date":"2022-06-01T11:51:16","date_gmt":"2022-06-01T09:51:16","guid":{"rendered":"https:\/\/www.bzdz.pl\/technikum-mundurowe-chojnice\/?p=14580"},"modified":"2022-06-01T11:51:16","modified_gmt":"2022-06-01T09:51:16","slug":"dzien-dziecka","status":"publish","type":"post","link":"https:\/\/www.bzdz.pl\/technikum-mundurowe-chojnice\/dzien-dziecka\/","title":{"rendered":"Dzie\u0144 Dziecka"},"content":{"rendered":"<p style=\"text-align: justify;\"><a href=\"https:\/\/www.bzdz.pl\/technikum-mundurowe-chojnice\/wp-content\/uploads\/2022\/06\/DZIEN-DZIECKA.png\"><img loading=\"lazy\" decoding=\"async\" class=\"size-full wp-image-14600\" src=\"https:\/\/www.bzdz.pl\/technikum-mundurowe-chojnice\/wp-content\/uploads\/2022\/06\/DZIEN-DZIECKA.png\" alt=\"\" width=\"1900\" height=\"950\" srcset=\"https:\/\/www.bzdz.pl\/technikum-mundurowe-chojnice\/wp-content\/uploads\/2022\/06\/DZIEN-DZIECKA.png 1900w, https:\/\/www.bzdz.pl\/technikum-mundurowe-chojnice\/wp-content\/uploads\/2022\/06\/DZIEN-DZIECKA-1280x640.png 1280w, https:\/\/www.bzdz.pl\/technikum-mundurowe-chojnice\/wp-content\/uploads\/2022\/06\/DZIEN-DZIECKA-980x490.png 980w, https:\/\/www.bzdz.pl\/technikum-mundurowe-chojnice\/wp-content\/uploads\/2022\/06\/DZIEN-DZIECKA-480x240.png 480w\" sizes=\"(min-width: 0px) and (max-width: 480px) 480px, (min-width: 481px) and (max-width: 980px) 980px, (min-width: 981px) and (max-width: 1280px) 1280px, (min-width: 1281px) 1900px, 100vw\" \/><\/a><\/p>\n<p style=\"text-align: justify;\">\u017byczymy wszystkiego najlepszego naszym starszym dzieciom! <span class=\"oqcyycmt def1xbws oygrvhab o9f14d3k kvgmc6g5 jedpkwab sgc6yxs4 qb00l2mb mufzhxvi\" data-testid=\"emoji\"><span class=\"dogb1923 fmmipo9f s8xsxick qt6c0cv9 h8kjiq92 jb3vyjys\">&#x1f605;<\/span><\/span><span class=\"oqcyycmt def1xbws oygrvhab o9f14d3k kvgmc6g5 jedpkwab sgc6yxs4 qb00l2mb mufzhxvi\" data-testid=\"emoji\"><span class=\"dogb1923 fmmipo9f s8xsxick qt6c0cv9 h8kjiq92 jb3vyjys\">&#x1f601;<\/span><\/span><\/p>\n<p style=\"text-align: justify;\">W naszej szkole by\u0142 to dzie\u0144 pe\u0142en s\u0142odko\u015bci! Dzi\u0119kujemy za pocz\u0119stunek Pani Lidii Kalla, Mamie naszej uczennicy. \ud83d\ude42<\/p>\n<p style=\"text-align: justify;\">Otrzymali\u015bmy tak\u017ce \u017cyczenia od Pomorskiego Kuratora O\u015bwiaty\u00a0<\/p>\n<p style=\"font-weight: 400; text-align: justify;\"><em>\u201eDokonywanie rzeczy niemo\u017cliwych to niez\u0142a zabawa\u201d<\/em><br \/>\nWalt Disney<\/p>\n<p style=\"font-weight: 400; text-align: justify;\">Drogie Dzieci,<\/p>\n<p style=\"font-weight: 400; text-align: justify;\">w dniu Waszego \u015bwi\u0119ta, jakim jest Mi\u0119dzynarodowy Dzie\u0144 Dziecka, \u017cycz\u0119 rado\u015bci i wielu powod\u00f3w do\u00a0u\u015bmiechu. Rozwijajcie swoje pasje i talenty, a ka\u017cdy dzie\u0144 niech b\u0119dzie wyj\u0105tkowy, szcz\u0119\u015bliwy i\u00a0pe\u0142en przyg\u00f3d. Spe\u0142niajcie marzenia, bo to od nich wszystko si\u0119 zaczyna.<\/p>\n<p style=\"font-weight: 400; text-align: justify;\">\u017bycz\u0119 Wam nieustaj\u0105cego zapa\u0142u do nauki i osi\u0105gania wielu sukces\u00f3w, niech zdobywanie wiedzy b\u0119dzie niezapomnianym do\u015bwiadczeniem i \u017ar\u00f3d\u0142em satysfakcji oraz daje wiar\u0119 we w\u0142asne mo\u017cliwo\u015bci.<\/p>\n","protected":false},"excerpt":{"rendered":"<p>\u017byczymy wszystkiego najlepszego naszym starszym dzieciom! &#x1f605;&#x1f601; W naszej szkole by\u0142 to dzie\u0144 pe\u0142en s\u0142odko\u015bci! Dzi\u0119kujemy za pocz\u0119stunek Pani Lidii Kalla, Mamie naszej uczennicy. \ud83d\ude42 Otrzymali\u015bmy tak\u017ce \u017cyczenia od Pomorskiego Kuratora O\u015bwiaty\u00a0 \u201eDokonywanie rzeczy niemo\u017cliwych to niez\u0142a zabawa\u201d Walt Disney Drogie Dzieci, w dniu Waszego \u015bwi\u0119ta, jakim jest Mi\u0119dzynarodowy Dzie\u0144 Dziecka, \u017cycz\u0119 rado\u015bci i wielu [&hellip;]<\/p>\n","protected":false},"author":3,"featured_media":0,"comment_status":"closed","ping_status":"closed","sticky":false,"template":"","format":"standard","meta":{"_et_pb_use_builder":"","_et_pb_old_content":"","_et_gb_content_width":"","footnotes":""},"categories":[1],"tags":[],"class_list":["post-14580","post","type-post","status-publish","format-standard","hentry","category-aktualnosci"],"yoast_head":"<!-- This site is optimized with the Yoast SEO plugin v28.4 - https:\/\/yoast.com\/product\/yoast-seo-wordpress\/ -->\n<title>Dzie\u0144 Dziecka - Technikum Chojnice<\/title>\n<meta name=\"robots\" content=\"index, follow, max-snippet:-1, max-image-preview:large, max-video-preview:-1\" \/>\n<link rel=\"canonical\" href=\"https:\/\/www.bzdz.pl\/technikum-mundurowe-chojnice\/dzien-dziecka\/\" \/>\n<meta property=\"og:locale\" content=\"pl_PL\" \/>\n<meta property=\"og:type\" content=\"article\" \/>\n<meta property=\"og:title\" content=\"Dzie\u0144 Dziecka - Technikum Chojnice\" \/>\n<meta property=\"og:description\" content=\"\u017byczymy wszystkiego najlepszego naszym starszym dzieciom! &#x1f605;&#x1f601; W naszej szkole by\u0142 to dzie\u0144 pe\u0142en s\u0142odko\u015bci! Dzi\u0119kujemy za pocz\u0119stunek Pani Lidii Kalla, Mamie naszej uczennicy. \ud83d\ude42 Otrzymali\u015bmy tak\u017ce \u017cyczenia od Pomorskiego Kuratora O\u015bwiaty\u00a0 \u201eDokonywanie rzeczy niemo\u017cliwych to niez\u0142a zabawa\u201d Walt Disney Drogie Dzieci, w dniu Waszego \u015bwi\u0119ta, jakim jest Mi\u0119dzynarodowy Dzie\u0144 Dziecka, \u017cycz\u0119 rado\u015bci i wielu [&hellip;]\" \/>\n<meta property=\"og:url\" content=\"https:\/\/www.bzdz.pl\/technikum-mundurowe-chojnice\/dzien-dziecka\/\" \/>\n<meta property=\"og:site_name\" content=\"Technikum Chojnice\" \/>\n<meta property=\"article:published_time\" content=\"2022-06-01T09:51:16+00:00\" \/>\n<meta property=\"og:image\" content=\"https:\/\/www.bzdz.pl\/technikum-mundurowe-chojnice\/wp-content\/uploads\/2022\/06\/DZIEN-DZIECKA.png\" \/>\n<meta name=\"author\" content=\"Kasia\" \/>\n<meta name=\"twitter:card\" content=\"summary_large_image\" \/>\n<meta name=\"twitter:label1\" content=\"Napisane przez\" \/>\n\t<meta name=\"twitter:data1\" content=\"Kasia\" \/>\n\t<meta name=\"twitter:label2\" content=\"Szacowany czas czytania\" \/>\n\t<meta name=\"twitter:data2\" content=\"1 minuta\" \/>\n<script type=\"application\/ld+json\" class=\"yoast-schema-graph\">{\"@context\":\"https:\\\/\\\/schema.org\",\"@graph\":[{\"@type\":\"Article\",\"@id\":\"https:\\\/\\\/www.bzdz.pl\\\/technikum-mundurowe-chojnice\\\/dzien-dziecka\\\/#article\",\"isPartOf\":{\"@id\":\"https:\\\/\\\/www.bzdz.pl\\\/technikum-mundurowe-chojnice\\\/dzien-dziecka\\\/\"},\"author\":{\"name\":\"Kasia\",\"@id\":\"https:\\\/\\\/www.bzdz.pl\\\/technikum-mundurowe-chojnice\\\/#\\\/schema\\\/person\\\/c75dbd09194f3f341939fb5f623ea19e\"},\"headline\":\"Dzie\u0144 Dziecka\",\"datePublished\":\"2022-06-01T09:51:16+00:00\",\"mainEntityOfPage\":{\"@id\":\"https:\\\/\\\/www.bzdz.pl\\\/technikum-mundurowe-chojnice\\\/dzien-dziecka\\\/\"},\"wordCount\":145,\"image\":{\"@id\":\"https:\\\/\\\/www.bzdz.pl\\\/technikum-mundurowe-chojnice\\\/dzien-dziecka\\\/#primaryimage\"},\"thumbnailUrl\":\"https:\\\/\\\/www.bzdz.pl\\\/technikum-mundurowe-chojnice\\\/wp-content\\\/uploads\\\/2022\\\/06\\\/DZIEN-DZIECKA.png\",\"articleSection\":[\"Aktualno\u015bci\"],\"inLanguage\":\"pl-PL\"},{\"@type\":\"WebPage\",\"@id\":\"https:\\\/\\\/www.bzdz.pl\\\/technikum-mundurowe-chojnice\\\/dzien-dziecka\\\/\",\"url\":\"https:\\\/\\\/www.bzdz.pl\\\/technikum-mundurowe-chojnice\\\/dzien-dziecka\\\/\",\"name\":\"Dzie\u0144 Dziecka - Technikum Chojnice\",\"isPartOf\":{\"@id\":\"https:\\\/\\\/www.bzdz.pl\\\/technikum-mundurowe-chojnice\\\/#website\"},\"primaryImageOfPage\":{\"@id\":\"https:\\\/\\\/www.bzdz.pl\\\/technikum-mundurowe-chojnice\\\/dzien-dziecka\\\/#primaryimage\"},\"image\":{\"@id\":\"https:\\\/\\\/www.bzdz.pl\\\/technikum-mundurowe-chojnice\\\/dzien-dziecka\\\/#primaryimage\"},\"thumbnailUrl\":\"https:\\\/\\\/www.bzdz.pl\\\/technikum-mundurowe-chojnice\\\/wp-content\\\/uploads\\\/2022\\\/06\\\/DZIEN-DZIECKA.png\",\"datePublished\":\"2022-06-01T09:51:16+00:00\",\"author\":{\"@id\":\"https:\\\/\\\/www.bzdz.pl\\\/technikum-mundurowe-chojnice\\\/#\\\/schema\\\/person\\\/c75dbd09194f3f341939fb5f623ea19e\"},\"breadcrumb\":{\"@id\":\"https:\\\/\\\/www.bzdz.pl\\\/technikum-mundurowe-chojnice\\\/dzien-dziecka\\\/#breadcrumb\"},\"inLanguage\":\"pl-PL\",\"potentialAction\":[{\"@type\":\"ReadAction\",\"target\":[\"https:\\\/\\\/www.bzdz.pl\\\/technikum-mundurowe-chojnice\\\/dzien-dziecka\\\/\"]}]},{\"@type\":\"ImageObject\",\"inLanguage\":\"pl-PL\",\"@id\":\"https:\\\/\\\/www.bzdz.pl\\\/technikum-mundurowe-chojnice\\\/dzien-dziecka\\\/#primaryimage\",\"url\":\"https:\\\/\\\/www.bzdz.pl\\\/technikum-mundurowe-chojnice\\\/wp-content\\\/uploads\\\/2022\\\/06\\\/DZIEN-DZIECKA.png\",\"contentUrl\":\"https:\\\/\\\/www.bzdz.pl\\\/technikum-mundurowe-chojnice\\\/wp-content\\\/uploads\\\/2022\\\/06\\\/DZIEN-DZIECKA.png\"},{\"@type\":\"BreadcrumbList\",\"@id\":\"https:\\\/\\\/www.bzdz.pl\\\/technikum-mundurowe-chojnice\\\/dzien-dziecka\\\/#breadcrumb\",\"itemListElement\":[{\"@type\":\"ListItem\",\"position\":1,\"name\":\"Strona g\u0142\u00f3wna\",\"item\":\"https:\\\/\\\/www.bzdz.pl\\\/technikum-mundurowe-chojnice\\\/\"},{\"@type\":\"ListItem\",\"position\":2,\"name\":\"Dzie\u0144 Dziecka\"}]},{\"@type\":\"WebSite\",\"@id\":\"https:\\\/\\\/www.bzdz.pl\\\/technikum-mundurowe-chojnice\\\/#website\",\"url\":\"https:\\\/\\\/www.bzdz.pl\\\/technikum-mundurowe-chojnice\\\/\",\"name\":\"Technikum Chojnice\",\"description\":\"\",\"potentialAction\":[{\"@type\":\"SearchAction\",\"target\":{\"@type\":\"EntryPoint\",\"urlTemplate\":\"https:\\\/\\\/www.bzdz.pl\\\/technikum-mundurowe-chojnice\\\/?s={search_term_string}\"},\"query-input\":{\"@type\":\"PropertyValueSpecification\",\"valueRequired\":true,\"valueName\":\"search_term_string\"}}],\"inLanguage\":\"pl-PL\"},{\"@type\":\"Person\",\"@id\":\"https:\\\/\\\/www.bzdz.pl\\\/technikum-mundurowe-chojnice\\\/#\\\/schema\\\/person\\\/c75dbd09194f3f341939fb5f623ea19e\",\"name\":\"Kasia\",\"image\":{\"@type\":\"ImageObject\",\"inLanguage\":\"pl-PL\",\"@id\":\"https:\\\/\\\/secure.gravatar.com\\\/avatar\\\/1fb2673dd207cadc5e4b5901be6e9b5f0a8d458d8725db86de8d5cf8fc6eef14?s=96&d=mm&r=g\",\"url\":\"https:\\\/\\\/secure.gravatar.com\\\/avatar\\\/1fb2673dd207cadc5e4b5901be6e9b5f0a8d458d8725db86de8d5cf8fc6eef14?s=96&d=mm&r=g\",\"contentUrl\":\"https:\\\/\\\/secure.gravatar.com\\\/avatar\\\/1fb2673dd207cadc5e4b5901be6e9b5f0a8d458d8725db86de8d5cf8fc6eef14?s=96&d=mm&r=g\",\"caption\":\"Kasia\"}}]}<\/script>\n<!-- \/ Yoast SEO plugin. -->","yoast_head_json":{"title":"Dzie\u0144 Dziecka - Technikum Chojnice","robots":{"index":"index","follow":"follow","max-snippet":"max-snippet:-1","max-image-preview":"max-image-preview:large","max-video-preview":"max-video-preview:-1"},"canonical":"https:\/\/www.bzdz.pl\/technikum-mundurowe-chojnice\/dzien-dziecka\/","og_locale":"pl_PL","og_type":"article","og_title":"Dzie\u0144 Dziecka - Technikum Chojnice","og_description":"\u017byczymy wszystkiego najlepszego naszym starszym dzieciom! &#x1f605;&#x1f601; W naszej szkole by\u0142 to dzie\u0144 pe\u0142en s\u0142odko\u015bci! Dzi\u0119kujemy za pocz\u0119stunek Pani Lidii Kalla, Mamie naszej uczennicy. \ud83d\ude42 Otrzymali\u015bmy tak\u017ce \u017cyczenia od Pomorskiego Kuratora O\u015bwiaty\u00a0 \u201eDokonywanie rzeczy niemo\u017cliwych to niez\u0142a zabawa\u201d Walt Disney Drogie Dzieci, w dniu Waszego \u015bwi\u0119ta, jakim jest Mi\u0119dzynarodowy Dzie\u0144 Dziecka, \u017cycz\u0119 rado\u015bci i wielu [&hellip;]","og_url":"https:\/\/www.bzdz.pl\/technikum-mundurowe-chojnice\/dzien-dziecka\/","og_site_name":"Technikum Chojnice","article_published_time":"2022-06-01T09:51:16+00:00","og_image":[{"url":"https:\/\/www.bzdz.pl\/technikum-mundurowe-chojnice\/wp-content\/uploads\/2022\/06\/DZIEN-DZIECKA.png","type":"","width":"","height":""}],"author":"Kasia","twitter_card":"summary_large_image","twitter_misc":{"Napisane przez":"Kasia","Szacowany czas czytania":"1 minuta"},"schema":{"@context":"https:\/\/schema.org","@graph":[{"@type":"Article","@id":"https:\/\/www.bzdz.pl\/technikum-mundurowe-chojnice\/dzien-dziecka\/#article","isPartOf":{"@id":"https:\/\/www.bzdz.pl\/technikum-mundurowe-chojnice\/dzien-dziecka\/"},"author":{"name":"Kasia","@id":"https:\/\/www.bzdz.pl\/technikum-mundurowe-chojnice\/#\/schema\/person\/c75dbd09194f3f341939fb5f623ea19e"},"headline":"Dzie\u0144 Dziecka","datePublished":"2022-06-01T09:51:16+00:00","mainEntityOfPage":{"@id":"https:\/\/www.bzdz.pl\/technikum-mundurowe-chojnice\/dzien-dziecka\/"},"wordCount":145,"image":{"@id":"https:\/\/www.bzdz.pl\/technikum-mundurowe-chojnice\/dzien-dziecka\/#primaryimage"},"thumbnailUrl":"https:\/\/www.bzdz.pl\/technikum-mundurowe-chojnice\/wp-content\/uploads\/2022\/06\/DZIEN-DZIECKA.png","articleSection":["Aktualno\u015bci"],"inLanguage":"pl-PL"},{"@type":"WebPage","@id":"https:\/\/www.bzdz.pl\/technikum-mundurowe-chojnice\/dzien-dziecka\/","url":"https:\/\/www.bzdz.pl\/technikum-mundurowe-chojnice\/dzien-dziecka\/","name":"Dzie\u0144 Dziecka - Technikum Chojnice","isPartOf":{"@id":"https:\/\/www.bzdz.pl\/technikum-mundurowe-chojnice\/#website"},"primaryImageOfPage":{"@id":"https:\/\/www.bzdz.pl\/technikum-mundurowe-chojnice\/dzien-dziecka\/#primaryimage"},"image":{"@id":"https:\/\/www.bzdz.pl\/technikum-mundurowe-chojnice\/dzien-dziecka\/#primaryimage"},"thumbnailUrl":"https:\/\/www.bzdz.pl\/technikum-mundurowe-chojnice\/wp-content\/uploads\/2022\/06\/DZIEN-DZIECKA.png","datePublished":"2022-06-01T09:51:16+00:00","author":{"@id":"https:\/\/www.bzdz.pl\/technikum-mundurowe-chojnice\/#\/schema\/person\/c75dbd09194f3f341939fb5f623ea19e"},"breadcrumb":{"@id":"https:\/\/www.bzdz.pl\/technikum-mundurowe-chojnice\/dzien-dziecka\/#breadcrumb"},"inLanguage":"pl-PL","potentialAction":[{"@type":"ReadAction","target":["https:\/\/www.bzdz.pl\/technikum-mundurowe-chojnice\/dzien-dziecka\/"]}]},{"@type":"ImageObject","inLanguage":"pl-PL","@id":"https:\/\/www.bzdz.pl\/technikum-mundurowe-chojnice\/dzien-dziecka\/#primaryimage","url":"https:\/\/www.bzdz.pl\/technikum-mundurowe-chojnice\/wp-content\/uploads\/2022\/06\/DZIEN-DZIECKA.png","contentUrl":"https:\/\/www.bzdz.pl\/technikum-mundurowe-chojnice\/wp-content\/uploads\/2022\/06\/DZIEN-DZIECKA.png"},{"@type":"BreadcrumbList","@id":"https:\/\/www.bzdz.pl\/technikum-mundurowe-chojnice\/dzien-dziecka\/#breadcrumb","itemListElement":[{"@type":"ListItem","position":1,"name":"Strona g\u0142\u00f3wna","item":"https:\/\/www.bzdz.pl\/technikum-mundurowe-chojnice\/"},{"@type":"ListItem","position":2,"name":"Dzie\u0144 Dziecka"}]},{"@type":"WebSite","@id":"https:\/\/www.bzdz.pl\/technikum-mundurowe-chojnice\/#website","url":"https:\/\/www.bzdz.pl\/technikum-mundurowe-chojnice\/","name":"Technikum Chojnice","description":"","potentialAction":[{"@type":"SearchAction","target":{"@type":"EntryPoint","urlTemplate":"https:\/\/www.bzdz.pl\/technikum-mundurowe-chojnice\/?s={search_term_string}"},"query-input":{"@type":"PropertyValueSpecification","valueRequired":true,"valueName":"search_term_string"}}],"inLanguage":"pl-PL"},{"@type":"Person","@id":"https:\/\/www.bzdz.pl\/technikum-mundurowe-chojnice\/#\/schema\/person\/c75dbd09194f3f341939fb5f623ea19e","name":"Kasia","image":{"@type":"ImageObject","inLanguage":"pl-PL","@id":"https:\/\/secure.gravatar.com\/avatar\/1fb2673dd207cadc5e4b5901be6e9b5f0a8d458d8725db86de8d5cf8fc6eef14?s=96&d=mm&r=g","url":"https:\/\/secure.gravatar.com\/avatar\/1fb2673dd207cadc5e4b5901be6e9b5f0a8d458d8725db86de8d5cf8fc6eef14?s=96&d=mm&r=g","contentUrl":"https:\/\/secure.gravatar.com\/avatar\/1fb2673dd207cadc5e4b5901be6e9b5f0a8d458d8725db86de8d5cf8fc6eef14?s=96&d=mm&r=g","caption":"Kasia"}}]}},"_links":{"self":[{"href":"https:\/\/www.bzdz.pl\/technikum-mundurowe-chojnice\/wp-json\/wp\/v2\/posts\/14580","targetHints":{"allow":["GET"]}}],"collection":[{"href":"https:\/\/www.bzdz.pl\/technikum-mundurowe-chojnice\/wp-json\/wp\/v2\/posts"}],"about":[{"href":"https:\/\/www.bzdz.pl\/technikum-mundurowe-chojnice\/wp-json\/wp\/v2\/types\/post"}],"author":[{"embeddable":true,"href":"https:\/\/www.bzdz.pl\/technikum-mundurowe-chojnice\/wp-json\/wp\/v2\/users\/3"}],"replies":[{"embeddable":true,"href":"https:\/\/www.bzdz.pl\/technikum-mundurowe-chojnice\/wp-json\/wp\/v2\/comments?post=14580"}],"version-history":[{"count":0,"href":"https:\/\/www.bzdz.pl\/technikum-mundurowe-chojnice\/wp-json\/wp\/v2\/posts\/14580\/revisions"}],"wp:attachment":[{"href":"https:\/\/www.bzdz.pl\/technikum-mundurowe-chojnice\/wp-json\/wp\/v2\/media?parent=14580"}],"wp:term":[{"taxonomy":"category","embeddable":true,"href":"https:\/\/www.bzdz.pl\/technikum-mundurowe-chojnice\/wp-json\/wp\/v2\/categories?post=14580"},{"taxonomy":"post_tag","embeddable":true,"href":"https:\/\/www.bzdz.pl\/technikum-mundurowe-chojnice\/wp-json\/wp\/v2\/tags?post=14580"}],"curies":[{"name":"wp","href":"https:\/\/api.w.org\/{rel}","templated":true}]}}