{"id":10881,"date":"2020-05-07T13:51:11","date_gmt":"2020-05-07T11:51:11","guid":{"rendered":"https:\/\/www.bzdz.pl\/technikum-mundurowe-chojnice\/?p=10881"},"modified":"2020-05-07T13:51:11","modified_gmt":"2020-05-07T11:51:11","slug":"wspolnie-uczcijmy-76-rocznice-bitwy-pod-monte-cassino-i-50-rocznice-smierci-gen-w-andersa","status":"publish","type":"post","link":"https:\/\/www.bzdz.pl\/technikum-mundurowe-chojnice\/wspolnie-uczcijmy-76-rocznice-bitwy-pod-monte-cassino-i-50-rocznice-smierci-gen-w-andersa\/","title":{"rendered":"Wsp\u00f3lnie uczcijmy 76. rocznic\u0119 Bitwy pod Monte Cassino i 50. rocznic\u0119 \u015bmierci gen. W. Andersa"},"content":{"rendered":"<p style=\"text-align: justify;\"><span style=\"font-family: arial, helvetica, sans-serif; color: #000000;\">Ministerstwo Obrony Narodowej zaprasza do udzia\u0142u w akcji pod has\u0142em \u201eCZERWONE MAKI-BOHATEROM MONTE CASSINO\u201d. Za\u015bpiewajmy wsp\u00f3lnie t\u0119 patriotyczn\u0105 pie\u015b\u0144, kt\u00f3ra w trudnych czasach dodawa\u0142a otuchy Polakom i przypomina o niez\u0142omno\u015bci \u017co\u0142nierzy 2 Korpusu Polskiego.<\/span><\/p>\n<p style=\"text-align: justify;\"><span style=\"font-family: arial, helvetica, sans-serif; color: #000000;\"><strong>Nagraj filmik<\/strong><\/span><\/p>\n<p style=\"text-align: justify;\"><span style=\"font-family: arial, helvetica, sans-serif; color: #000000;\">Nagraj filmik jak \u015bpiewasz solo, w duecie lub z rodzin\u0105 pie\u015b\u0144 &#8222;Czerwone maki na Monte Cassino&#8221; &#8211; w tempie marsza, bez towarzysz\u0105cych instrument\u00f3w. Za\u0142\u00f3\u017c s\u0142uchawk\u0119 i \u015bpiewaj razem z Reprezentacyjnym\u00a0Zespo\u0142em Artystycznym Wojska Polskiego (zobacz wideo pod linkiem poni\u017cej). Filmik nagraj w poziomie, w formacie mp4.<\/span><\/p>\n<p style=\"text-align: justify;\"><span style=\"font-family: arial, helvetica, sans-serif; color: #000000;\"><a style=\"color: #000000;\" href=\"https:\/\/www.youtube.com\/watch?v=Qnvoxe0YT3c&amp;feature=youtu.be&amp;fbclid=IwAR3y3WzMbFh3wLvCfu7Qmu2nJ7cf_FK7uGGwc6vAfYy_t9SBqmTkOYzYjso\">https:\/\/www.youtube.com\/watch?v=Qnvoxe0YT3c&amp;feature=youtu.be&amp;fbclid=IwAR3y3WzMbFh3wLvCfu7Qmu2nJ7cf_FK7uGGwc6vAfYy_t9SBqmTkOYzYjso<\/a><\/span><\/p>\n<p style=\"text-align: justify;\"><span style=\"font-family: arial, helvetica, sans-serif; color: #000000;\"><strong>Prze\u015blij nagranie <\/strong><\/span><\/p>\n<p style=\"text-align: justify;\"><span style=\"font-family: arial, helvetica, sans-serif; color: #000000;\">Plik do 50 MB wy\u015blij na adres <a style=\"color: #000000;\" href=\"mailto:czerwonemaki@mon.gov.pl\">czerwonemaki@mon.gov.pl<\/a><\/span><\/p>\n<p style=\"text-align: justify;\"><span style=\"font-family: arial, helvetica, sans-serif; color: #000000;\">Na nagrania czekamy do \u015brody 13 maja 2020 r.<\/span><\/p>\n<p style=\"text-align: justify;\"><span style=\"font-family: arial, helvetica, sans-serif; color: #000000;\">Pierwszych 30 filmik\u00f3w nagrodzimy \u017co\u0142nierskimi plecakami z materia\u0142ami promocyjnymi MON i Wojska Polskiego.<\/span><\/p>\n<p style=\"text-align: justify;\"><span style=\"font-family: arial, helvetica, sans-serif; color: #000000;\"><strong>Do\u0142\u0105cz zgod\u0119<\/strong><\/span><\/p>\n<p style=\"text-align: justify;\"><span style=\"font-family: arial, helvetica, sans-serif; color: #000000;\">Z ca\u0142o\u015bci lub z fragmentu Twojego filmiku chcemy zmontowa\u0107 spot pt. CZERWONE MAKI-BOHATEROM MONTE CASSINO. Dlatego nale\u017cy wype\u0142ni\u0107, podpisa\u0107 i przes\u0142a\u0107 emailem wraz z filmikiem skan lub zdj\u0119cie zgody na wykorzystanie nagrania i wizerunku. Oba formularze znajdziesz pod linkiem:<\/span><\/p>\n<p style=\"text-align: justify;\"><span style=\"font-family: arial, helvetica, sans-serif; color: #000000;\"><a style=\"color: #000000;\" href=\"https:\/\/www.gov.pl\/web\/obrona-narodowa\/wspolnie-uczcijmy-76-rocznice-bitwy-pod-monte-cassino-i-50-rocznice-smierci-gen-w-andersa\">https:\/\/www.gov.pl\/web\/obrona-narodowa\/wspolnie-uczcijmy-76-rocznice-bitwy-pod-monte-cassino-i-50-rocznice-smierci-gen-w-andersa<\/a><\/p>\n<p><\/span><span style=\"font-family: arial, helvetica, sans-serif; color: #000000;\">\u017ar\u00f3d\u0142o: Wydzia\u0142 Prasowy Centrum Operacyjne Ministra Obrony Narodowej<\/span><\/p>\n<p>&nbsp;<\/p>\n","protected":false},"excerpt":{"rendered":"<p>Ministerstwo Obrony Narodowej zaprasza do udzia\u0142u w akcji pod has\u0142em \u201eCZERWONE MAKI-BOHATEROM MONTE CASSINO\u201d. Za\u015bpiewajmy wsp\u00f3lnie t\u0119 patriotyczn\u0105 pie\u015b\u0144, kt\u00f3ra w trudnych czasach dodawa\u0142a otuchy Polakom i przypomina o niez\u0142omno\u015bci \u017co\u0142nierzy 2 Korpusu Polskiego. Nagraj filmik Nagraj filmik jak \u015bpiewasz solo, w duecie lub z rodzin\u0105 pie\u015b\u0144 &#8222;Czerwone maki na Monte Cassino&#8221; &#8211; w tempie [&hellip;]<\/p>\n","protected":false},"author":2,"featured_media":0,"comment_status":"closed","ping_status":"closed","sticky":false,"template":"","format":"standard","meta":{"_et_pb_use_builder":"","_et_pb_old_content":"","_et_gb_content_width":"","footnotes":""},"categories":[1],"tags":[],"class_list":["post-10881","post","type-post","status-publish","format-standard","hentry","category-aktualnosci"],"yoast_head":"<!-- This site is optimized with the Yoast SEO plugin v28.4 - https:\/\/yoast.com\/product\/yoast-seo-wordpress\/ -->\n<title>Wsp\u00f3lnie uczcijmy 76. rocznic\u0119 Bitwy pod Monte Cassino i 50. rocznic\u0119 \u015bmierci gen. W. Andersa - Technikum Chojnice<\/title>\n<meta name=\"robots\" content=\"index, follow, max-snippet:-1, max-image-preview:large, max-video-preview:-1\" \/>\n<link rel=\"canonical\" href=\"https:\/\/www.bzdz.pl\/technikum-mundurowe-chojnice\/wspolnie-uczcijmy-76-rocznice-bitwy-pod-monte-cassino-i-50-rocznice-smierci-gen-w-andersa\/\" \/>\n<meta property=\"og:locale\" content=\"pl_PL\" \/>\n<meta property=\"og:type\" content=\"article\" \/>\n<meta property=\"og:title\" content=\"Wsp\u00f3lnie uczcijmy 76. rocznic\u0119 Bitwy pod Monte Cassino i 50. rocznic\u0119 \u015bmierci gen. W. Andersa - Technikum Chojnice\" \/>\n<meta property=\"og:description\" content=\"Ministerstwo Obrony Narodowej zaprasza do udzia\u0142u w akcji pod has\u0142em \u201eCZERWONE MAKI-BOHATEROM MONTE CASSINO\u201d. Za\u015bpiewajmy wsp\u00f3lnie t\u0119 patriotyczn\u0105 pie\u015b\u0144, kt\u00f3ra w trudnych czasach dodawa\u0142a otuchy Polakom i przypomina o niez\u0142omno\u015bci \u017co\u0142nierzy 2 Korpusu Polskiego. Nagraj filmik Nagraj filmik jak \u015bpiewasz solo, w duecie lub z rodzin\u0105 pie\u015b\u0144 &#8222;Czerwone maki na Monte Cassino&#8221; &#8211; w tempie [&hellip;]\" \/>\n<meta property=\"og:url\" content=\"https:\/\/www.bzdz.pl\/technikum-mundurowe-chojnice\/wspolnie-uczcijmy-76-rocznice-bitwy-pod-monte-cassino-i-50-rocznice-smierci-gen-w-andersa\/\" \/>\n<meta property=\"og:site_name\" content=\"Technikum Chojnice\" \/>\n<meta property=\"article:published_time\" content=\"2020-05-07T11:51:11+00:00\" \/>\n<meta name=\"author\" content=\"Grazyna\" \/>\n<meta name=\"twitter:card\" content=\"summary_large_image\" \/>\n<meta name=\"twitter:label1\" content=\"Napisane przez\" \/>\n\t<meta name=\"twitter:data1\" content=\"Grazyna\" \/>\n\t<meta name=\"twitter:label2\" content=\"Szacowany czas czytania\" \/>\n\t<meta name=\"twitter:data2\" content=\"1 minuta\" \/>\n<script type=\"application\/ld+json\" class=\"yoast-schema-graph\">{\"@context\":\"https:\\\/\\\/schema.org\",\"@graph\":[{\"@type\":\"Article\",\"@id\":\"https:\\\/\\\/www.bzdz.pl\\\/technikum-mundurowe-chojnice\\\/wspolnie-uczcijmy-76-rocznice-bitwy-pod-monte-cassino-i-50-rocznice-smierci-gen-w-andersa\\\/#article\",\"isPartOf\":{\"@id\":\"https:\\\/\\\/www.bzdz.pl\\\/technikum-mundurowe-chojnice\\\/wspolnie-uczcijmy-76-rocznice-bitwy-pod-monte-cassino-i-50-rocznice-smierci-gen-w-andersa\\\/\"},\"author\":{\"name\":\"Grazyna\",\"@id\":\"https:\\\/\\\/www.bzdz.pl\\\/technikum-mundurowe-chojnice\\\/#\\\/schema\\\/person\\\/c19f0e8ffe0b8dc1624f7a8f9cff4f62\"},\"headline\":\"Wsp\u00f3lnie uczcijmy 76. rocznic\u0119 Bitwy pod Monte Cassino i 50. rocznic\u0119 \u015bmierci gen. W. Andersa\",\"datePublished\":\"2020-05-07T11:51:11+00:00\",\"mainEntityOfPage\":{\"@id\":\"https:\\\/\\\/www.bzdz.pl\\\/technikum-mundurowe-chojnice\\\/wspolnie-uczcijmy-76-rocznice-bitwy-pod-monte-cassino-i-50-rocznice-smierci-gen-w-andersa\\\/\"},\"wordCount\":240,\"articleSection\":[\"Aktualno\u015bci\"],\"inLanguage\":\"pl-PL\"},{\"@type\":\"WebPage\",\"@id\":\"https:\\\/\\\/www.bzdz.pl\\\/technikum-mundurowe-chojnice\\\/wspolnie-uczcijmy-76-rocznice-bitwy-pod-monte-cassino-i-50-rocznice-smierci-gen-w-andersa\\\/\",\"url\":\"https:\\\/\\\/www.bzdz.pl\\\/technikum-mundurowe-chojnice\\\/wspolnie-uczcijmy-76-rocznice-bitwy-pod-monte-cassino-i-50-rocznice-smierci-gen-w-andersa\\\/\",\"name\":\"Wsp\u00f3lnie uczcijmy 76. rocznic\u0119 Bitwy pod Monte Cassino i 50. rocznic\u0119 \u015bmierci gen. W. Andersa - Technikum Chojnice\",\"isPartOf\":{\"@id\":\"https:\\\/\\\/www.bzdz.pl\\\/technikum-mundurowe-chojnice\\\/#website\"},\"datePublished\":\"2020-05-07T11:51:11+00:00\",\"author\":{\"@id\":\"https:\\\/\\\/www.bzdz.pl\\\/technikum-mundurowe-chojnice\\\/#\\\/schema\\\/person\\\/c19f0e8ffe0b8dc1624f7a8f9cff4f62\"},\"breadcrumb\":{\"@id\":\"https:\\\/\\\/www.bzdz.pl\\\/technikum-mundurowe-chojnice\\\/wspolnie-uczcijmy-76-rocznice-bitwy-pod-monte-cassino-i-50-rocznice-smierci-gen-w-andersa\\\/#breadcrumb\"},\"inLanguage\":\"pl-PL\",\"potentialAction\":[{\"@type\":\"ReadAction\",\"target\":[\"https:\\\/\\\/www.bzdz.pl\\\/technikum-mundurowe-chojnice\\\/wspolnie-uczcijmy-76-rocznice-bitwy-pod-monte-cassino-i-50-rocznice-smierci-gen-w-andersa\\\/\"]}]},{\"@type\":\"BreadcrumbList\",\"@id\":\"https:\\\/\\\/www.bzdz.pl\\\/technikum-mundurowe-chojnice\\\/wspolnie-uczcijmy-76-rocznice-bitwy-pod-monte-cassino-i-50-rocznice-smierci-gen-w-andersa\\\/#breadcrumb\",\"itemListElement\":[{\"@type\":\"ListItem\",\"position\":1,\"name\":\"Strona g\u0142\u00f3wna\",\"item\":\"https:\\\/\\\/www.bzdz.pl\\\/technikum-mundurowe-chojnice\\\/\"},{\"@type\":\"ListItem\",\"position\":2,\"name\":\"Wsp\u00f3lnie uczcijmy 76. rocznic\u0119 Bitwy pod Monte Cassino i 50. rocznic\u0119 \u015bmierci gen. W. Andersa\"}]},{\"@type\":\"WebSite\",\"@id\":\"https:\\\/\\\/www.bzdz.pl\\\/technikum-mundurowe-chojnice\\\/#website\",\"url\":\"https:\\\/\\\/www.bzdz.pl\\\/technikum-mundurowe-chojnice\\\/\",\"name\":\"Technikum Chojnice\",\"description\":\"\",\"potentialAction\":[{\"@type\":\"SearchAction\",\"target\":{\"@type\":\"EntryPoint\",\"urlTemplate\":\"https:\\\/\\\/www.bzdz.pl\\\/technikum-mundurowe-chojnice\\\/?s={search_term_string}\"},\"query-input\":{\"@type\":\"PropertyValueSpecification\",\"valueRequired\":true,\"valueName\":\"search_term_string\"}}],\"inLanguage\":\"pl-PL\"},{\"@type\":\"Person\",\"@id\":\"https:\\\/\\\/www.bzdz.pl\\\/technikum-mundurowe-chojnice\\\/#\\\/schema\\\/person\\\/c19f0e8ffe0b8dc1624f7a8f9cff4f62\",\"name\":\"Grazyna\",\"image\":{\"@type\":\"ImageObject\",\"inLanguage\":\"pl-PL\",\"@id\":\"https:\\\/\\\/secure.gravatar.com\\\/avatar\\\/919b07353b56d0b7427663fa72f79e5bf61a7b1b8a377e9094eb2a339baa1f9a?s=96&d=mm&r=g\",\"url\":\"https:\\\/\\\/secure.gravatar.com\\\/avatar\\\/919b07353b56d0b7427663fa72f79e5bf61a7b1b8a377e9094eb2a339baa1f9a?s=96&d=mm&r=g\",\"contentUrl\":\"https:\\\/\\\/secure.gravatar.com\\\/avatar\\\/919b07353b56d0b7427663fa72f79e5bf61a7b1b8a377e9094eb2a339baa1f9a?s=96&d=mm&r=g\",\"caption\":\"Grazyna\"}}]}<\/script>\n<!-- \/ Yoast SEO plugin. -->","yoast_head_json":{"title":"Wsp\u00f3lnie uczcijmy 76. rocznic\u0119 Bitwy pod Monte Cassino i 50. rocznic\u0119 \u015bmierci gen. W. Andersa - Technikum Chojnice","robots":{"index":"index","follow":"follow","max-snippet":"max-snippet:-1","max-image-preview":"max-image-preview:large","max-video-preview":"max-video-preview:-1"},"canonical":"https:\/\/www.bzdz.pl\/technikum-mundurowe-chojnice\/wspolnie-uczcijmy-76-rocznice-bitwy-pod-monte-cassino-i-50-rocznice-smierci-gen-w-andersa\/","og_locale":"pl_PL","og_type":"article","og_title":"Wsp\u00f3lnie uczcijmy 76. rocznic\u0119 Bitwy pod Monte Cassino i 50. rocznic\u0119 \u015bmierci gen. W. Andersa - Technikum Chojnice","og_description":"Ministerstwo Obrony Narodowej zaprasza do udzia\u0142u w akcji pod has\u0142em \u201eCZERWONE MAKI-BOHATEROM MONTE CASSINO\u201d. Za\u015bpiewajmy wsp\u00f3lnie t\u0119 patriotyczn\u0105 pie\u015b\u0144, kt\u00f3ra w trudnych czasach dodawa\u0142a otuchy Polakom i przypomina o niez\u0142omno\u015bci \u017co\u0142nierzy 2 Korpusu Polskiego. Nagraj filmik Nagraj filmik jak \u015bpiewasz solo, w duecie lub z rodzin\u0105 pie\u015b\u0144 &#8222;Czerwone maki na Monte Cassino&#8221; &#8211; w tempie [&hellip;]","og_url":"https:\/\/www.bzdz.pl\/technikum-mundurowe-chojnice\/wspolnie-uczcijmy-76-rocznice-bitwy-pod-monte-cassino-i-50-rocznice-smierci-gen-w-andersa\/","og_site_name":"Technikum Chojnice","article_published_time":"2020-05-07T11:51:11+00:00","author":"Grazyna","twitter_card":"summary_large_image","twitter_misc":{"Napisane przez":"Grazyna","Szacowany czas czytania":"1 minuta"},"schema":{"@context":"https:\/\/schema.org","@graph":[{"@type":"Article","@id":"https:\/\/www.bzdz.pl\/technikum-mundurowe-chojnice\/wspolnie-uczcijmy-76-rocznice-bitwy-pod-monte-cassino-i-50-rocznice-smierci-gen-w-andersa\/#article","isPartOf":{"@id":"https:\/\/www.bzdz.pl\/technikum-mundurowe-chojnice\/wspolnie-uczcijmy-76-rocznice-bitwy-pod-monte-cassino-i-50-rocznice-smierci-gen-w-andersa\/"},"author":{"name":"Grazyna","@id":"https:\/\/www.bzdz.pl\/technikum-mundurowe-chojnice\/#\/schema\/person\/c19f0e8ffe0b8dc1624f7a8f9cff4f62"},"headline":"Wsp\u00f3lnie uczcijmy 76. rocznic\u0119 Bitwy pod Monte Cassino i 50. rocznic\u0119 \u015bmierci gen. W. Andersa","datePublished":"2020-05-07T11:51:11+00:00","mainEntityOfPage":{"@id":"https:\/\/www.bzdz.pl\/technikum-mundurowe-chojnice\/wspolnie-uczcijmy-76-rocznice-bitwy-pod-monte-cassino-i-50-rocznice-smierci-gen-w-andersa\/"},"wordCount":240,"articleSection":["Aktualno\u015bci"],"inLanguage":"pl-PL"},{"@type":"WebPage","@id":"https:\/\/www.bzdz.pl\/technikum-mundurowe-chojnice\/wspolnie-uczcijmy-76-rocznice-bitwy-pod-monte-cassino-i-50-rocznice-smierci-gen-w-andersa\/","url":"https:\/\/www.bzdz.pl\/technikum-mundurowe-chojnice\/wspolnie-uczcijmy-76-rocznice-bitwy-pod-monte-cassino-i-50-rocznice-smierci-gen-w-andersa\/","name":"Wsp\u00f3lnie uczcijmy 76. rocznic\u0119 Bitwy pod Monte Cassino i 50. rocznic\u0119 \u015bmierci gen. W. Andersa - Technikum Chojnice","isPartOf":{"@id":"https:\/\/www.bzdz.pl\/technikum-mundurowe-chojnice\/#website"},"datePublished":"2020-05-07T11:51:11+00:00","author":{"@id":"https:\/\/www.bzdz.pl\/technikum-mundurowe-chojnice\/#\/schema\/person\/c19f0e8ffe0b8dc1624f7a8f9cff4f62"},"breadcrumb":{"@id":"https:\/\/www.bzdz.pl\/technikum-mundurowe-chojnice\/wspolnie-uczcijmy-76-rocznice-bitwy-pod-monte-cassino-i-50-rocznice-smierci-gen-w-andersa\/#breadcrumb"},"inLanguage":"pl-PL","potentialAction":[{"@type":"ReadAction","target":["https:\/\/www.bzdz.pl\/technikum-mundurowe-chojnice\/wspolnie-uczcijmy-76-rocznice-bitwy-pod-monte-cassino-i-50-rocznice-smierci-gen-w-andersa\/"]}]},{"@type":"BreadcrumbList","@id":"https:\/\/www.bzdz.pl\/technikum-mundurowe-chojnice\/wspolnie-uczcijmy-76-rocznice-bitwy-pod-monte-cassino-i-50-rocznice-smierci-gen-w-andersa\/#breadcrumb","itemListElement":[{"@type":"ListItem","position":1,"name":"Strona g\u0142\u00f3wna","item":"https:\/\/www.bzdz.pl\/technikum-mundurowe-chojnice\/"},{"@type":"ListItem","position":2,"name":"Wsp\u00f3lnie uczcijmy 76. rocznic\u0119 Bitwy pod Monte Cassino i 50. rocznic\u0119 \u015bmierci gen. W. Andersa"}]},{"@type":"WebSite","@id":"https:\/\/www.bzdz.pl\/technikum-mundurowe-chojnice\/#website","url":"https:\/\/www.bzdz.pl\/technikum-mundurowe-chojnice\/","name":"Technikum Chojnice","description":"","potentialAction":[{"@type":"SearchAction","target":{"@type":"EntryPoint","urlTemplate":"https:\/\/www.bzdz.pl\/technikum-mundurowe-chojnice\/?s={search_term_string}"},"query-input":{"@type":"PropertyValueSpecification","valueRequired":true,"valueName":"search_term_string"}}],"inLanguage":"pl-PL"},{"@type":"Person","@id":"https:\/\/www.bzdz.pl\/technikum-mundurowe-chojnice\/#\/schema\/person\/c19f0e8ffe0b8dc1624f7a8f9cff4f62","name":"Grazyna","image":{"@type":"ImageObject","inLanguage":"pl-PL","@id":"https:\/\/secure.gravatar.com\/avatar\/919b07353b56d0b7427663fa72f79e5bf61a7b1b8a377e9094eb2a339baa1f9a?s=96&d=mm&r=g","url":"https:\/\/secure.gravatar.com\/avatar\/919b07353b56d0b7427663fa72f79e5bf61a7b1b8a377e9094eb2a339baa1f9a?s=96&d=mm&r=g","contentUrl":"https:\/\/secure.gravatar.com\/avatar\/919b07353b56d0b7427663fa72f79e5bf61a7b1b8a377e9094eb2a339baa1f9a?s=96&d=mm&r=g","caption":"Grazyna"}}]}},"_links":{"self":[{"href":"https:\/\/www.bzdz.pl\/technikum-mundurowe-chojnice\/wp-json\/wp\/v2\/posts\/10881","targetHints":{"allow":["GET"]}}],"collection":[{"href":"https:\/\/www.bzdz.pl\/technikum-mundurowe-chojnice\/wp-json\/wp\/v2\/posts"}],"about":[{"href":"https:\/\/www.bzdz.pl\/technikum-mundurowe-chojnice\/wp-json\/wp\/v2\/types\/post"}],"author":[{"embeddable":true,"href":"https:\/\/www.bzdz.pl\/technikum-mundurowe-chojnice\/wp-json\/wp\/v2\/users\/2"}],"replies":[{"embeddable":true,"href":"https:\/\/www.bzdz.pl\/technikum-mundurowe-chojnice\/wp-json\/wp\/v2\/comments?post=10881"}],"version-history":[{"count":0,"href":"https:\/\/www.bzdz.pl\/technikum-mundurowe-chojnice\/wp-json\/wp\/v2\/posts\/10881\/revisions"}],"wp:attachment":[{"href":"https:\/\/www.bzdz.pl\/technikum-mundurowe-chojnice\/wp-json\/wp\/v2\/media?parent=10881"}],"wp:term":[{"taxonomy":"category","embeddable":true,"href":"https:\/\/www.bzdz.pl\/technikum-mundurowe-chojnice\/wp-json\/wp\/v2\/categories?post=10881"},{"taxonomy":"post_tag","embeddable":true,"href":"https:\/\/www.bzdz.pl\/technikum-mundurowe-chojnice\/wp-json\/wp\/v2\/tags?post=10881"}],"curies":[{"name":"wp","href":"https:\/\/api.w.org\/{rel}","templated":true}]}}