{"id":10045,"date":"2020-03-10T10:58:21","date_gmt":"2020-03-10T09:58:21","guid":{"rendered":"https:\/\/www.bzdz.pl\/technikum-mundurowe-chojnice\/?p=10045"},"modified":"2020-03-10T10:58:21","modified_gmt":"2020-03-10T09:58:21","slug":"zajecia-uczniow-o-profilu-sluzby-wieziennej-na-strzelnicy-luty-2020","status":"publish","type":"post","link":"https:\/\/www.bzdz.pl\/technikum-mundurowe-chojnice\/zajecia-uczniow-o-profilu-sluzby-wieziennej-na-strzelnicy-luty-2020\/","title":{"rendered":"Zaj\u0119cia uczni\u00f3w o profilu s\u0142u\u017cby wi\u0119ziennej na strzelnicy &#8211; luty 2020"},"content":{"rendered":"<p style=\"text-align: justify;\"><span style=\"font-family: arial, helvetica, sans-serif; color: #000000;\">W ramach sobotnich zaj\u0119\u0107 profilowych uczniowie o profilu s\u0142u\u017cby wi\u0119ziennej doskonalili swoje umiej\u0119tno\u015bci strzeleckie, \u0107wiczyli rzut granatem oraz sk\u0142adanie i rozk\u0142adanie karabinka akms.\u00a0<\/span><\/p>\n<p>[rl_gallery id=&#8221;10033&#8243;]<\/p>\n","protected":false},"excerpt":{"rendered":"<p>W ramach sobotnich zaj\u0119\u0107 profilowych uczniowie o profilu s\u0142u\u017cby wi\u0119ziennej doskonalili swoje umiej\u0119tno\u015bci strzeleckie, \u0107wiczyli rzut granatem oraz sk\u0142adanie i rozk\u0142adanie karabinka akms.\u00a0 [rl_gallery id=&#8221;10033&#8243;]<\/p>\n","protected":false},"author":2,"featured_media":0,"comment_status":"closed","ping_status":"closed","sticky":false,"template":"","format":"standard","meta":{"_et_pb_use_builder":"","_et_pb_old_content":"","_et_gb_content_width":"","footnotes":""},"categories":[1],"tags":[],"class_list":["post-10045","post","type-post","status-publish","format-standard","hentry","category-aktualnosci"],"yoast_head":"<!-- This site is optimized with the Yoast SEO plugin v28.4 - https:\/\/yoast.com\/product\/yoast-seo-wordpress\/ -->\n<title>Zaj\u0119cia uczni\u00f3w o profilu s\u0142u\u017cby wi\u0119ziennej na strzelnicy - luty 2020 - Technikum Chojnice<\/title>\n<meta name=\"robots\" content=\"index, follow, max-snippet:-1, max-image-preview:large, max-video-preview:-1\" \/>\n<link rel=\"canonical\" href=\"https:\/\/www.bzdz.pl\/technikum-mundurowe-chojnice\/zajecia-uczniow-o-profilu-sluzby-wieziennej-na-strzelnicy-luty-2020\/\" \/>\n<meta property=\"og:locale\" content=\"pl_PL\" \/>\n<meta property=\"og:type\" content=\"article\" \/>\n<meta property=\"og:title\" content=\"Zaj\u0119cia uczni\u00f3w o profilu s\u0142u\u017cby wi\u0119ziennej na strzelnicy - luty 2020 - Technikum Chojnice\" \/>\n<meta property=\"og:description\" content=\"W ramach sobotnich zaj\u0119\u0107 profilowych uczniowie o profilu s\u0142u\u017cby wi\u0119ziennej doskonalili swoje umiej\u0119tno\u015bci strzeleckie, \u0107wiczyli rzut granatem oraz sk\u0142adanie i rozk\u0142adanie karabinka akms.\u00a0 [rl_gallery id=&#8221;10033&#8243;]\" \/>\n<meta property=\"og:url\" content=\"https:\/\/www.bzdz.pl\/technikum-mundurowe-chojnice\/zajecia-uczniow-o-profilu-sluzby-wieziennej-na-strzelnicy-luty-2020\/\" \/>\n<meta property=\"og:site_name\" content=\"Technikum Chojnice\" \/>\n<meta property=\"article:published_time\" content=\"2020-03-10T09:58:21+00:00\" \/>\n<meta name=\"author\" content=\"Grazyna\" \/>\n<meta name=\"twitter:card\" content=\"summary_large_image\" \/>\n<meta name=\"twitter:label1\" content=\"Napisane przez\" \/>\n\t<meta name=\"twitter:data1\" content=\"Grazyna\" \/>\n<script type=\"application\/ld+json\" class=\"yoast-schema-graph\">{\"@context\":\"https:\\\/\\\/schema.org\",\"@graph\":[{\"@type\":\"Article\",\"@id\":\"https:\\\/\\\/www.bzdz.pl\\\/technikum-mundurowe-chojnice\\\/zajecia-uczniow-o-profilu-sluzby-wieziennej-na-strzelnicy-luty-2020\\\/#article\",\"isPartOf\":{\"@id\":\"https:\\\/\\\/www.bzdz.pl\\\/technikum-mundurowe-chojnice\\\/zajecia-uczniow-o-profilu-sluzby-wieziennej-na-strzelnicy-luty-2020\\\/\"},\"author\":{\"name\":\"Grazyna\",\"@id\":\"https:\\\/\\\/www.bzdz.pl\\\/technikum-mundurowe-chojnice\\\/#\\\/schema\\\/person\\\/c19f0e8ffe0b8dc1624f7a8f9cff4f62\"},\"headline\":\"Zaj\u0119cia uczni\u00f3w o profilu s\u0142u\u017cby wi\u0119ziennej na strzelnicy &#8211; luty 2020\",\"datePublished\":\"2020-03-10T09:58:21+00:00\",\"mainEntityOfPage\":{\"@id\":\"https:\\\/\\\/www.bzdz.pl\\\/technikum-mundurowe-chojnice\\\/zajecia-uczniow-o-profilu-sluzby-wieziennej-na-strzelnicy-luty-2020\\\/\"},\"wordCount\":48,\"articleSection\":[\"Aktualno\u015bci\"],\"inLanguage\":\"pl-PL\"},{\"@type\":\"WebPage\",\"@id\":\"https:\\\/\\\/www.bzdz.pl\\\/technikum-mundurowe-chojnice\\\/zajecia-uczniow-o-profilu-sluzby-wieziennej-na-strzelnicy-luty-2020\\\/\",\"url\":\"https:\\\/\\\/www.bzdz.pl\\\/technikum-mundurowe-chojnice\\\/zajecia-uczniow-o-profilu-sluzby-wieziennej-na-strzelnicy-luty-2020\\\/\",\"name\":\"Zaj\u0119cia uczni\u00f3w o profilu s\u0142u\u017cby wi\u0119ziennej na strzelnicy - luty 2020 - Technikum Chojnice\",\"isPartOf\":{\"@id\":\"https:\\\/\\\/www.bzdz.pl\\\/technikum-mundurowe-chojnice\\\/#website\"},\"datePublished\":\"2020-03-10T09:58:21+00:00\",\"author\":{\"@id\":\"https:\\\/\\\/www.bzdz.pl\\\/technikum-mundurowe-chojnice\\\/#\\\/schema\\\/person\\\/c19f0e8ffe0b8dc1624f7a8f9cff4f62\"},\"breadcrumb\":{\"@id\":\"https:\\\/\\\/www.bzdz.pl\\\/technikum-mundurowe-chojnice\\\/zajecia-uczniow-o-profilu-sluzby-wieziennej-na-strzelnicy-luty-2020\\\/#breadcrumb\"},\"inLanguage\":\"pl-PL\",\"potentialAction\":[{\"@type\":\"ReadAction\",\"target\":[\"https:\\\/\\\/www.bzdz.pl\\\/technikum-mundurowe-chojnice\\\/zajecia-uczniow-o-profilu-sluzby-wieziennej-na-strzelnicy-luty-2020\\\/\"]}]},{\"@type\":\"BreadcrumbList\",\"@id\":\"https:\\\/\\\/www.bzdz.pl\\\/technikum-mundurowe-chojnice\\\/zajecia-uczniow-o-profilu-sluzby-wieziennej-na-strzelnicy-luty-2020\\\/#breadcrumb\",\"itemListElement\":[{\"@type\":\"ListItem\",\"position\":1,\"name\":\"Strona g\u0142\u00f3wna\",\"item\":\"https:\\\/\\\/www.bzdz.pl\\\/technikum-mundurowe-chojnice\\\/\"},{\"@type\":\"ListItem\",\"position\":2,\"name\":\"Zaj\u0119cia uczni\u00f3w o profilu s\u0142u\u017cby wi\u0119ziennej na strzelnicy &#8211; luty 2020\"}]},{\"@type\":\"WebSite\",\"@id\":\"https:\\\/\\\/www.bzdz.pl\\\/technikum-mundurowe-chojnice\\\/#website\",\"url\":\"https:\\\/\\\/www.bzdz.pl\\\/technikum-mundurowe-chojnice\\\/\",\"name\":\"Technikum Chojnice\",\"description\":\"\",\"potentialAction\":[{\"@type\":\"SearchAction\",\"target\":{\"@type\":\"EntryPoint\",\"urlTemplate\":\"https:\\\/\\\/www.bzdz.pl\\\/technikum-mundurowe-chojnice\\\/?s={search_term_string}\"},\"query-input\":{\"@type\":\"PropertyValueSpecification\",\"valueRequired\":true,\"valueName\":\"search_term_string\"}}],\"inLanguage\":\"pl-PL\"},{\"@type\":\"Person\",\"@id\":\"https:\\\/\\\/www.bzdz.pl\\\/technikum-mundurowe-chojnice\\\/#\\\/schema\\\/person\\\/c19f0e8ffe0b8dc1624f7a8f9cff4f62\",\"name\":\"Grazyna\",\"image\":{\"@type\":\"ImageObject\",\"inLanguage\":\"pl-PL\",\"@id\":\"https:\\\/\\\/secure.gravatar.com\\\/avatar\\\/919b07353b56d0b7427663fa72f79e5bf61a7b1b8a377e9094eb2a339baa1f9a?s=96&d=mm&r=g\",\"url\":\"https:\\\/\\\/secure.gravatar.com\\\/avatar\\\/919b07353b56d0b7427663fa72f79e5bf61a7b1b8a377e9094eb2a339baa1f9a?s=96&d=mm&r=g\",\"contentUrl\":\"https:\\\/\\\/secure.gravatar.com\\\/avatar\\\/919b07353b56d0b7427663fa72f79e5bf61a7b1b8a377e9094eb2a339baa1f9a?s=96&d=mm&r=g\",\"caption\":\"Grazyna\"}}]}<\/script>\n<!-- \/ Yoast SEO plugin. -->","yoast_head_json":{"title":"Zaj\u0119cia uczni\u00f3w o profilu s\u0142u\u017cby wi\u0119ziennej na strzelnicy - luty 2020 - Technikum Chojnice","robots":{"index":"index","follow":"follow","max-snippet":"max-snippet:-1","max-image-preview":"max-image-preview:large","max-video-preview":"max-video-preview:-1"},"canonical":"https:\/\/www.bzdz.pl\/technikum-mundurowe-chojnice\/zajecia-uczniow-o-profilu-sluzby-wieziennej-na-strzelnicy-luty-2020\/","og_locale":"pl_PL","og_type":"article","og_title":"Zaj\u0119cia uczni\u00f3w o profilu s\u0142u\u017cby wi\u0119ziennej na strzelnicy - luty 2020 - Technikum Chojnice","og_description":"W ramach sobotnich zaj\u0119\u0107 profilowych uczniowie o profilu s\u0142u\u017cby wi\u0119ziennej doskonalili swoje umiej\u0119tno\u015bci strzeleckie, \u0107wiczyli rzut granatem oraz sk\u0142adanie i rozk\u0142adanie karabinka akms.\u00a0 [rl_gallery id=&#8221;10033&#8243;]","og_url":"https:\/\/www.bzdz.pl\/technikum-mundurowe-chojnice\/zajecia-uczniow-o-profilu-sluzby-wieziennej-na-strzelnicy-luty-2020\/","og_site_name":"Technikum Chojnice","article_published_time":"2020-03-10T09:58:21+00:00","author":"Grazyna","twitter_card":"summary_large_image","twitter_misc":{"Napisane przez":"Grazyna"},"schema":{"@context":"https:\/\/schema.org","@graph":[{"@type":"Article","@id":"https:\/\/www.bzdz.pl\/technikum-mundurowe-chojnice\/zajecia-uczniow-o-profilu-sluzby-wieziennej-na-strzelnicy-luty-2020\/#article","isPartOf":{"@id":"https:\/\/www.bzdz.pl\/technikum-mundurowe-chojnice\/zajecia-uczniow-o-profilu-sluzby-wieziennej-na-strzelnicy-luty-2020\/"},"author":{"name":"Grazyna","@id":"https:\/\/www.bzdz.pl\/technikum-mundurowe-chojnice\/#\/schema\/person\/c19f0e8ffe0b8dc1624f7a8f9cff4f62"},"headline":"Zaj\u0119cia uczni\u00f3w o profilu s\u0142u\u017cby wi\u0119ziennej na strzelnicy &#8211; luty 2020","datePublished":"2020-03-10T09:58:21+00:00","mainEntityOfPage":{"@id":"https:\/\/www.bzdz.pl\/technikum-mundurowe-chojnice\/zajecia-uczniow-o-profilu-sluzby-wieziennej-na-strzelnicy-luty-2020\/"},"wordCount":48,"articleSection":["Aktualno\u015bci"],"inLanguage":"pl-PL"},{"@type":"WebPage","@id":"https:\/\/www.bzdz.pl\/technikum-mundurowe-chojnice\/zajecia-uczniow-o-profilu-sluzby-wieziennej-na-strzelnicy-luty-2020\/","url":"https:\/\/www.bzdz.pl\/technikum-mundurowe-chojnice\/zajecia-uczniow-o-profilu-sluzby-wieziennej-na-strzelnicy-luty-2020\/","name":"Zaj\u0119cia uczni\u00f3w o profilu s\u0142u\u017cby wi\u0119ziennej na strzelnicy - luty 2020 - Technikum Chojnice","isPartOf":{"@id":"https:\/\/www.bzdz.pl\/technikum-mundurowe-chojnice\/#website"},"datePublished":"2020-03-10T09:58:21+00:00","author":{"@id":"https:\/\/www.bzdz.pl\/technikum-mundurowe-chojnice\/#\/schema\/person\/c19f0e8ffe0b8dc1624f7a8f9cff4f62"},"breadcrumb":{"@id":"https:\/\/www.bzdz.pl\/technikum-mundurowe-chojnice\/zajecia-uczniow-o-profilu-sluzby-wieziennej-na-strzelnicy-luty-2020\/#breadcrumb"},"inLanguage":"pl-PL","potentialAction":[{"@type":"ReadAction","target":["https:\/\/www.bzdz.pl\/technikum-mundurowe-chojnice\/zajecia-uczniow-o-profilu-sluzby-wieziennej-na-strzelnicy-luty-2020\/"]}]},{"@type":"BreadcrumbList","@id":"https:\/\/www.bzdz.pl\/technikum-mundurowe-chojnice\/zajecia-uczniow-o-profilu-sluzby-wieziennej-na-strzelnicy-luty-2020\/#breadcrumb","itemListElement":[{"@type":"ListItem","position":1,"name":"Strona g\u0142\u00f3wna","item":"https:\/\/www.bzdz.pl\/technikum-mundurowe-chojnice\/"},{"@type":"ListItem","position":2,"name":"Zaj\u0119cia uczni\u00f3w o profilu s\u0142u\u017cby wi\u0119ziennej na strzelnicy &#8211; luty 2020"}]},{"@type":"WebSite","@id":"https:\/\/www.bzdz.pl\/technikum-mundurowe-chojnice\/#website","url":"https:\/\/www.bzdz.pl\/technikum-mundurowe-chojnice\/","name":"Technikum Chojnice","description":"","potentialAction":[{"@type":"SearchAction","target":{"@type":"EntryPoint","urlTemplate":"https:\/\/www.bzdz.pl\/technikum-mundurowe-chojnice\/?s={search_term_string}"},"query-input":{"@type":"PropertyValueSpecification","valueRequired":true,"valueName":"search_term_string"}}],"inLanguage":"pl-PL"},{"@type":"Person","@id":"https:\/\/www.bzdz.pl\/technikum-mundurowe-chojnice\/#\/schema\/person\/c19f0e8ffe0b8dc1624f7a8f9cff4f62","name":"Grazyna","image":{"@type":"ImageObject","inLanguage":"pl-PL","@id":"https:\/\/secure.gravatar.com\/avatar\/919b07353b56d0b7427663fa72f79e5bf61a7b1b8a377e9094eb2a339baa1f9a?s=96&d=mm&r=g","url":"https:\/\/secure.gravatar.com\/avatar\/919b07353b56d0b7427663fa72f79e5bf61a7b1b8a377e9094eb2a339baa1f9a?s=96&d=mm&r=g","contentUrl":"https:\/\/secure.gravatar.com\/avatar\/919b07353b56d0b7427663fa72f79e5bf61a7b1b8a377e9094eb2a339baa1f9a?s=96&d=mm&r=g","caption":"Grazyna"}}]}},"_links":{"self":[{"href":"https:\/\/www.bzdz.pl\/technikum-mundurowe-chojnice\/wp-json\/wp\/v2\/posts\/10045","targetHints":{"allow":["GET"]}}],"collection":[{"href":"https:\/\/www.bzdz.pl\/technikum-mundurowe-chojnice\/wp-json\/wp\/v2\/posts"}],"about":[{"href":"https:\/\/www.bzdz.pl\/technikum-mundurowe-chojnice\/wp-json\/wp\/v2\/types\/post"}],"author":[{"embeddable":true,"href":"https:\/\/www.bzdz.pl\/technikum-mundurowe-chojnice\/wp-json\/wp\/v2\/users\/2"}],"replies":[{"embeddable":true,"href":"https:\/\/www.bzdz.pl\/technikum-mundurowe-chojnice\/wp-json\/wp\/v2\/comments?post=10045"}],"version-history":[{"count":0,"href":"https:\/\/www.bzdz.pl\/technikum-mundurowe-chojnice\/wp-json\/wp\/v2\/posts\/10045\/revisions"}],"wp:attachment":[{"href":"https:\/\/www.bzdz.pl\/technikum-mundurowe-chojnice\/wp-json\/wp\/v2\/media?parent=10045"}],"wp:term":[{"taxonomy":"category","embeddable":true,"href":"https:\/\/www.bzdz.pl\/technikum-mundurowe-chojnice\/wp-json\/wp\/v2\/categories?post=10045"},{"taxonomy":"post_tag","embeddable":true,"href":"https:\/\/www.bzdz.pl\/technikum-mundurowe-chojnice\/wp-json\/wp\/v2\/tags?post=10045"}],"curies":[{"name":"wp","href":"https:\/\/api.w.org\/{rel}","templated":true}]}}