{"id":7875,"date":"2026-04-23T21:28:48","date_gmt":"2026-04-23T19:28:48","guid":{"rendered":"https:\/\/www.bzdz.pl\/technikum-mundurowe-chelmno\/?p=7875"},"modified":"2026-04-27T19:43:21","modified_gmt":"2026-04-27T17:43:21","slug":"wymiana-mlodziezy-chelmno-hann-munden","status":"publish","type":"post","link":"https:\/\/www.bzdz.pl\/technikum-mundurowe-chelmno\/wymiana-mlodziezy-chelmno-hann-munden\/","title":{"rendered":"Wymiana m\u0142odzie\u017cy Che\u0142mno &#8211; Hann. Munden"},"content":{"rendered":"<p style=\"text-align: justify;\">Wymiana polsko &#8211; niemiecka Che\u0142mno &#8211; Hann. Munden za nami. By\u0142 to wyj\u0105tkowy czas pe\u0142en wra\u017ce\u0144, nowych do\u015bwiadcze\u0144 i inspiruj\u0105cych spotka\u0144. W trakcie pobytu mieli\u015bmy okazj\u0119 odwiedzi\u0107 wiele ciekawych miejsc, kt\u00f3re pozwoli\u0142y nam lepiej pozna\u0107 kultur\u0119 i histori\u0119 naszych s\u0105siad\u00f3w. Szczeg\u00f3lnie cenne by\u0142y spotkania z przedstawicielami stra\u017cy po\u017carnej i policji, dzi\u0119ki kt\u00f3rym mogli\u015bmy zobaczy\u0107, jak wygl\u0105da ich codzienna s\u0142u\u017cba oraz wymieni\u0107 si\u0119 do\u015bwiadczeniami. Nie zabrak\u0142o te\u017c czasu na integracj\u0119 \u2013 zawarte przyja\u017anie na pewno zostan\u0105 z nami na d\u0142ugo. Wsp\u00f3lne rozmowy, \u015bmiech i radosne chwile pokaza\u0142y, jak wiele nas \u0142\u0105czy. A do tego\u2026 pyszne jedzenie! Lokalna kuchnia zachwyci\u0142a nas smakami i by\u0142a doskona\u0142ym dope\u0142nieniem ca\u0142ego wyjazdu. Dzi\u0119kujemy wszystkim za ten wyj\u0105tkowy czas! Ju\u017c nie mo\u017cemy si\u0119 doczeka\u0107 kolejnych spotka\u0144!<\/p>\n<p><img loading=\"lazy\" decoding=\"async\" class=\"alignnone size-medium wp-image-7912\" src=\"https:\/\/www.bzdz.pl\/technikum-mundurowe-chelmno\/wp-content\/uploads\/2026\/04\/logo-pnwm-poziom-rgb-do-internetu-z-dopiskiem-1-300x67.jpg\" alt=\"\" width=\"300\" height=\"67\" srcset=\"https:\/\/www.bzdz.pl\/technikum-mundurowe-chelmno\/wp-content\/uploads\/2026\/04\/logo-pnwm-poziom-rgb-do-internetu-z-dopiskiem-1-300x67.jpg 300w, https:\/\/www.bzdz.pl\/technikum-mundurowe-chelmno\/wp-content\/uploads\/2026\/04\/logo-pnwm-poziom-rgb-do-internetu-z-dopiskiem-1-1024x230.jpg 1024w, https:\/\/www.bzdz.pl\/technikum-mundurowe-chelmno\/wp-content\/uploads\/2026\/04\/logo-pnwm-poziom-rgb-do-internetu-z-dopiskiem-1-768x172.jpg 768w, https:\/\/www.bzdz.pl\/technikum-mundurowe-chelmno\/wp-content\/uploads\/2026\/04\/logo-pnwm-poziom-rgb-do-internetu-z-dopiskiem-1-1536x345.jpg 1536w, https:\/\/www.bzdz.pl\/technikum-mundurowe-chelmno\/wp-content\/uploads\/2026\/04\/logo-pnwm-poziom-rgb-do-internetu-z-dopiskiem-1-1200x269.jpg 1200w, https:\/\/www.bzdz.pl\/technikum-mundurowe-chelmno\/wp-content\/uploads\/2026\/04\/logo-pnwm-poziom-rgb-do-internetu-z-dopiskiem-1.jpg 1920w\" sizes=\"auto, (max-width: 300px) 85vw, 300px\" \/><img loading=\"lazy\" decoding=\"async\" class=\"alignnone size-medium wp-image-7909\" src=\"https:\/\/www.bzdz.pl\/technikum-mundurowe-chelmno\/wp-content\/uploads\/2026\/04\/logo-pnwm-pion-rgb-do-internetu-z-dopiskiem-300x170.jpg\" alt=\"\" width=\"300\" height=\"170\" srcset=\"https:\/\/www.bzdz.pl\/technikum-mundurowe-chelmno\/wp-content\/uploads\/2026\/04\/logo-pnwm-pion-rgb-do-internetu-z-dopiskiem-300x170.jpg 300w, https:\/\/www.bzdz.pl\/technikum-mundurowe-chelmno\/wp-content\/uploads\/2026\/04\/logo-pnwm-pion-rgb-do-internetu-z-dopiskiem-1024x582.jpg 1024w, https:\/\/www.bzdz.pl\/technikum-mundurowe-chelmno\/wp-content\/uploads\/2026\/04\/logo-pnwm-pion-rgb-do-internetu-z-dopiskiem-768x436.jpg 768w, https:\/\/www.bzdz.pl\/technikum-mundurowe-chelmno\/wp-content\/uploads\/2026\/04\/logo-pnwm-pion-rgb-do-internetu-z-dopiskiem-1536x873.jpg 1536w, https:\/\/www.bzdz.pl\/technikum-mundurowe-chelmno\/wp-content\/uploads\/2026\/04\/logo-pnwm-pion-rgb-do-internetu-z-dopiskiem-1200x682.jpg 1200w, https:\/\/www.bzdz.pl\/technikum-mundurowe-chelmno\/wp-content\/uploads\/2026\/04\/logo-pnwm-pion-rgb-do-internetu-z-dopiskiem.jpg 1672w\" sizes=\"auto, (max-width: 300px) 85vw, 300px\" \/><\/p>\n<div style=\"width: 840px;\" class=\"wp-video\"><video class=\"wp-video-shortcode\" id=\"video-7875-1\" width=\"840\" height=\"840\" preload=\"metadata\" controls=\"controls\"><source type=\"video\/mp4\" src=\"https:\/\/www.bzdz.pl\/technikum-mundurowe-chelmno\/wp-content\/uploads\/2026\/04\/wymiana-polsko-niemiecka-w-hannmunden.mp4?_=1\" \/><a href=\"https:\/\/www.bzdz.pl\/technikum-mundurowe-chelmno\/wp-content\/uploads\/2026\/04\/wymiana-polsko-niemiecka-w-hannmunden.mp4\">https:\/\/www.bzdz.pl\/technikum-mundurowe-chelmno\/wp-content\/uploads\/2026\/04\/wymiana-polsko-niemiecka-w-hannmunden.mp4<\/a><\/video><\/div>\n<p><img loading=\"lazy\" decoding=\"async\" class=\"alignnone size-medium wp-image-7907\" src=\"https:\/\/www.bzdz.pl\/technikum-mundurowe-chelmno\/wp-content\/uploads\/2026\/04\/logo-pnwm-poziom-rgb-do-internetu-z-dopiskiem-300x67.jpg\" alt=\"\" width=\"300\" height=\"67\" srcset=\"https:\/\/www.bzdz.pl\/technikum-mundurowe-chelmno\/wp-content\/uploads\/2026\/04\/logo-pnwm-poziom-rgb-do-internetu-z-dopiskiem-300x67.jpg 300w, https:\/\/www.bzdz.pl\/technikum-mundurowe-chelmno\/wp-content\/uploads\/2026\/04\/logo-pnwm-poziom-rgb-do-internetu-z-dopiskiem-1024x230.jpg 1024w, https:\/\/www.bzdz.pl\/technikum-mundurowe-chelmno\/wp-content\/uploads\/2026\/04\/logo-pnwm-poziom-rgb-do-internetu-z-dopiskiem-768x172.jpg 768w, https:\/\/www.bzdz.pl\/technikum-mundurowe-chelmno\/wp-content\/uploads\/2026\/04\/logo-pnwm-poziom-rgb-do-internetu-z-dopiskiem-1536x345.jpg 1536w, https:\/\/www.bzdz.pl\/technikum-mundurowe-chelmno\/wp-content\/uploads\/2026\/04\/logo-pnwm-poziom-rgb-do-internetu-z-dopiskiem-1200x269.jpg 1200w, https:\/\/www.bzdz.pl\/technikum-mundurowe-chelmno\/wp-content\/uploads\/2026\/04\/logo-pnwm-poziom-rgb-do-internetu-z-dopiskiem.jpg 1920w\" sizes=\"auto, (max-width: 300px) 85vw, 300px\" \/><\/p>\n","protected":false},"excerpt":{"rendered":"<p style=\"text-align: justify;\">Wymiana polsko &#8211; niemiecka Che\u0142mno &#8211; Hann. Munden za nami. By\u0142 to wyj\u0105tkowy czas pe\u0142en wra\u017ce\u0144, nowych do\u015bwiadcze\u0144 i inspiruj\u0105cych spotka\u0144. W trakcie pobytu mieli\u015bmy okazj\u0119 odwiedzi\u0107 wiele ciekawych miejsc, kt\u00f3re pozwoli\u0142y nam lepiej pozna\u0107 kultur\u0119 i histori\u0119 naszych s\u0105siad\u00f3w. Szczeg\u00f3lnie cenne by\u0142y spotkania z przedstawicielami stra\u017cy po\u017carnej i policji, dzi\u0119ki kt\u00f3rym mogli\u015bmy zobaczy\u0107, jak wygl\u0105da ich codzienna s\u0142u\u017cba oraz wymieni\u0107 si\u0119 do\u015bwiadczeniami. Nie zabrak\u0142o te\u017c czasu na integracj\u0119 \u2013 zawarte przyja\u017anie na pewno zostan\u0105 z nami na d\u0142ugo.<\/p>\n<div class=\"clr\"><\/div>\n<p><a href=\"https:\/\/www.bzdz.pl\/technikum-mundurowe-chelmno\/wymiana-mlodziezy-chelmno-hann-munden\/\" class=\"readmore\">Przeczytaj ca\u0142o\u015b\u0107<\/a><\/p>\n","protected":false},"author":3,"featured_media":0,"comment_status":"closed","ping_status":"closed","sticky":false,"template":"","format":"standard","meta":{"footnotes":""},"categories":[1],"tags":[],"class_list":["post-7875","post","type-post","status-publish","format-standard","hentry","category-aktualnosci"],"yoast_head":"<!-- This site is optimized with the Yoast SEO plugin v27.5 - https:\/\/yoast.com\/product\/yoast-seo-wordpress\/ -->\n<title>Wymiana m\u0142odzie\u017cy Che\u0142mno - Hann. Munden - Technikum Mundurowe Che\u0142mno<\/title>\n<meta name=\"robots\" content=\"index, follow, max-snippet:-1, max-image-preview:large, max-video-preview:-1\" \/>\n<link rel=\"canonical\" href=\"https:\/\/www.bzdz.pl\/technikum-mundurowe-chelmno\/wymiana-mlodziezy-chelmno-hann-munden\/\" \/>\n<meta property=\"og:locale\" content=\"pl_PL\" \/>\n<meta property=\"og:type\" content=\"article\" \/>\n<meta property=\"og:title\" content=\"Wymiana m\u0142odzie\u017cy Che\u0142mno - Hann. Munden - Technikum Mundurowe Che\u0142mno\" \/>\n<meta property=\"og:description\" content=\"Wymiana polsko &#8211; niemiecka Che\u0142mno &#8211; Hann. Munden za nami. By\u0142 to wyj\u0105tkowy czas pe\u0142en wra\u017ce\u0144, nowych do\u015bwiadcze\u0144 i inspiruj\u0105cych spotka\u0144. W trakcie pobytu mieli\u015bmy okazj\u0119 odwiedzi\u0107 wiele ciekawych miejsc, kt\u00f3re pozwoli\u0142y nam lepiej pozna\u0107 kultur\u0119 i histori\u0119 naszych s\u0105siad\u00f3w. Szczeg\u00f3lnie cenne by\u0142y spotkania z przedstawicielami stra\u017cy po\u017carnej i policji, dzi\u0119ki kt\u00f3rym mogli\u015bmy zobaczy\u0107, jak wygl\u0105da ich codzienna s\u0142u\u017cba oraz wymieni\u0107 si\u0119 do\u015bwiadczeniami. Nie zabrak\u0142o te\u017c czasu na integracj\u0119 \u2013 zawarte przyja\u017anie na pewno zostan\u0105 z nami na d\u0142ugo.Przeczytaj ca\u0142o\u015b\u0107\" \/>\n<meta property=\"og:url\" content=\"https:\/\/www.bzdz.pl\/technikum-mundurowe-chelmno\/wymiana-mlodziezy-chelmno-hann-munden\/\" \/>\n<meta property=\"og:site_name\" content=\"Technikum Mundurowe Che\u0142mno\" \/>\n<meta property=\"article:published_time\" content=\"2026-04-23T19:28:48+00:00\" \/>\n<meta property=\"article:modified_time\" content=\"2026-04-27T17:43:21+00:00\" \/>\n<meta property=\"og:image\" content=\"https:\/\/www.bzdz.pl\/technikum-mundurowe-chelmno\/wp-content\/uploads\/2026\/04\/logo-pnwm-poziom-rgb-do-internetu-z-dopiskiem-1.jpg\" \/>\n\t<meta property=\"og:image:width\" content=\"1920\" \/>\n\t<meta property=\"og:image:height\" content=\"431\" \/>\n\t<meta property=\"og:image:type\" content=\"image\/jpeg\" \/>\n<meta name=\"author\" content=\"chelmno\" \/>\n<meta name=\"twitter:card\" content=\"summary_large_image\" \/>\n<meta name=\"twitter:label1\" content=\"Napisane przez\" \/>\n\t<meta name=\"twitter:data1\" content=\"chelmno\" \/>\n\t<meta name=\"twitter:label2\" content=\"Szacowany czas czytania\" \/>\n\t<meta name=\"twitter:data2\" content=\"2 minuty\" \/>\n<script type=\"application\/ld+json\" class=\"yoast-schema-graph\">{\"@context\":\"https:\\\/\\\/schema.org\",\"@graph\":[{\"@type\":\"Article\",\"@id\":\"https:\\\/\\\/www.bzdz.pl\\\/technikum-mundurowe-chelmno\\\/wymiana-mlodziezy-chelmno-hann-munden\\\/#article\",\"isPartOf\":{\"@id\":\"https:\\\/\\\/www.bzdz.pl\\\/technikum-mundurowe-chelmno\\\/wymiana-mlodziezy-chelmno-hann-munden\\\/\"},\"author\":{\"name\":\"chelmno\",\"@id\":\"https:\\\/\\\/www.bzdz.pl\\\/technikum-mundurowe-chelmno\\\/#\\\/schema\\\/person\\\/7c57d60f114afe0c7a44c5b857a35370\"},\"headline\":\"Wymiana m\u0142odzie\u017cy Che\u0142mno &#8211; Hann. Munden\",\"datePublished\":\"2026-04-23T19:28:48+00:00\",\"dateModified\":\"2026-04-27T17:43:21+00:00\",\"mainEntityOfPage\":{\"@id\":\"https:\\\/\\\/www.bzdz.pl\\\/technikum-mundurowe-chelmno\\\/wymiana-mlodziezy-chelmno-hann-munden\\\/\"},\"wordCount\":176,\"image\":{\"@id\":\"https:\\\/\\\/www.bzdz.pl\\\/technikum-mundurowe-chelmno\\\/wymiana-mlodziezy-chelmno-hann-munden\\\/#primaryimage\"},\"thumbnailUrl\":\"https:\\\/\\\/www.bzdz.pl\\\/technikum-mundurowe-chelmno\\\/wp-content\\\/uploads\\\/2026\\\/04\\\/logo-pnwm-poziom-rgb-do-internetu-z-dopiskiem-1-300x67.jpg\",\"articleSection\":[\"Aktualno\u015bci\"],\"inLanguage\":\"pl-PL\"},{\"@type\":\"WebPage\",\"@id\":\"https:\\\/\\\/www.bzdz.pl\\\/technikum-mundurowe-chelmno\\\/wymiana-mlodziezy-chelmno-hann-munden\\\/\",\"url\":\"https:\\\/\\\/www.bzdz.pl\\\/technikum-mundurowe-chelmno\\\/wymiana-mlodziezy-chelmno-hann-munden\\\/\",\"name\":\"Wymiana m\u0142odzie\u017cy Che\u0142mno - Hann. Munden - Technikum Mundurowe Che\u0142mno\",\"isPartOf\":{\"@id\":\"https:\\\/\\\/www.bzdz.pl\\\/technikum-mundurowe-chelmno\\\/#website\"},\"primaryImageOfPage\":{\"@id\":\"https:\\\/\\\/www.bzdz.pl\\\/technikum-mundurowe-chelmno\\\/wymiana-mlodziezy-chelmno-hann-munden\\\/#primaryimage\"},\"image\":{\"@id\":\"https:\\\/\\\/www.bzdz.pl\\\/technikum-mundurowe-chelmno\\\/wymiana-mlodziezy-chelmno-hann-munden\\\/#primaryimage\"},\"thumbnailUrl\":\"https:\\\/\\\/www.bzdz.pl\\\/technikum-mundurowe-chelmno\\\/wp-content\\\/uploads\\\/2026\\\/04\\\/logo-pnwm-poziom-rgb-do-internetu-z-dopiskiem-1-300x67.jpg\",\"datePublished\":\"2026-04-23T19:28:48+00:00\",\"dateModified\":\"2026-04-27T17:43:21+00:00\",\"author\":{\"@id\":\"https:\\\/\\\/www.bzdz.pl\\\/technikum-mundurowe-chelmno\\\/#\\\/schema\\\/person\\\/7c57d60f114afe0c7a44c5b857a35370\"},\"breadcrumb\":{\"@id\":\"https:\\\/\\\/www.bzdz.pl\\\/technikum-mundurowe-chelmno\\\/wymiana-mlodziezy-chelmno-hann-munden\\\/#breadcrumb\"},\"inLanguage\":\"pl-PL\",\"potentialAction\":[{\"@type\":\"ReadAction\",\"target\":[\"https:\\\/\\\/www.bzdz.pl\\\/technikum-mundurowe-chelmno\\\/wymiana-mlodziezy-chelmno-hann-munden\\\/\"]}]},{\"@type\":\"ImageObject\",\"inLanguage\":\"pl-PL\",\"@id\":\"https:\\\/\\\/www.bzdz.pl\\\/technikum-mundurowe-chelmno\\\/wymiana-mlodziezy-chelmno-hann-munden\\\/#primaryimage\",\"url\":\"https:\\\/\\\/www.bzdz.pl\\\/technikum-mundurowe-chelmno\\\/wp-content\\\/uploads\\\/2026\\\/04\\\/logo-pnwm-poziom-rgb-do-internetu-z-dopiskiem-1.jpg\",\"contentUrl\":\"https:\\\/\\\/www.bzdz.pl\\\/technikum-mundurowe-chelmno\\\/wp-content\\\/uploads\\\/2026\\\/04\\\/logo-pnwm-poziom-rgb-do-internetu-z-dopiskiem-1.jpg\",\"width\":1920,\"height\":431},{\"@type\":\"BreadcrumbList\",\"@id\":\"https:\\\/\\\/www.bzdz.pl\\\/technikum-mundurowe-chelmno\\\/wymiana-mlodziezy-chelmno-hann-munden\\\/#breadcrumb\",\"itemListElement\":[{\"@type\":\"ListItem\",\"position\":1,\"name\":\"Strona g\u0142\u00f3wna\",\"item\":\"https:\\\/\\\/www.bzdz.pl\\\/technikum-mundurowe-chelmno\\\/\"},{\"@type\":\"ListItem\",\"position\":2,\"name\":\"Wymiana m\u0142odzie\u017cy Che\u0142mno &#8211; Hann. Munden\"}]},{\"@type\":\"WebSite\",\"@id\":\"https:\\\/\\\/www.bzdz.pl\\\/technikum-mundurowe-chelmno\\\/#website\",\"url\":\"https:\\\/\\\/www.bzdz.pl\\\/technikum-mundurowe-chelmno\\\/\",\"name\":\"Technikum Mundurowe Che\u0142mno\",\"description\":\"\",\"potentialAction\":[{\"@type\":\"SearchAction\",\"target\":{\"@type\":\"EntryPoint\",\"urlTemplate\":\"https:\\\/\\\/www.bzdz.pl\\\/technikum-mundurowe-chelmno\\\/?s={search_term_string}\"},\"query-input\":{\"@type\":\"PropertyValueSpecification\",\"valueRequired\":true,\"valueName\":\"search_term_string\"}}],\"inLanguage\":\"pl-PL\"},{\"@type\":\"Person\",\"@id\":\"https:\\\/\\\/www.bzdz.pl\\\/technikum-mundurowe-chelmno\\\/#\\\/schema\\\/person\\\/7c57d60f114afe0c7a44c5b857a35370\",\"name\":\"chelmno\",\"image\":{\"@type\":\"ImageObject\",\"inLanguage\":\"pl-PL\",\"@id\":\"https:\\\/\\\/secure.gravatar.com\\\/avatar\\\/ddf551478a8e88f03d125cbb83d228042d5da2efe35d60c35a2826bbbae80211?s=96&d=mm&r=g\",\"url\":\"https:\\\/\\\/secure.gravatar.com\\\/avatar\\\/ddf551478a8e88f03d125cbb83d228042d5da2efe35d60c35a2826bbbae80211?s=96&d=mm&r=g\",\"contentUrl\":\"https:\\\/\\\/secure.gravatar.com\\\/avatar\\\/ddf551478a8e88f03d125cbb83d228042d5da2efe35d60c35a2826bbbae80211?s=96&d=mm&r=g\",\"caption\":\"chelmno\"}}]}<\/script>\n<!-- \/ Yoast SEO plugin. -->","yoast_head_json":{"title":"Wymiana m\u0142odzie\u017cy Che\u0142mno - Hann. Munden - Technikum Mundurowe Che\u0142mno","robots":{"index":"index","follow":"follow","max-snippet":"max-snippet:-1","max-image-preview":"max-image-preview:large","max-video-preview":"max-video-preview:-1"},"canonical":"https:\/\/www.bzdz.pl\/technikum-mundurowe-chelmno\/wymiana-mlodziezy-chelmno-hann-munden\/","og_locale":"pl_PL","og_type":"article","og_title":"Wymiana m\u0142odzie\u017cy Che\u0142mno - Hann. Munden - Technikum Mundurowe Che\u0142mno","og_description":"Wymiana polsko &#8211; niemiecka Che\u0142mno &#8211; Hann. Munden za nami. By\u0142 to wyj\u0105tkowy czas pe\u0142en wra\u017ce\u0144, nowych do\u015bwiadcze\u0144 i inspiruj\u0105cych spotka\u0144. W trakcie pobytu mieli\u015bmy okazj\u0119 odwiedzi\u0107 wiele ciekawych miejsc, kt\u00f3re pozwoli\u0142y nam lepiej pozna\u0107 kultur\u0119 i histori\u0119 naszych s\u0105siad\u00f3w. Szczeg\u00f3lnie cenne by\u0142y spotkania z przedstawicielami stra\u017cy po\u017carnej i policji, dzi\u0119ki kt\u00f3rym mogli\u015bmy zobaczy\u0107, jak wygl\u0105da ich codzienna s\u0142u\u017cba oraz wymieni\u0107 si\u0119 do\u015bwiadczeniami. Nie zabrak\u0142o te\u017c czasu na integracj\u0119 \u2013 zawarte przyja\u017anie na pewno zostan\u0105 z nami na d\u0142ugo.Przeczytaj ca\u0142o\u015b\u0107","og_url":"https:\/\/www.bzdz.pl\/technikum-mundurowe-chelmno\/wymiana-mlodziezy-chelmno-hann-munden\/","og_site_name":"Technikum Mundurowe Che\u0142mno","article_published_time":"2026-04-23T19:28:48+00:00","article_modified_time":"2026-04-27T17:43:21+00:00","og_image":[{"width":1920,"height":431,"url":"https:\/\/www.bzdz.pl\/technikum-mundurowe-chelmno\/wp-content\/uploads\/2026\/04\/logo-pnwm-poziom-rgb-do-internetu-z-dopiskiem-1.jpg","type":"image\/jpeg"}],"author":"chelmno","twitter_card":"summary_large_image","twitter_misc":{"Napisane przez":"chelmno","Szacowany czas czytania":"2 minuty"},"schema":{"@context":"https:\/\/schema.org","@graph":[{"@type":"Article","@id":"https:\/\/www.bzdz.pl\/technikum-mundurowe-chelmno\/wymiana-mlodziezy-chelmno-hann-munden\/#article","isPartOf":{"@id":"https:\/\/www.bzdz.pl\/technikum-mundurowe-chelmno\/wymiana-mlodziezy-chelmno-hann-munden\/"},"author":{"name":"chelmno","@id":"https:\/\/www.bzdz.pl\/technikum-mundurowe-chelmno\/#\/schema\/person\/7c57d60f114afe0c7a44c5b857a35370"},"headline":"Wymiana m\u0142odzie\u017cy Che\u0142mno &#8211; Hann. Munden","datePublished":"2026-04-23T19:28:48+00:00","dateModified":"2026-04-27T17:43:21+00:00","mainEntityOfPage":{"@id":"https:\/\/www.bzdz.pl\/technikum-mundurowe-chelmno\/wymiana-mlodziezy-chelmno-hann-munden\/"},"wordCount":176,"image":{"@id":"https:\/\/www.bzdz.pl\/technikum-mundurowe-chelmno\/wymiana-mlodziezy-chelmno-hann-munden\/#primaryimage"},"thumbnailUrl":"https:\/\/www.bzdz.pl\/technikum-mundurowe-chelmno\/wp-content\/uploads\/2026\/04\/logo-pnwm-poziom-rgb-do-internetu-z-dopiskiem-1-300x67.jpg","articleSection":["Aktualno\u015bci"],"inLanguage":"pl-PL"},{"@type":"WebPage","@id":"https:\/\/www.bzdz.pl\/technikum-mundurowe-chelmno\/wymiana-mlodziezy-chelmno-hann-munden\/","url":"https:\/\/www.bzdz.pl\/technikum-mundurowe-chelmno\/wymiana-mlodziezy-chelmno-hann-munden\/","name":"Wymiana m\u0142odzie\u017cy Che\u0142mno - Hann. Munden - Technikum Mundurowe Che\u0142mno","isPartOf":{"@id":"https:\/\/www.bzdz.pl\/technikum-mundurowe-chelmno\/#website"},"primaryImageOfPage":{"@id":"https:\/\/www.bzdz.pl\/technikum-mundurowe-chelmno\/wymiana-mlodziezy-chelmno-hann-munden\/#primaryimage"},"image":{"@id":"https:\/\/www.bzdz.pl\/technikum-mundurowe-chelmno\/wymiana-mlodziezy-chelmno-hann-munden\/#primaryimage"},"thumbnailUrl":"https:\/\/www.bzdz.pl\/technikum-mundurowe-chelmno\/wp-content\/uploads\/2026\/04\/logo-pnwm-poziom-rgb-do-internetu-z-dopiskiem-1-300x67.jpg","datePublished":"2026-04-23T19:28:48+00:00","dateModified":"2026-04-27T17:43:21+00:00","author":{"@id":"https:\/\/www.bzdz.pl\/technikum-mundurowe-chelmno\/#\/schema\/person\/7c57d60f114afe0c7a44c5b857a35370"},"breadcrumb":{"@id":"https:\/\/www.bzdz.pl\/technikum-mundurowe-chelmno\/wymiana-mlodziezy-chelmno-hann-munden\/#breadcrumb"},"inLanguage":"pl-PL","potentialAction":[{"@type":"ReadAction","target":["https:\/\/www.bzdz.pl\/technikum-mundurowe-chelmno\/wymiana-mlodziezy-chelmno-hann-munden\/"]}]},{"@type":"ImageObject","inLanguage":"pl-PL","@id":"https:\/\/www.bzdz.pl\/technikum-mundurowe-chelmno\/wymiana-mlodziezy-chelmno-hann-munden\/#primaryimage","url":"https:\/\/www.bzdz.pl\/technikum-mundurowe-chelmno\/wp-content\/uploads\/2026\/04\/logo-pnwm-poziom-rgb-do-internetu-z-dopiskiem-1.jpg","contentUrl":"https:\/\/www.bzdz.pl\/technikum-mundurowe-chelmno\/wp-content\/uploads\/2026\/04\/logo-pnwm-poziom-rgb-do-internetu-z-dopiskiem-1.jpg","width":1920,"height":431},{"@type":"BreadcrumbList","@id":"https:\/\/www.bzdz.pl\/technikum-mundurowe-chelmno\/wymiana-mlodziezy-chelmno-hann-munden\/#breadcrumb","itemListElement":[{"@type":"ListItem","position":1,"name":"Strona g\u0142\u00f3wna","item":"https:\/\/www.bzdz.pl\/technikum-mundurowe-chelmno\/"},{"@type":"ListItem","position":2,"name":"Wymiana m\u0142odzie\u017cy Che\u0142mno &#8211; Hann. Munden"}]},{"@type":"WebSite","@id":"https:\/\/www.bzdz.pl\/technikum-mundurowe-chelmno\/#website","url":"https:\/\/www.bzdz.pl\/technikum-mundurowe-chelmno\/","name":"Technikum Mundurowe Che\u0142mno","description":"","potentialAction":[{"@type":"SearchAction","target":{"@type":"EntryPoint","urlTemplate":"https:\/\/www.bzdz.pl\/technikum-mundurowe-chelmno\/?s={search_term_string}"},"query-input":{"@type":"PropertyValueSpecification","valueRequired":true,"valueName":"search_term_string"}}],"inLanguage":"pl-PL"},{"@type":"Person","@id":"https:\/\/www.bzdz.pl\/technikum-mundurowe-chelmno\/#\/schema\/person\/7c57d60f114afe0c7a44c5b857a35370","name":"chelmno","image":{"@type":"ImageObject","inLanguage":"pl-PL","@id":"https:\/\/secure.gravatar.com\/avatar\/ddf551478a8e88f03d125cbb83d228042d5da2efe35d60c35a2826bbbae80211?s=96&d=mm&r=g","url":"https:\/\/secure.gravatar.com\/avatar\/ddf551478a8e88f03d125cbb83d228042d5da2efe35d60c35a2826bbbae80211?s=96&d=mm&r=g","contentUrl":"https:\/\/secure.gravatar.com\/avatar\/ddf551478a8e88f03d125cbb83d228042d5da2efe35d60c35a2826bbbae80211?s=96&d=mm&r=g","caption":"chelmno"}}]}},"_links":{"self":[{"href":"https:\/\/www.bzdz.pl\/technikum-mundurowe-chelmno\/wp-json\/wp\/v2\/posts\/7875","targetHints":{"allow":["GET"]}}],"collection":[{"href":"https:\/\/www.bzdz.pl\/technikum-mundurowe-chelmno\/wp-json\/wp\/v2\/posts"}],"about":[{"href":"https:\/\/www.bzdz.pl\/technikum-mundurowe-chelmno\/wp-json\/wp\/v2\/types\/post"}],"author":[{"embeddable":true,"href":"https:\/\/www.bzdz.pl\/technikum-mundurowe-chelmno\/wp-json\/wp\/v2\/users\/3"}],"replies":[{"embeddable":true,"href":"https:\/\/www.bzdz.pl\/technikum-mundurowe-chelmno\/wp-json\/wp\/v2\/comments?post=7875"}],"version-history":[{"count":5,"href":"https:\/\/www.bzdz.pl\/technikum-mundurowe-chelmno\/wp-json\/wp\/v2\/posts\/7875\/revisions"}],"predecessor-version":[{"id":7914,"href":"https:\/\/www.bzdz.pl\/technikum-mundurowe-chelmno\/wp-json\/wp\/v2\/posts\/7875\/revisions\/7914"}],"wp:attachment":[{"href":"https:\/\/www.bzdz.pl\/technikum-mundurowe-chelmno\/wp-json\/wp\/v2\/media?parent=7875"}],"wp:term":[{"taxonomy":"category","embeddable":true,"href":"https:\/\/www.bzdz.pl\/technikum-mundurowe-chelmno\/wp-json\/wp\/v2\/categories?post=7875"},{"taxonomy":"post_tag","embeddable":true,"href":"https:\/\/www.bzdz.pl\/technikum-mundurowe-chelmno\/wp-json\/wp\/v2\/tags?post=7875"}],"curies":[{"name":"wp","href":"https:\/\/api.w.org\/{rel}","templated":true}]}}