{"id":3763,"date":"2021-09-09T21:29:13","date_gmt":"2021-09-09T19:29:13","guid":{"rendered":"https:\/\/www.bzdz.pl\/technikum-mundurowe-chelmno\/?p=3763"},"modified":"2021-09-09T21:36:21","modified_gmt":"2021-09-09T19:36:21","slug":"wielkie-swieto-bzdz","status":"publish","type":"post","link":"https:\/\/www.bzdz.pl\/technikum-mundurowe-chelmno\/wielkie-swieto-bzdz\/","title":{"rendered":"Wielkie \u015bwi\u0119to BZDZ"},"content":{"rendered":"<p style=\"text-align: justify;\">\u00a0 \u00a0 \u00a0 \u00a0 9 wrze\u015bnia Fabryka Lloyda w Bydgoszczy sta\u0142a si\u0119 centrum wydarze\u0144 zwi\u0105zanych z\u00a0 obchodami 30-lecia BZDZ. Prezes Zarz\u0105du BZDZ, Pan Pawe\u0142 Duzdowski, po wyg\u0142oszeniu okoliczno\u015bciowego przem\u00f3wienia wr\u0119czy\u0142 odznaczenia i medale pa\u0144stwowe dla zas\u0142u\u017conych pracownik\u00f3w. Z dum\u0105 informujemy, \u017ce\u00a0 Medal Komisji Edukacji Narodowej oraz srebrn\u0105 odznak\u0119 <em>Za zas\u0142ugi dla ZDZ<\/em> otrzyma\u0142a r\u00f3wnie\u017c Pani Dyrektor naszej szko\u0142y, Miros\u0142awa Murawska. Wielkie gratulacje:)))<\/p>\n<p><img loading=\"lazy\" decoding=\"async\" class=\"aligncenter size-full wp-image-3764\" src=\"https:\/\/www.bzdz.pl\/technikum-mundurowe-chelmno\/wp-content\/uploads\/2021\/09\/241633105_376267293968589_7514841095518523914_n.jpg\" alt=\"\" width=\"416\" height=\"750\" srcset=\"https:\/\/www.bzdz.pl\/technikum-mundurowe-chelmno\/wp-content\/uploads\/2021\/09\/241633105_376267293968589_7514841095518523914_n.jpg 416w, https:\/\/www.bzdz.pl\/technikum-mundurowe-chelmno\/wp-content\/uploads\/2021\/09\/241633105_376267293968589_7514841095518523914_n-166x300.jpg 166w\" sizes=\"auto, (max-width: 416px) 85vw, 416px\" \/><\/p>\n<p style=\"text-align: justify;\">\u00a0 \u00a0 \u00a0 \u00a0 Po raz kolejny zaproszono r\u00f3wnie\u017c naszych uczni\u00f3w do wyst\u0119pu artystycznego, kt\u00f3ry jak zwykle bardzo si\u0119 wszystkim podoba\u0142:) Program przygotowany pod kierunkiem p. Katarzyny K\u0119prowskiej zaprezentowali: Patrycja Seehaber i Klaudia Musia\u0142owska (wokal), Michalina Klafczy\u0144ska i Karolina Malinowska (recytacja), Karolina Bednarz (gitara) i Daniel Zdanowicz (akordeon). Bardzo nam mi\u0142o, \u017ce mogli\u015bmy u\u015bwietni\u0107 t\u0119 wa\u017cn\u0105 uroczysto\u015b\u0107, tym bardziej, \u017ce arty\u015bci zaprezentowali si\u0119 profesjonalnie. Dzi\u0119kujemy pi\u0119knie za ich zaanga\u017cowanie:)))<\/p>\n<div id='gallery-1' class='gallery galleryid-3763 gallery-columns-3 gallery-size-thumbnail'><figure class='gallery-item'>\n\t\t\t<div class='gallery-icon landscape'>\n\t\t\t\t<a href='https:\/\/www.bzdz.pl\/technikum-mundurowe-chelmno\/wp-content\/uploads\/2021\/09\/241660933_547699983127281_5646628278219383280_n.jpg' title=\"\" data-rl_title=\"\" class=\"rl-gallery-link\" data-rl_caption=\"\" data-rel=\"lightbox-gallery-1\"><img loading=\"lazy\" decoding=\"async\" width=\"150\" height=\"150\" src=\"https:\/\/www.bzdz.pl\/technikum-mundurowe-chelmno\/wp-content\/uploads\/2021\/09\/241660933_547699983127281_5646628278219383280_n-150x150.jpg\" class=\"attachment-thumbnail size-thumbnail\" alt=\"\" \/><\/a>\n\t\t\t<\/div><\/figure><figure class='gallery-item'>\n\t\t\t<div class='gallery-icon portrait'>\n\t\t\t\t<a href='https:\/\/www.bzdz.pl\/technikum-mundurowe-chelmno\/wp-content\/uploads\/2021\/09\/241662888_245013184183831_308467291811095901_n.jpg' title=\"\" data-rl_title=\"\" class=\"rl-gallery-link\" data-rl_caption=\"\" data-rel=\"lightbox-gallery-1\"><img loading=\"lazy\" decoding=\"async\" width=\"150\" height=\"150\" src=\"https:\/\/www.bzdz.pl\/technikum-mundurowe-chelmno\/wp-content\/uploads\/2021\/09\/241662888_245013184183831_308467291811095901_n-150x150.jpg\" class=\"attachment-thumbnail size-thumbnail\" alt=\"\" \/><\/a>\n\t\t\t<\/div><\/figure><figure class='gallery-item'>\n\t\t\t<div class='gallery-icon portrait'>\n\t\t\t\t<a href='https:\/\/www.bzdz.pl\/technikum-mundurowe-chelmno\/wp-content\/uploads\/2021\/09\/241653986_361285159033242_1458287661908159534_n.jpg' title=\"\" data-rl_title=\"\" class=\"rl-gallery-link\" data-rl_caption=\"\" data-rel=\"lightbox-gallery-1\"><img loading=\"lazy\" decoding=\"async\" width=\"150\" height=\"150\" src=\"https:\/\/www.bzdz.pl\/technikum-mundurowe-chelmno\/wp-content\/uploads\/2021\/09\/241653986_361285159033242_1458287661908159534_n-150x150.jpg\" class=\"attachment-thumbnail size-thumbnail\" alt=\"\" \/><\/a>\n\t\t\t<\/div><\/figure><figure class='gallery-item'>\n\t\t\t<div class='gallery-icon portrait'>\n\t\t\t\t<a href='https:\/\/www.bzdz.pl\/technikum-mundurowe-chelmno\/wp-content\/uploads\/2021\/09\/241654485_1790166254526390_2275964505026357661_n.jpg' title=\"\" data-rl_title=\"\" class=\"rl-gallery-link\" data-rl_caption=\"\" data-rel=\"lightbox-gallery-1\"><img loading=\"lazy\" decoding=\"async\" width=\"150\" height=\"150\" src=\"https:\/\/www.bzdz.pl\/technikum-mundurowe-chelmno\/wp-content\/uploads\/2021\/09\/241654485_1790166254526390_2275964505026357661_n-150x150.jpg\" class=\"attachment-thumbnail size-thumbnail\" alt=\"\" \/><\/a>\n\t\t\t<\/div><\/figure><figure class='gallery-item'>\n\t\t\t<div class='gallery-icon portrait'>\n\t\t\t\t<a href='https:\/\/www.bzdz.pl\/technikum-mundurowe-chelmno\/wp-content\/uploads\/2021\/09\/241670780_546704886574994_3106784311460134048_n.jpg' title=\"\" data-rl_title=\"\" class=\"rl-gallery-link\" data-rl_caption=\"\" data-rel=\"lightbox-gallery-1\"><img loading=\"lazy\" decoding=\"async\" width=\"150\" height=\"150\" src=\"https:\/\/www.bzdz.pl\/technikum-mundurowe-chelmno\/wp-content\/uploads\/2021\/09\/241670780_546704886574994_3106784311460134048_n-150x150.jpg\" class=\"attachment-thumbnail size-thumbnail\" alt=\"\" \/><\/a>\n\t\t\t<\/div><\/figure><figure class='gallery-item'>\n\t\t\t<div class='gallery-icon landscape'>\n\t\t\t\t<a href='https:\/\/www.bzdz.pl\/technikum-mundurowe-chelmno\/wp-content\/uploads\/2021\/09\/241635881_221704346640807_6565142395697211149_n.jpg' title=\"\" data-rl_title=\"\" class=\"rl-gallery-link\" data-rl_caption=\"\" data-rel=\"lightbox-gallery-1\"><img loading=\"lazy\" decoding=\"async\" width=\"150\" height=\"150\" src=\"https:\/\/www.bzdz.pl\/technikum-mundurowe-chelmno\/wp-content\/uploads\/2021\/09\/241635881_221704346640807_6565142395697211149_n-150x150.jpg\" class=\"attachment-thumbnail size-thumbnail\" alt=\"\" \/><\/a>\n\t\t\t<\/div><\/figure>\n\t\t<\/div>\n\n","protected":false},"excerpt":{"rendered":"<p style=\"text-align: justify;\">\u00a0 \u00a0 \u00a0 \u00a0 9 wrze\u015bnia Fabryka Lloyda w Bydgoszczy sta\u0142a si\u0119 centrum wydarze\u0144 zwi\u0105zanych z\u00a0 obchodami 30-lecia BZDZ. Prezes Zarz\u0105du BZDZ, Pan Pawe\u0142 Duzdowski, po wyg\u0142oszeniu okoliczno\u015bciowego przem\u00f3wienia wr\u0119czy\u0142 odznaczenia i medale pa\u0144stwowe dla zas\u0142u\u017conych pracownik\u00f3w. Z dum\u0105 informujemy, \u017ce\u00a0 Medal Komisji Edukacji Narodowej oraz srebrn\u0105 odznak\u0119 <em>Za zas\u0142ugi dla ZDZ<\/em> otrzyma\u0142a r\u00f3wnie\u017c Pani Dyrektor naszej szko\u0142y, Miros\u0142awa Murawska. Wielkie gratulacje:)))<\/p>\n<p><img loading=\"lazy\" decoding=\"async\" class=\"aligncenter size-full wp-image-3764\" src=\"https:\/\/www.bzdz.pl\/technikum-mundurowe-chelmno\/wp-content\/uploads\/2021\/09\/241633105_376267293968589_7514841095518523914_n.jpg\" alt=\"\" width=\"416\" height=\"750\" srcset=\"https:\/\/www.bzdz.pl\/technikum-mundurowe-chelmno\/wp-content\/uploads\/2021\/09\/241633105_376267293968589_7514841095518523914_n.jpg 416w, https:\/\/www.bzdz.pl\/technikum-mundurowe-chelmno\/wp-content\/uploads\/2021\/09\/241633105_376267293968589_7514841095518523914_n-166x300.jpg 166w\" sizes=\"auto, (max-width: 416px) 85vw, 416px\" \/><\/p>\n<p style=\"text-align: justify;\">\u00a0 \u00a0 \u00a0 \u00a0 Po raz kolejny zaproszono r\u00f3wnie\u017c naszych uczni\u00f3w do wyst\u0119pu artystycznego,<\/p>\n<div class=\"clr\"><\/div>\n<p><a href=\"https:\/\/www.bzdz.pl\/technikum-mundurowe-chelmno\/wielkie-swieto-bzdz\/\" class=\"readmore\">Przeczytaj ca\u0142o\u015b\u0107<\/a><\/p>\n","protected":false},"author":3,"featured_media":0,"comment_status":"closed","ping_status":"closed","sticky":false,"template":"","format":"standard","meta":{"footnotes":""},"categories":[1],"tags":[],"class_list":["post-3763","post","type-post","status-publish","format-standard","hentry","category-aktualnosci"],"yoast_head":"<!-- This site is optimized with the Yoast SEO plugin v27.5 - https:\/\/yoast.com\/product\/yoast-seo-wordpress\/ -->\n<title>Wielkie \u015bwi\u0119to BZDZ - Technikum Mundurowe Che\u0142mno<\/title>\n<meta name=\"robots\" content=\"index, follow, max-snippet:-1, max-image-preview:large, max-video-preview:-1\" \/>\n<link rel=\"canonical\" href=\"https:\/\/www.bzdz.pl\/technikum-mundurowe-chelmno\/wielkie-swieto-bzdz\/\" \/>\n<meta property=\"og:locale\" content=\"pl_PL\" \/>\n<meta property=\"og:type\" content=\"article\" \/>\n<meta property=\"og:title\" content=\"Wielkie \u015bwi\u0119to BZDZ - Technikum Mundurowe Che\u0142mno\" \/>\n<meta property=\"og:description\" content=\"\u00a0 \u00a0 \u00a0 \u00a0 9 wrze\u015bnia Fabryka Lloyda w Bydgoszczy sta\u0142a si\u0119 centrum wydarze\u0144 zwi\u0105zanych z\u00a0 obchodami 30-lecia BZDZ. Prezes Zarz\u0105du BZDZ, Pan Pawe\u0142 Duzdowski, po wyg\u0142oszeniu okoliczno\u015bciowego przem\u00f3wienia wr\u0119czy\u0142 odznaczenia i medale pa\u0144stwowe dla zas\u0142u\u017conych pracownik\u00f3w. Z dum\u0105 informujemy, \u017ce\u00a0 Medal Komisji Edukacji Narodowej oraz srebrn\u0105 odznak\u0119 Za zas\u0142ugi dla ZDZ otrzyma\u0142a r\u00f3wnie\u017c Pani Dyrektor naszej szko\u0142y, Miros\u0142awa Murawska. Wielkie gratulacje:))) \u00a0 \u00a0 \u00a0 \u00a0 Po raz kolejny zaproszono r\u00f3wnie\u017c naszych uczni\u00f3w do wyst\u0119pu artystycznego,Przeczytaj ca\u0142o\u015b\u0107\" \/>\n<meta property=\"og:url\" content=\"https:\/\/www.bzdz.pl\/technikum-mundurowe-chelmno\/wielkie-swieto-bzdz\/\" \/>\n<meta property=\"og:site_name\" content=\"Technikum Mundurowe Che\u0142mno\" \/>\n<meta property=\"article:published_time\" content=\"2021-09-09T19:29:13+00:00\" \/>\n<meta property=\"article:modified_time\" content=\"2021-09-09T19:36:21+00:00\" \/>\n<meta property=\"og:image\" content=\"https:\/\/www.bzdz.pl\/technikum-mundurowe-chelmno\/wp-content\/uploads\/2021\/09\/241660933_547699983127281_5646628278219383280_n-150x150.jpg\" \/>\n<meta name=\"author\" content=\"chelmno\" \/>\n<meta name=\"twitter:card\" content=\"summary_large_image\" \/>\n<meta name=\"twitter:label1\" content=\"Napisane przez\" \/>\n\t<meta name=\"twitter:data1\" content=\"chelmno\" \/>\n\t<meta name=\"twitter:label2\" content=\"Szacowany czas czytania\" \/>\n\t<meta name=\"twitter:data2\" content=\"1 minuta\" \/>\n<script type=\"application\/ld+json\" class=\"yoast-schema-graph\">{\"@context\":\"https:\\\/\\\/schema.org\",\"@graph\":[{\"@type\":\"Article\",\"@id\":\"https:\\\/\\\/www.bzdz.pl\\\/technikum-mundurowe-chelmno\\\/wielkie-swieto-bzdz\\\/#article\",\"isPartOf\":{\"@id\":\"https:\\\/\\\/www.bzdz.pl\\\/technikum-mundurowe-chelmno\\\/wielkie-swieto-bzdz\\\/\"},\"author\":{\"name\":\"chelmno\",\"@id\":\"https:\\\/\\\/www.bzdz.pl\\\/technikum-mundurowe-chelmno\\\/#\\\/schema\\\/person\\\/7c57d60f114afe0c7a44c5b857a35370\"},\"headline\":\"Wielkie \u015bwi\u0119to BZDZ\",\"datePublished\":\"2021-09-09T19:29:13+00:00\",\"dateModified\":\"2021-09-09T19:36:21+00:00\",\"mainEntityOfPage\":{\"@id\":\"https:\\\/\\\/www.bzdz.pl\\\/technikum-mundurowe-chelmno\\\/wielkie-swieto-bzdz\\\/\"},\"wordCount\":160,\"image\":{\"@id\":\"https:\\\/\\\/www.bzdz.pl\\\/technikum-mundurowe-chelmno\\\/wielkie-swieto-bzdz\\\/#primaryimage\"},\"thumbnailUrl\":\"https:\\\/\\\/www.bzdz.pl\\\/technikum-mundurowe-chelmno\\\/wp-content\\\/uploads\\\/2021\\\/09\\\/241633105_376267293968589_7514841095518523914_n.jpg\",\"articleSection\":[\"Aktualno\u015bci\"],\"inLanguage\":\"pl-PL\"},{\"@type\":\"WebPage\",\"@id\":\"https:\\\/\\\/www.bzdz.pl\\\/technikum-mundurowe-chelmno\\\/wielkie-swieto-bzdz\\\/\",\"url\":\"https:\\\/\\\/www.bzdz.pl\\\/technikum-mundurowe-chelmno\\\/wielkie-swieto-bzdz\\\/\",\"name\":\"Wielkie \u015bwi\u0119to BZDZ - Technikum Mundurowe Che\u0142mno\",\"isPartOf\":{\"@id\":\"https:\\\/\\\/www.bzdz.pl\\\/technikum-mundurowe-chelmno\\\/#website\"},\"primaryImageOfPage\":{\"@id\":\"https:\\\/\\\/www.bzdz.pl\\\/technikum-mundurowe-chelmno\\\/wielkie-swieto-bzdz\\\/#primaryimage\"},\"image\":{\"@id\":\"https:\\\/\\\/www.bzdz.pl\\\/technikum-mundurowe-chelmno\\\/wielkie-swieto-bzdz\\\/#primaryimage\"},\"thumbnailUrl\":\"https:\\\/\\\/www.bzdz.pl\\\/technikum-mundurowe-chelmno\\\/wp-content\\\/uploads\\\/2021\\\/09\\\/241633105_376267293968589_7514841095518523914_n.jpg\",\"datePublished\":\"2021-09-09T19:29:13+00:00\",\"dateModified\":\"2021-09-09T19:36:21+00:00\",\"author\":{\"@id\":\"https:\\\/\\\/www.bzdz.pl\\\/technikum-mundurowe-chelmno\\\/#\\\/schema\\\/person\\\/7c57d60f114afe0c7a44c5b857a35370\"},\"breadcrumb\":{\"@id\":\"https:\\\/\\\/www.bzdz.pl\\\/technikum-mundurowe-chelmno\\\/wielkie-swieto-bzdz\\\/#breadcrumb\"},\"inLanguage\":\"pl-PL\",\"potentialAction\":[{\"@type\":\"ReadAction\",\"target\":[\"https:\\\/\\\/www.bzdz.pl\\\/technikum-mundurowe-chelmno\\\/wielkie-swieto-bzdz\\\/\"]}]},{\"@type\":\"ImageObject\",\"inLanguage\":\"pl-PL\",\"@id\":\"https:\\\/\\\/www.bzdz.pl\\\/technikum-mundurowe-chelmno\\\/wielkie-swieto-bzdz\\\/#primaryimage\",\"url\":\"https:\\\/\\\/www.bzdz.pl\\\/technikum-mundurowe-chelmno\\\/wp-content\\\/uploads\\\/2021\\\/09\\\/241633105_376267293968589_7514841095518523914_n.jpg\",\"contentUrl\":\"https:\\\/\\\/www.bzdz.pl\\\/technikum-mundurowe-chelmno\\\/wp-content\\\/uploads\\\/2021\\\/09\\\/241633105_376267293968589_7514841095518523914_n.jpg\",\"width\":416,\"height\":750},{\"@type\":\"BreadcrumbList\",\"@id\":\"https:\\\/\\\/www.bzdz.pl\\\/technikum-mundurowe-chelmno\\\/wielkie-swieto-bzdz\\\/#breadcrumb\",\"itemListElement\":[{\"@type\":\"ListItem\",\"position\":1,\"name\":\"Strona g\u0142\u00f3wna\",\"item\":\"https:\\\/\\\/www.bzdz.pl\\\/technikum-mundurowe-chelmno\\\/\"},{\"@type\":\"ListItem\",\"position\":2,\"name\":\"Wielkie \u015bwi\u0119to BZDZ\"}]},{\"@type\":\"WebSite\",\"@id\":\"https:\\\/\\\/www.bzdz.pl\\\/technikum-mundurowe-chelmno\\\/#website\",\"url\":\"https:\\\/\\\/www.bzdz.pl\\\/technikum-mundurowe-chelmno\\\/\",\"name\":\"Technikum Mundurowe Che\u0142mno\",\"description\":\"\",\"potentialAction\":[{\"@type\":\"SearchAction\",\"target\":{\"@type\":\"EntryPoint\",\"urlTemplate\":\"https:\\\/\\\/www.bzdz.pl\\\/technikum-mundurowe-chelmno\\\/?s={search_term_string}\"},\"query-input\":{\"@type\":\"PropertyValueSpecification\",\"valueRequired\":true,\"valueName\":\"search_term_string\"}}],\"inLanguage\":\"pl-PL\"},{\"@type\":\"Person\",\"@id\":\"https:\\\/\\\/www.bzdz.pl\\\/technikum-mundurowe-chelmno\\\/#\\\/schema\\\/person\\\/7c57d60f114afe0c7a44c5b857a35370\",\"name\":\"chelmno\",\"image\":{\"@type\":\"ImageObject\",\"inLanguage\":\"pl-PL\",\"@id\":\"https:\\\/\\\/secure.gravatar.com\\\/avatar\\\/ddf551478a8e88f03d125cbb83d228042d5da2efe35d60c35a2826bbbae80211?s=96&d=mm&r=g\",\"url\":\"https:\\\/\\\/secure.gravatar.com\\\/avatar\\\/ddf551478a8e88f03d125cbb83d228042d5da2efe35d60c35a2826bbbae80211?s=96&d=mm&r=g\",\"contentUrl\":\"https:\\\/\\\/secure.gravatar.com\\\/avatar\\\/ddf551478a8e88f03d125cbb83d228042d5da2efe35d60c35a2826bbbae80211?s=96&d=mm&r=g\",\"caption\":\"chelmno\"}}]}<\/script>\n<!-- \/ Yoast SEO plugin. -->","yoast_head_json":{"title":"Wielkie \u015bwi\u0119to BZDZ - Technikum Mundurowe Che\u0142mno","robots":{"index":"index","follow":"follow","max-snippet":"max-snippet:-1","max-image-preview":"max-image-preview:large","max-video-preview":"max-video-preview:-1"},"canonical":"https:\/\/www.bzdz.pl\/technikum-mundurowe-chelmno\/wielkie-swieto-bzdz\/","og_locale":"pl_PL","og_type":"article","og_title":"Wielkie \u015bwi\u0119to BZDZ - Technikum Mundurowe Che\u0142mno","og_description":"\u00a0 \u00a0 \u00a0 \u00a0 9 wrze\u015bnia Fabryka Lloyda w Bydgoszczy sta\u0142a si\u0119 centrum wydarze\u0144 zwi\u0105zanych z\u00a0 obchodami 30-lecia BZDZ. Prezes Zarz\u0105du BZDZ, Pan Pawe\u0142 Duzdowski, po wyg\u0142oszeniu okoliczno\u015bciowego przem\u00f3wienia wr\u0119czy\u0142 odznaczenia i medale pa\u0144stwowe dla zas\u0142u\u017conych pracownik\u00f3w. Z dum\u0105 informujemy, \u017ce\u00a0 Medal Komisji Edukacji Narodowej oraz srebrn\u0105 odznak\u0119 Za zas\u0142ugi dla ZDZ otrzyma\u0142a r\u00f3wnie\u017c Pani Dyrektor naszej szko\u0142y, Miros\u0142awa Murawska. Wielkie gratulacje:))) \u00a0 \u00a0 \u00a0 \u00a0 Po raz kolejny zaproszono r\u00f3wnie\u017c naszych uczni\u00f3w do wyst\u0119pu artystycznego,Przeczytaj ca\u0142o\u015b\u0107","og_url":"https:\/\/www.bzdz.pl\/technikum-mundurowe-chelmno\/wielkie-swieto-bzdz\/","og_site_name":"Technikum Mundurowe Che\u0142mno","article_published_time":"2021-09-09T19:29:13+00:00","article_modified_time":"2021-09-09T19:36:21+00:00","og_image":[{"url":"https:\/\/www.bzdz.pl\/technikum-mundurowe-chelmno\/wp-content\/uploads\/2021\/09\/241660933_547699983127281_5646628278219383280_n-150x150.jpg","type":"","width":"","height":""}],"author":"chelmno","twitter_card":"summary_large_image","twitter_misc":{"Napisane przez":"chelmno","Szacowany czas czytania":"1 minuta"},"schema":{"@context":"https:\/\/schema.org","@graph":[{"@type":"Article","@id":"https:\/\/www.bzdz.pl\/technikum-mundurowe-chelmno\/wielkie-swieto-bzdz\/#article","isPartOf":{"@id":"https:\/\/www.bzdz.pl\/technikum-mundurowe-chelmno\/wielkie-swieto-bzdz\/"},"author":{"name":"chelmno","@id":"https:\/\/www.bzdz.pl\/technikum-mundurowe-chelmno\/#\/schema\/person\/7c57d60f114afe0c7a44c5b857a35370"},"headline":"Wielkie \u015bwi\u0119to BZDZ","datePublished":"2021-09-09T19:29:13+00:00","dateModified":"2021-09-09T19:36:21+00:00","mainEntityOfPage":{"@id":"https:\/\/www.bzdz.pl\/technikum-mundurowe-chelmno\/wielkie-swieto-bzdz\/"},"wordCount":160,"image":{"@id":"https:\/\/www.bzdz.pl\/technikum-mundurowe-chelmno\/wielkie-swieto-bzdz\/#primaryimage"},"thumbnailUrl":"https:\/\/www.bzdz.pl\/technikum-mundurowe-chelmno\/wp-content\/uploads\/2021\/09\/241633105_376267293968589_7514841095518523914_n.jpg","articleSection":["Aktualno\u015bci"],"inLanguage":"pl-PL"},{"@type":"WebPage","@id":"https:\/\/www.bzdz.pl\/technikum-mundurowe-chelmno\/wielkie-swieto-bzdz\/","url":"https:\/\/www.bzdz.pl\/technikum-mundurowe-chelmno\/wielkie-swieto-bzdz\/","name":"Wielkie \u015bwi\u0119to BZDZ - Technikum Mundurowe Che\u0142mno","isPartOf":{"@id":"https:\/\/www.bzdz.pl\/technikum-mundurowe-chelmno\/#website"},"primaryImageOfPage":{"@id":"https:\/\/www.bzdz.pl\/technikum-mundurowe-chelmno\/wielkie-swieto-bzdz\/#primaryimage"},"image":{"@id":"https:\/\/www.bzdz.pl\/technikum-mundurowe-chelmno\/wielkie-swieto-bzdz\/#primaryimage"},"thumbnailUrl":"https:\/\/www.bzdz.pl\/technikum-mundurowe-chelmno\/wp-content\/uploads\/2021\/09\/241633105_376267293968589_7514841095518523914_n.jpg","datePublished":"2021-09-09T19:29:13+00:00","dateModified":"2021-09-09T19:36:21+00:00","author":{"@id":"https:\/\/www.bzdz.pl\/technikum-mundurowe-chelmno\/#\/schema\/person\/7c57d60f114afe0c7a44c5b857a35370"},"breadcrumb":{"@id":"https:\/\/www.bzdz.pl\/technikum-mundurowe-chelmno\/wielkie-swieto-bzdz\/#breadcrumb"},"inLanguage":"pl-PL","potentialAction":[{"@type":"ReadAction","target":["https:\/\/www.bzdz.pl\/technikum-mundurowe-chelmno\/wielkie-swieto-bzdz\/"]}]},{"@type":"ImageObject","inLanguage":"pl-PL","@id":"https:\/\/www.bzdz.pl\/technikum-mundurowe-chelmno\/wielkie-swieto-bzdz\/#primaryimage","url":"https:\/\/www.bzdz.pl\/technikum-mundurowe-chelmno\/wp-content\/uploads\/2021\/09\/241633105_376267293968589_7514841095518523914_n.jpg","contentUrl":"https:\/\/www.bzdz.pl\/technikum-mundurowe-chelmno\/wp-content\/uploads\/2021\/09\/241633105_376267293968589_7514841095518523914_n.jpg","width":416,"height":750},{"@type":"BreadcrumbList","@id":"https:\/\/www.bzdz.pl\/technikum-mundurowe-chelmno\/wielkie-swieto-bzdz\/#breadcrumb","itemListElement":[{"@type":"ListItem","position":1,"name":"Strona g\u0142\u00f3wna","item":"https:\/\/www.bzdz.pl\/technikum-mundurowe-chelmno\/"},{"@type":"ListItem","position":2,"name":"Wielkie \u015bwi\u0119to BZDZ"}]},{"@type":"WebSite","@id":"https:\/\/www.bzdz.pl\/technikum-mundurowe-chelmno\/#website","url":"https:\/\/www.bzdz.pl\/technikum-mundurowe-chelmno\/","name":"Technikum Mundurowe Che\u0142mno","description":"","potentialAction":[{"@type":"SearchAction","target":{"@type":"EntryPoint","urlTemplate":"https:\/\/www.bzdz.pl\/technikum-mundurowe-chelmno\/?s={search_term_string}"},"query-input":{"@type":"PropertyValueSpecification","valueRequired":true,"valueName":"search_term_string"}}],"inLanguage":"pl-PL"},{"@type":"Person","@id":"https:\/\/www.bzdz.pl\/technikum-mundurowe-chelmno\/#\/schema\/person\/7c57d60f114afe0c7a44c5b857a35370","name":"chelmno","image":{"@type":"ImageObject","inLanguage":"pl-PL","@id":"https:\/\/secure.gravatar.com\/avatar\/ddf551478a8e88f03d125cbb83d228042d5da2efe35d60c35a2826bbbae80211?s=96&d=mm&r=g","url":"https:\/\/secure.gravatar.com\/avatar\/ddf551478a8e88f03d125cbb83d228042d5da2efe35d60c35a2826bbbae80211?s=96&d=mm&r=g","contentUrl":"https:\/\/secure.gravatar.com\/avatar\/ddf551478a8e88f03d125cbb83d228042d5da2efe35d60c35a2826bbbae80211?s=96&d=mm&r=g","caption":"chelmno"}}]}},"_links":{"self":[{"href":"https:\/\/www.bzdz.pl\/technikum-mundurowe-chelmno\/wp-json\/wp\/v2\/posts\/3763","targetHints":{"allow":["GET"]}}],"collection":[{"href":"https:\/\/www.bzdz.pl\/technikum-mundurowe-chelmno\/wp-json\/wp\/v2\/posts"}],"about":[{"href":"https:\/\/www.bzdz.pl\/technikum-mundurowe-chelmno\/wp-json\/wp\/v2\/types\/post"}],"author":[{"embeddable":true,"href":"https:\/\/www.bzdz.pl\/technikum-mundurowe-chelmno\/wp-json\/wp\/v2\/users\/3"}],"replies":[{"embeddable":true,"href":"https:\/\/www.bzdz.pl\/technikum-mundurowe-chelmno\/wp-json\/wp\/v2\/comments?post=3763"}],"version-history":[{"count":0,"href":"https:\/\/www.bzdz.pl\/technikum-mundurowe-chelmno\/wp-json\/wp\/v2\/posts\/3763\/revisions"}],"wp:attachment":[{"href":"https:\/\/www.bzdz.pl\/technikum-mundurowe-chelmno\/wp-json\/wp\/v2\/media?parent=3763"}],"wp:term":[{"taxonomy":"category","embeddable":true,"href":"https:\/\/www.bzdz.pl\/technikum-mundurowe-chelmno\/wp-json\/wp\/v2\/categories?post=3763"},{"taxonomy":"post_tag","embeddable":true,"href":"https:\/\/www.bzdz.pl\/technikum-mundurowe-chelmno\/wp-json\/wp\/v2\/tags?post=3763"}],"curies":[{"name":"wp","href":"https:\/\/api.w.org\/{rel}","templated":true}]}}