{"id":2403,"date":"2019-09-25T14:28:46","date_gmt":"2019-09-25T12:28:46","guid":{"rendered":"https:\/\/www.bzdz.pl\/technikum-mundurowe-chelmno\/?p=2403"},"modified":"2019-10-29T18:15:41","modified_gmt":"2019-10-29T17:15:41","slug":"uroczyste-slubowanie-klas-i","status":"publish","type":"post","link":"https:\/\/www.bzdz.pl\/technikum-mundurowe-chelmno\/uroczyste-slubowanie-klas-i\/","title":{"rendered":"Uroczyste \u015blubowanie klas I"},"content":{"rendered":"<p style=\"text-align: justify;\">19 wrze\u015bnia m\u0142odzie\u017c z klas I tradycyjnie odby\u0142a uroczyste \u015blubowanie klas mundurowych Bydgoskiego Zak\u0142adu Doskonalenia Zawodowego, kt\u00f3re zorganizowa\u0142a Pierwsza Pomorska Brygada Logistyczna im. Kr\u00f3la Kazimierza Wielkiego w Bydgoszczy.<\/p>\n<p style=\"text-align: justify;\">Uroczysto\u015b\u0107 rozpocz\u0119\u0142y przem\u00f3wienia prezesa BZDZ Pana Paw\u0142a Duzdowskiego oraz Kujawsko \u2013 Pomorskiego Kuratora O\u015bwiaty Pana Marka Gralika. Nast\u0119pnie zaproszeni go\u015bcie ze wzruszeniem wys\u0142uchali s\u0142\u00f3w \u015blubowania wypowiedzianych przez uczni\u00f3w stawiaj\u0105cych pierwsze kroki w mundurach. Szczeg\u00f3ln\u0105 atrakcj\u0105 by\u0142y wyst\u0119py przygotowane przez uczni\u00f3w klas starszych. Nasz\u0105 szko\u0142\u0119 reprezentowa\u0142a klasa II, kt\u00f3ra przygotowana przez p\u0142k. Tomasza Kluczyka, zaprezentowa\u0142a wspania\u0142y pokaz musztry paradnej. Tradycyjna groch\u00f3wka zwie\u0144czy\u0142a uroczysto\u015b\u0107.<\/p>\n<div id='gallery-1' class='gallery galleryid-2403 gallery-columns-3 gallery-size-thumbnail'><figure class='gallery-item'>\n\t\t\t<div class='gallery-icon landscape'>\n\t\t\t\t<a href='https:\/\/www.bzdz.pl\/technikum-mundurowe-chelmno\/wp-content\/uploads\/2019\/09\/DSC_1390.jpg' title=\"\" data-rl_title=\"\" class=\"rl-gallery-link\" data-rl_caption=\"\" data-rel=\"lightbox-gallery-1\"><img loading=\"lazy\" decoding=\"async\" width=\"150\" height=\"150\" src=\"https:\/\/www.bzdz.pl\/technikum-mundurowe-chelmno\/wp-content\/uploads\/2019\/09\/DSC_1390-150x150.jpg\" class=\"attachment-thumbnail size-thumbnail\" alt=\"\" \/><\/a>\n\t\t\t<\/div><\/figure><figure class='gallery-item'>\n\t\t\t<div class='gallery-icon landscape'>\n\t\t\t\t<a href='https:\/\/www.bzdz.pl\/technikum-mundurowe-chelmno\/wp-content\/uploads\/2019\/09\/DSC_1395.jpg' title=\"\" data-rl_title=\"\" class=\"rl-gallery-link\" data-rl_caption=\"\" data-rel=\"lightbox-gallery-1\"><img loading=\"lazy\" decoding=\"async\" width=\"150\" height=\"150\" src=\"https:\/\/www.bzdz.pl\/technikum-mundurowe-chelmno\/wp-content\/uploads\/2019\/09\/DSC_1395-150x150.jpg\" class=\"attachment-thumbnail size-thumbnail\" alt=\"\" \/><\/a>\n\t\t\t<\/div><\/figure><figure class='gallery-item'>\n\t\t\t<div class='gallery-icon landscape'>\n\t\t\t\t<a href='https:\/\/www.bzdz.pl\/technikum-mundurowe-chelmno\/wp-content\/uploads\/2019\/09\/DSC_1392.jpg' title=\"\" data-rl_title=\"\" class=\"rl-gallery-link\" data-rl_caption=\"\" data-rel=\"lightbox-gallery-1\"><img loading=\"lazy\" decoding=\"async\" width=\"150\" height=\"150\" src=\"https:\/\/www.bzdz.pl\/technikum-mundurowe-chelmno\/wp-content\/uploads\/2019\/09\/DSC_1392-150x150.jpg\" class=\"attachment-thumbnail size-thumbnail\" alt=\"\" \/><\/a>\n\t\t\t<\/div><\/figure><figure class='gallery-item'>\n\t\t\t<div class='gallery-icon landscape'>\n\t\t\t\t<a href='https:\/\/www.bzdz.pl\/technikum-mundurowe-chelmno\/wp-content\/uploads\/2019\/09\/DSC_1386.jpg' title=\"\" data-rl_title=\"\" class=\"rl-gallery-link\" data-rl_caption=\"\" data-rel=\"lightbox-gallery-1\"><img loading=\"lazy\" decoding=\"async\" width=\"150\" height=\"150\" src=\"https:\/\/www.bzdz.pl\/technikum-mundurowe-chelmno\/wp-content\/uploads\/2019\/09\/DSC_1386-150x150.jpg\" class=\"attachment-thumbnail size-thumbnail\" alt=\"\" \/><\/a>\n\t\t\t<\/div><\/figure><figure class='gallery-item'>\n\t\t\t<div class='gallery-icon landscape'>\n\t\t\t\t<a href='https:\/\/www.bzdz.pl\/technikum-mundurowe-chelmno\/wp-content\/uploads\/2019\/09\/DSC_1361.jpg' title=\"\" data-rl_title=\"\" class=\"rl-gallery-link\" data-rl_caption=\"\" data-rel=\"lightbox-gallery-1\"><img loading=\"lazy\" decoding=\"async\" width=\"150\" height=\"150\" src=\"https:\/\/www.bzdz.pl\/technikum-mundurowe-chelmno\/wp-content\/uploads\/2019\/09\/DSC_1361-150x150.jpg\" class=\"attachment-thumbnail size-thumbnail\" alt=\"\" \/><\/a>\n\t\t\t<\/div><\/figure><figure class='gallery-item'>\n\t\t\t<div class='gallery-icon landscape'>\n\t\t\t\t<a href='https:\/\/www.bzdz.pl\/technikum-mundurowe-chelmno\/wp-content\/uploads\/2019\/09\/DSC_1315.jpg' title=\"\" data-rl_title=\"\" class=\"rl-gallery-link\" data-rl_caption=\"\" data-rel=\"lightbox-gallery-1\"><img loading=\"lazy\" decoding=\"async\" width=\"150\" height=\"150\" src=\"https:\/\/www.bzdz.pl\/technikum-mundurowe-chelmno\/wp-content\/uploads\/2019\/09\/DSC_1315-150x150.jpg\" class=\"attachment-thumbnail size-thumbnail\" alt=\"\" \/><\/a>\n\t\t\t<\/div><\/figure><figure class='gallery-item'>\n\t\t\t<div class='gallery-icon landscape'>\n\t\t\t\t<a href='https:\/\/www.bzdz.pl\/technikum-mundurowe-chelmno\/wp-content\/uploads\/2019\/09\/DSC_1299.jpg' title=\"\" data-rl_title=\"\" class=\"rl-gallery-link\" data-rl_caption=\"\" data-rel=\"lightbox-gallery-1\"><img loading=\"lazy\" decoding=\"async\" width=\"150\" height=\"150\" src=\"https:\/\/www.bzdz.pl\/technikum-mundurowe-chelmno\/wp-content\/uploads\/2019\/09\/DSC_1299-150x150.jpg\" class=\"attachment-thumbnail size-thumbnail\" alt=\"\" \/><\/a>\n\t\t\t<\/div><\/figure><figure class='gallery-item'>\n\t\t\t<div class='gallery-icon landscape'>\n\t\t\t\t<a href='https:\/\/www.bzdz.pl\/technikum-mundurowe-chelmno\/wp-content\/uploads\/2019\/09\/DSC_1298.jpg' title=\"\" data-rl_title=\"\" class=\"rl-gallery-link\" data-rl_caption=\"\" data-rel=\"lightbox-gallery-1\"><img loading=\"lazy\" decoding=\"async\" width=\"150\" height=\"150\" src=\"https:\/\/www.bzdz.pl\/technikum-mundurowe-chelmno\/wp-content\/uploads\/2019\/09\/DSC_1298-150x150.jpg\" class=\"attachment-thumbnail size-thumbnail\" alt=\"\" \/><\/a>\n\t\t\t<\/div><\/figure><figure class='gallery-item'>\n\t\t\t<div class='gallery-icon landscape'>\n\t\t\t\t<a href='https:\/\/www.bzdz.pl\/technikum-mundurowe-chelmno\/wp-content\/uploads\/2019\/09\/DSC_1293.jpg' title=\"\" data-rl_title=\"\" class=\"rl-gallery-link\" data-rl_caption=\"\" data-rel=\"lightbox-gallery-1\"><img loading=\"lazy\" decoding=\"async\" width=\"150\" height=\"150\" src=\"https:\/\/www.bzdz.pl\/technikum-mundurowe-chelmno\/wp-content\/uploads\/2019\/09\/DSC_1293-150x150.jpg\" class=\"attachment-thumbnail size-thumbnail\" alt=\"\" \/><\/a>\n\t\t\t<\/div><\/figure><figure class='gallery-item'>\n\t\t\t<div class='gallery-icon landscape'>\n\t\t\t\t<a href='https:\/\/www.bzdz.pl\/technikum-mundurowe-chelmno\/wp-content\/uploads\/2019\/09\/DSC_1275.jpg' title=\"\" data-rl_title=\"\" class=\"rl-gallery-link\" data-rl_caption=\"\" data-rel=\"lightbox-gallery-1\"><img loading=\"lazy\" decoding=\"async\" width=\"150\" height=\"150\" src=\"https:\/\/www.bzdz.pl\/technikum-mundurowe-chelmno\/wp-content\/uploads\/2019\/09\/DSC_1275-150x150.jpg\" class=\"attachment-thumbnail size-thumbnail\" alt=\"\" \/><\/a>\n\t\t\t<\/div><\/figure><figure class='gallery-item'>\n\t\t\t<div class='gallery-icon landscape'>\n\t\t\t\t<a href='https:\/\/www.bzdz.pl\/technikum-mundurowe-chelmno\/wp-content\/uploads\/2019\/09\/DSC_1273.jpg' title=\"\" data-rl_title=\"\" class=\"rl-gallery-link\" data-rl_caption=\"\" data-rel=\"lightbox-gallery-1\"><img loading=\"lazy\" decoding=\"async\" width=\"150\" height=\"150\" src=\"https:\/\/www.bzdz.pl\/technikum-mundurowe-chelmno\/wp-content\/uploads\/2019\/09\/DSC_1273-150x150.jpg\" class=\"attachment-thumbnail size-thumbnail\" alt=\"\" \/><\/a>\n\t\t\t<\/div><\/figure><figure class='gallery-item'>\n\t\t\t<div class='gallery-icon landscape'>\n\t\t\t\t<a href='https:\/\/www.bzdz.pl\/technikum-mundurowe-chelmno\/wp-content\/uploads\/2019\/09\/DSC_1245.jpg' title=\"\" data-rl_title=\"\" class=\"rl-gallery-link\" data-rl_caption=\"\" data-rel=\"lightbox-gallery-1\"><img loading=\"lazy\" decoding=\"async\" width=\"150\" height=\"150\" src=\"https:\/\/www.bzdz.pl\/technikum-mundurowe-chelmno\/wp-content\/uploads\/2019\/09\/DSC_1245-150x150.jpg\" class=\"attachment-thumbnail size-thumbnail\" alt=\"\" \/><\/a>\n\t\t\t<\/div><\/figure><figure class='gallery-item'>\n\t\t\t<div class='gallery-icon landscape'>\n\t\t\t\t<a href='https:\/\/www.bzdz.pl\/technikum-mundurowe-chelmno\/wp-content\/uploads\/2019\/09\/DSC_1243.jpg' title=\"\" data-rl_title=\"\" class=\"rl-gallery-link\" data-rl_caption=\"\" data-rel=\"lightbox-gallery-1\"><img loading=\"lazy\" decoding=\"async\" width=\"150\" height=\"150\" src=\"https:\/\/www.bzdz.pl\/technikum-mundurowe-chelmno\/wp-content\/uploads\/2019\/09\/DSC_1243-150x150.jpg\" class=\"attachment-thumbnail size-thumbnail\" alt=\"\" \/><\/a>\n\t\t\t<\/div><\/figure><figure class='gallery-item'>\n\t\t\t<div class='gallery-icon landscape'>\n\t\t\t\t<a href='https:\/\/www.bzdz.pl\/technikum-mundurowe-chelmno\/wp-content\/uploads\/2019\/09\/DSC_1242.jpg' title=\"\" data-rl_title=\"\" class=\"rl-gallery-link\" data-rl_caption=\"\" data-rel=\"lightbox-gallery-1\"><img loading=\"lazy\" decoding=\"async\" width=\"150\" height=\"150\" src=\"https:\/\/www.bzdz.pl\/technikum-mundurowe-chelmno\/wp-content\/uploads\/2019\/09\/DSC_1242-150x150.jpg\" class=\"attachment-thumbnail size-thumbnail\" alt=\"\" \/><\/a>\n\t\t\t<\/div><\/figure><figure class='gallery-item'>\n\t\t\t<div class='gallery-icon landscape'>\n\t\t\t\t<a href='https:\/\/www.bzdz.pl\/technikum-mundurowe-chelmno\/wp-content\/uploads\/2019\/09\/DSC_1236.jpg' title=\"\" data-rl_title=\"\" class=\"rl-gallery-link\" data-rl_caption=\"\" data-rel=\"lightbox-gallery-1\"><img loading=\"lazy\" decoding=\"async\" width=\"150\" height=\"150\" src=\"https:\/\/www.bzdz.pl\/technikum-mundurowe-chelmno\/wp-content\/uploads\/2019\/09\/DSC_1236-150x150.jpg\" class=\"attachment-thumbnail size-thumbnail\" alt=\"\" \/><\/a>\n\t\t\t<\/div><\/figure><figure class='gallery-item'>\n\t\t\t<div class='gallery-icon landscape'>\n\t\t\t\t<a href='https:\/\/www.bzdz.pl\/technikum-mundurowe-chelmno\/wp-content\/uploads\/2019\/09\/DSC_1223.jpg' title=\"\" data-rl_title=\"\" class=\"rl-gallery-link\" data-rl_caption=\"\" data-rel=\"lightbox-gallery-1\"><img loading=\"lazy\" decoding=\"async\" width=\"150\" height=\"150\" src=\"https:\/\/www.bzdz.pl\/technikum-mundurowe-chelmno\/wp-content\/uploads\/2019\/09\/DSC_1223-150x150.jpg\" class=\"attachment-thumbnail size-thumbnail\" alt=\"\" \/><\/a>\n\t\t\t<\/div><\/figure><figure class='gallery-item'>\n\t\t\t<div class='gallery-icon landscape'>\n\t\t\t\t<a href='https:\/\/www.bzdz.pl\/technikum-mundurowe-chelmno\/wp-content\/uploads\/2019\/09\/DSC_1219.jpg' title=\"\" data-rl_title=\"\" class=\"rl-gallery-link\" data-rl_caption=\"\" data-rel=\"lightbox-gallery-1\"><img loading=\"lazy\" decoding=\"async\" width=\"150\" height=\"150\" src=\"https:\/\/www.bzdz.pl\/technikum-mundurowe-chelmno\/wp-content\/uploads\/2019\/09\/DSC_1219-150x150.jpg\" class=\"attachment-thumbnail size-thumbnail\" alt=\"\" \/><\/a>\n\t\t\t<\/div><\/figure><figure class='gallery-item'>\n\t\t\t<div class='gallery-icon landscape'>\n\t\t\t\t<a href='https:\/\/www.bzdz.pl\/technikum-mundurowe-chelmno\/wp-content\/uploads\/2019\/09\/DSC_1205.jpg' title=\"\" data-rl_title=\"\" class=\"rl-gallery-link\" data-rl_caption=\"\" data-rel=\"lightbox-gallery-1\"><img loading=\"lazy\" decoding=\"async\" width=\"150\" height=\"150\" src=\"https:\/\/www.bzdz.pl\/technikum-mundurowe-chelmno\/wp-content\/uploads\/2019\/09\/DSC_1205-150x150.jpg\" class=\"attachment-thumbnail size-thumbnail\" alt=\"\" \/><\/a>\n\t\t\t<\/div><\/figure>\n\t\t<\/div>\n\n<p style=\"text-align: justify;\">\u00a0<\/p>\n","protected":false},"excerpt":{"rendered":"<p style=\"text-align: justify;\">19 wrze\u015bnia m\u0142odzie\u017c z klas I tradycyjnie odby\u0142a uroczyste \u015blubowanie klas mundurowych Bydgoskiego Zak\u0142adu Doskonalenia Zawodowego, kt\u00f3re zorganizowa\u0142a Pierwsza Pomorska Brygada Logistyczna im. Kr\u00f3la Kazimierza Wielkiego w Bydgoszczy.<\/p>\n<p style=\"text-align: justify;\">Uroczysto\u015b\u0107 rozpocz\u0119\u0142y przem\u00f3wienia prezesa BZDZ Pana Paw\u0142a Duzdowskiego oraz Kujawsko \u2013 Pomorskiego Kuratora O\u015bwiaty Pana Marka Gralika. Nast\u0119pnie zaproszeni go\u015bcie ze wzruszeniem wys\u0142uchali s\u0142\u00f3w \u015blubowania wypowiedzianych przez uczni\u00f3w stawiaj\u0105cych pierwsze kroki w mundurach. Szczeg\u00f3ln\u0105 atrakcj\u0105 by\u0142y wyst\u0119py przygotowane przez uczni\u00f3w klas starszych. Nasz\u0105 szko\u0142\u0119 reprezentowa\u0142a klasa II,<\/p>\n<div class=\"clr\"><\/div>\n<p><a href=\"https:\/\/www.bzdz.pl\/technikum-mundurowe-chelmno\/uroczyste-slubowanie-klas-i\/\" class=\"readmore\">Przeczytaj ca\u0142o\u015b\u0107<\/a><\/p>\n","protected":false},"author":3,"featured_media":0,"comment_status":"open","ping_status":"closed","sticky":false,"template":"","format":"standard","meta":{"footnotes":""},"categories":[1],"tags":[],"class_list":["post-2403","post","type-post","status-publish","format-standard","hentry","category-aktualnosci"],"yoast_head":"<!-- This site is optimized with the Yoast SEO plugin v27.5 - https:\/\/yoast.com\/product\/yoast-seo-wordpress\/ -->\n<title>Uroczyste \u015blubowanie klas I - Technikum Mundurowe Che\u0142mno<\/title>\n<meta name=\"robots\" content=\"index, follow, max-snippet:-1, max-image-preview:large, max-video-preview:-1\" \/>\n<link rel=\"canonical\" href=\"https:\/\/www.bzdz.pl\/technikum-mundurowe-chelmno\/uroczyste-slubowanie-klas-i\/\" \/>\n<meta property=\"og:locale\" content=\"pl_PL\" \/>\n<meta property=\"og:type\" content=\"article\" \/>\n<meta property=\"og:title\" content=\"Uroczyste \u015blubowanie klas I - Technikum Mundurowe Che\u0142mno\" \/>\n<meta property=\"og:description\" content=\"19 wrze\u015bnia m\u0142odzie\u017c z klas I tradycyjnie odby\u0142a uroczyste \u015blubowanie klas mundurowych Bydgoskiego Zak\u0142adu Doskonalenia Zawodowego, kt\u00f3re zorganizowa\u0142a Pierwsza Pomorska Brygada Logistyczna im. Kr\u00f3la Kazimierza Wielkiego w Bydgoszczy. Uroczysto\u015b\u0107 rozpocz\u0119\u0142y przem\u00f3wienia prezesa BZDZ Pana Paw\u0142a Duzdowskiego oraz Kujawsko \u2013 Pomorskiego Kuratora O\u015bwiaty Pana Marka Gralika. Nast\u0119pnie zaproszeni go\u015bcie ze wzruszeniem wys\u0142uchali s\u0142\u00f3w \u015blubowania wypowiedzianych przez uczni\u00f3w stawiaj\u0105cych pierwsze kroki w mundurach. Szczeg\u00f3ln\u0105 atrakcj\u0105 by\u0142y wyst\u0119py przygotowane przez uczni\u00f3w klas starszych. Nasz\u0105 szko\u0142\u0119 reprezentowa\u0142a klasa II,Przeczytaj ca\u0142o\u015b\u0107\" \/>\n<meta property=\"og:url\" content=\"https:\/\/www.bzdz.pl\/technikum-mundurowe-chelmno\/uroczyste-slubowanie-klas-i\/\" \/>\n<meta property=\"og:site_name\" content=\"Technikum Mundurowe Che\u0142mno\" \/>\n<meta property=\"article:published_time\" content=\"2019-09-25T12:28:46+00:00\" \/>\n<meta property=\"article:modified_time\" content=\"2019-10-29T17:15:41+00:00\" \/>\n<meta property=\"og:image\" content=\"https:\/\/www.bzdz.pl\/technikum-mundurowe-chelmno\/wp-content\/uploads\/2019\/09\/DSC_1390-150x150.jpg\" \/>\n<meta name=\"author\" content=\"chelmno\" \/>\n<meta name=\"twitter:card\" content=\"summary_large_image\" \/>\n<meta name=\"twitter:label1\" content=\"Napisane przez\" \/>\n\t<meta name=\"twitter:data1\" content=\"chelmno\" \/>\n\t<meta name=\"twitter:label2\" content=\"Szacowany czas czytania\" \/>\n\t<meta name=\"twitter:data2\" content=\"1 minuta\" \/>\n<script type=\"application\/ld+json\" class=\"yoast-schema-graph\">{\"@context\":\"https:\\\/\\\/schema.org\",\"@graph\":[{\"@type\":\"Article\",\"@id\":\"https:\\\/\\\/www.bzdz.pl\\\/technikum-mundurowe-chelmno\\\/uroczyste-slubowanie-klas-i\\\/#article\",\"isPartOf\":{\"@id\":\"https:\\\/\\\/www.bzdz.pl\\\/technikum-mundurowe-chelmno\\\/uroczyste-slubowanie-klas-i\\\/\"},\"author\":{\"name\":\"chelmno\",\"@id\":\"https:\\\/\\\/www.bzdz.pl\\\/technikum-mundurowe-chelmno\\\/#\\\/schema\\\/person\\\/7c57d60f114afe0c7a44c5b857a35370\"},\"headline\":\"Uroczyste \u015blubowanie klas I\",\"datePublished\":\"2019-09-25T12:28:46+00:00\",\"dateModified\":\"2019-10-29T17:15:41+00:00\",\"mainEntityOfPage\":{\"@id\":\"https:\\\/\\\/www.bzdz.pl\\\/technikum-mundurowe-chelmno\\\/uroczyste-slubowanie-klas-i\\\/\"},\"wordCount\":123,\"commentCount\":0,\"articleSection\":[\"Aktualno\u015bci\"],\"inLanguage\":\"pl-PL\",\"potentialAction\":[{\"@type\":\"CommentAction\",\"name\":\"Comment\",\"target\":[\"https:\\\/\\\/www.bzdz.pl\\\/technikum-mundurowe-chelmno\\\/uroczyste-slubowanie-klas-i\\\/#respond\"]}]},{\"@type\":\"WebPage\",\"@id\":\"https:\\\/\\\/www.bzdz.pl\\\/technikum-mundurowe-chelmno\\\/uroczyste-slubowanie-klas-i\\\/\",\"url\":\"https:\\\/\\\/www.bzdz.pl\\\/technikum-mundurowe-chelmno\\\/uroczyste-slubowanie-klas-i\\\/\",\"name\":\"Uroczyste \u015blubowanie klas I - Technikum Mundurowe Che\u0142mno\",\"isPartOf\":{\"@id\":\"https:\\\/\\\/www.bzdz.pl\\\/technikum-mundurowe-chelmno\\\/#website\"},\"datePublished\":\"2019-09-25T12:28:46+00:00\",\"dateModified\":\"2019-10-29T17:15:41+00:00\",\"author\":{\"@id\":\"https:\\\/\\\/www.bzdz.pl\\\/technikum-mundurowe-chelmno\\\/#\\\/schema\\\/person\\\/7c57d60f114afe0c7a44c5b857a35370\"},\"breadcrumb\":{\"@id\":\"https:\\\/\\\/www.bzdz.pl\\\/technikum-mundurowe-chelmno\\\/uroczyste-slubowanie-klas-i\\\/#breadcrumb\"},\"inLanguage\":\"pl-PL\",\"potentialAction\":[{\"@type\":\"ReadAction\",\"target\":[\"https:\\\/\\\/www.bzdz.pl\\\/technikum-mundurowe-chelmno\\\/uroczyste-slubowanie-klas-i\\\/\"]}]},{\"@type\":\"BreadcrumbList\",\"@id\":\"https:\\\/\\\/www.bzdz.pl\\\/technikum-mundurowe-chelmno\\\/uroczyste-slubowanie-klas-i\\\/#breadcrumb\",\"itemListElement\":[{\"@type\":\"ListItem\",\"position\":1,\"name\":\"Strona g\u0142\u00f3wna\",\"item\":\"https:\\\/\\\/www.bzdz.pl\\\/technikum-mundurowe-chelmno\\\/\"},{\"@type\":\"ListItem\",\"position\":2,\"name\":\"Uroczyste \u015blubowanie klas I\"}]},{\"@type\":\"WebSite\",\"@id\":\"https:\\\/\\\/www.bzdz.pl\\\/technikum-mundurowe-chelmno\\\/#website\",\"url\":\"https:\\\/\\\/www.bzdz.pl\\\/technikum-mundurowe-chelmno\\\/\",\"name\":\"Technikum Mundurowe Che\u0142mno\",\"description\":\"\",\"potentialAction\":[{\"@type\":\"SearchAction\",\"target\":{\"@type\":\"EntryPoint\",\"urlTemplate\":\"https:\\\/\\\/www.bzdz.pl\\\/technikum-mundurowe-chelmno\\\/?s={search_term_string}\"},\"query-input\":{\"@type\":\"PropertyValueSpecification\",\"valueRequired\":true,\"valueName\":\"search_term_string\"}}],\"inLanguage\":\"pl-PL\"},{\"@type\":\"Person\",\"@id\":\"https:\\\/\\\/www.bzdz.pl\\\/technikum-mundurowe-chelmno\\\/#\\\/schema\\\/person\\\/7c57d60f114afe0c7a44c5b857a35370\",\"name\":\"chelmno\",\"image\":{\"@type\":\"ImageObject\",\"inLanguage\":\"pl-PL\",\"@id\":\"https:\\\/\\\/secure.gravatar.com\\\/avatar\\\/ddf551478a8e88f03d125cbb83d228042d5da2efe35d60c35a2826bbbae80211?s=96&d=mm&r=g\",\"url\":\"https:\\\/\\\/secure.gravatar.com\\\/avatar\\\/ddf551478a8e88f03d125cbb83d228042d5da2efe35d60c35a2826bbbae80211?s=96&d=mm&r=g\",\"contentUrl\":\"https:\\\/\\\/secure.gravatar.com\\\/avatar\\\/ddf551478a8e88f03d125cbb83d228042d5da2efe35d60c35a2826bbbae80211?s=96&d=mm&r=g\",\"caption\":\"chelmno\"}}]}<\/script>\n<!-- \/ Yoast SEO plugin. -->","yoast_head_json":{"title":"Uroczyste \u015blubowanie klas I - Technikum Mundurowe Che\u0142mno","robots":{"index":"index","follow":"follow","max-snippet":"max-snippet:-1","max-image-preview":"max-image-preview:large","max-video-preview":"max-video-preview:-1"},"canonical":"https:\/\/www.bzdz.pl\/technikum-mundurowe-chelmno\/uroczyste-slubowanie-klas-i\/","og_locale":"pl_PL","og_type":"article","og_title":"Uroczyste \u015blubowanie klas I - Technikum Mundurowe Che\u0142mno","og_description":"19 wrze\u015bnia m\u0142odzie\u017c z klas I tradycyjnie odby\u0142a uroczyste \u015blubowanie klas mundurowych Bydgoskiego Zak\u0142adu Doskonalenia Zawodowego, kt\u00f3re zorganizowa\u0142a Pierwsza Pomorska Brygada Logistyczna im. Kr\u00f3la Kazimierza Wielkiego w Bydgoszczy. Uroczysto\u015b\u0107 rozpocz\u0119\u0142y przem\u00f3wienia prezesa BZDZ Pana Paw\u0142a Duzdowskiego oraz Kujawsko \u2013 Pomorskiego Kuratora O\u015bwiaty Pana Marka Gralika. Nast\u0119pnie zaproszeni go\u015bcie ze wzruszeniem wys\u0142uchali s\u0142\u00f3w \u015blubowania wypowiedzianych przez uczni\u00f3w stawiaj\u0105cych pierwsze kroki w mundurach. Szczeg\u00f3ln\u0105 atrakcj\u0105 by\u0142y wyst\u0119py przygotowane przez uczni\u00f3w klas starszych. Nasz\u0105 szko\u0142\u0119 reprezentowa\u0142a klasa II,Przeczytaj ca\u0142o\u015b\u0107","og_url":"https:\/\/www.bzdz.pl\/technikum-mundurowe-chelmno\/uroczyste-slubowanie-klas-i\/","og_site_name":"Technikum Mundurowe Che\u0142mno","article_published_time":"2019-09-25T12:28:46+00:00","article_modified_time":"2019-10-29T17:15:41+00:00","og_image":[{"url":"https:\/\/www.bzdz.pl\/technikum-mundurowe-chelmno\/wp-content\/uploads\/2019\/09\/DSC_1390-150x150.jpg","type":"","width":"","height":""}],"author":"chelmno","twitter_card":"summary_large_image","twitter_misc":{"Napisane przez":"chelmno","Szacowany czas czytania":"1 minuta"},"schema":{"@context":"https:\/\/schema.org","@graph":[{"@type":"Article","@id":"https:\/\/www.bzdz.pl\/technikum-mundurowe-chelmno\/uroczyste-slubowanie-klas-i\/#article","isPartOf":{"@id":"https:\/\/www.bzdz.pl\/technikum-mundurowe-chelmno\/uroczyste-slubowanie-klas-i\/"},"author":{"name":"chelmno","@id":"https:\/\/www.bzdz.pl\/technikum-mundurowe-chelmno\/#\/schema\/person\/7c57d60f114afe0c7a44c5b857a35370"},"headline":"Uroczyste \u015blubowanie klas I","datePublished":"2019-09-25T12:28:46+00:00","dateModified":"2019-10-29T17:15:41+00:00","mainEntityOfPage":{"@id":"https:\/\/www.bzdz.pl\/technikum-mundurowe-chelmno\/uroczyste-slubowanie-klas-i\/"},"wordCount":123,"commentCount":0,"articleSection":["Aktualno\u015bci"],"inLanguage":"pl-PL","potentialAction":[{"@type":"CommentAction","name":"Comment","target":["https:\/\/www.bzdz.pl\/technikum-mundurowe-chelmno\/uroczyste-slubowanie-klas-i\/#respond"]}]},{"@type":"WebPage","@id":"https:\/\/www.bzdz.pl\/technikum-mundurowe-chelmno\/uroczyste-slubowanie-klas-i\/","url":"https:\/\/www.bzdz.pl\/technikum-mundurowe-chelmno\/uroczyste-slubowanie-klas-i\/","name":"Uroczyste \u015blubowanie klas I - Technikum Mundurowe Che\u0142mno","isPartOf":{"@id":"https:\/\/www.bzdz.pl\/technikum-mundurowe-chelmno\/#website"},"datePublished":"2019-09-25T12:28:46+00:00","dateModified":"2019-10-29T17:15:41+00:00","author":{"@id":"https:\/\/www.bzdz.pl\/technikum-mundurowe-chelmno\/#\/schema\/person\/7c57d60f114afe0c7a44c5b857a35370"},"breadcrumb":{"@id":"https:\/\/www.bzdz.pl\/technikum-mundurowe-chelmno\/uroczyste-slubowanie-klas-i\/#breadcrumb"},"inLanguage":"pl-PL","potentialAction":[{"@type":"ReadAction","target":["https:\/\/www.bzdz.pl\/technikum-mundurowe-chelmno\/uroczyste-slubowanie-klas-i\/"]}]},{"@type":"BreadcrumbList","@id":"https:\/\/www.bzdz.pl\/technikum-mundurowe-chelmno\/uroczyste-slubowanie-klas-i\/#breadcrumb","itemListElement":[{"@type":"ListItem","position":1,"name":"Strona g\u0142\u00f3wna","item":"https:\/\/www.bzdz.pl\/technikum-mundurowe-chelmno\/"},{"@type":"ListItem","position":2,"name":"Uroczyste \u015blubowanie klas I"}]},{"@type":"WebSite","@id":"https:\/\/www.bzdz.pl\/technikum-mundurowe-chelmno\/#website","url":"https:\/\/www.bzdz.pl\/technikum-mundurowe-chelmno\/","name":"Technikum Mundurowe Che\u0142mno","description":"","potentialAction":[{"@type":"SearchAction","target":{"@type":"EntryPoint","urlTemplate":"https:\/\/www.bzdz.pl\/technikum-mundurowe-chelmno\/?s={search_term_string}"},"query-input":{"@type":"PropertyValueSpecification","valueRequired":true,"valueName":"search_term_string"}}],"inLanguage":"pl-PL"},{"@type":"Person","@id":"https:\/\/www.bzdz.pl\/technikum-mundurowe-chelmno\/#\/schema\/person\/7c57d60f114afe0c7a44c5b857a35370","name":"chelmno","image":{"@type":"ImageObject","inLanguage":"pl-PL","@id":"https:\/\/secure.gravatar.com\/avatar\/ddf551478a8e88f03d125cbb83d228042d5da2efe35d60c35a2826bbbae80211?s=96&d=mm&r=g","url":"https:\/\/secure.gravatar.com\/avatar\/ddf551478a8e88f03d125cbb83d228042d5da2efe35d60c35a2826bbbae80211?s=96&d=mm&r=g","contentUrl":"https:\/\/secure.gravatar.com\/avatar\/ddf551478a8e88f03d125cbb83d228042d5da2efe35d60c35a2826bbbae80211?s=96&d=mm&r=g","caption":"chelmno"}}]}},"_links":{"self":[{"href":"https:\/\/www.bzdz.pl\/technikum-mundurowe-chelmno\/wp-json\/wp\/v2\/posts\/2403","targetHints":{"allow":["GET"]}}],"collection":[{"href":"https:\/\/www.bzdz.pl\/technikum-mundurowe-chelmno\/wp-json\/wp\/v2\/posts"}],"about":[{"href":"https:\/\/www.bzdz.pl\/technikum-mundurowe-chelmno\/wp-json\/wp\/v2\/types\/post"}],"author":[{"embeddable":true,"href":"https:\/\/www.bzdz.pl\/technikum-mundurowe-chelmno\/wp-json\/wp\/v2\/users\/3"}],"replies":[{"embeddable":true,"href":"https:\/\/www.bzdz.pl\/technikum-mundurowe-chelmno\/wp-json\/wp\/v2\/comments?post=2403"}],"version-history":[{"count":0,"href":"https:\/\/www.bzdz.pl\/technikum-mundurowe-chelmno\/wp-json\/wp\/v2\/posts\/2403\/revisions"}],"wp:attachment":[{"href":"https:\/\/www.bzdz.pl\/technikum-mundurowe-chelmno\/wp-json\/wp\/v2\/media?parent=2403"}],"wp:term":[{"taxonomy":"category","embeddable":true,"href":"https:\/\/www.bzdz.pl\/technikum-mundurowe-chelmno\/wp-json\/wp\/v2\/categories?post=2403"},{"taxonomy":"post_tag","embeddable":true,"href":"https:\/\/www.bzdz.pl\/technikum-mundurowe-chelmno\/wp-json\/wp\/v2\/tags?post=2403"}],"curies":[{"name":"wp","href":"https:\/\/api.w.org\/{rel}","templated":true}]}}