{"id":7557,"date":"2026-03-06T22:31:49","date_gmt":"2026-03-06T21:31:49","guid":{"rendered":"https:\/\/www.bzdz.pl\/technikum-mundurowe-aleksandrow\/?p=7557"},"modified":"2026-03-18T22:32:47","modified_gmt":"2026-03-18T21:32:47","slug":"stypendystka-prestizowego-programu-zawodowe-talenty-kujaw-i-pomorza-2024-2025","status":"publish","type":"post","link":"https:\/\/www.bzdz.pl\/technikum-mundurowe-aleksandrow\/stypendystka-prestizowego-programu-zawodowe-talenty-kujaw-i-pomorza-2024-2025\/","title":{"rendered":"Stypendystka presti\u017cowego programu \u201eZawodowe Talenty Kujaw i Pomorza 2024\/2025\u201d"},"content":{"rendered":"<p><img loading=\"lazy\" decoding=\"async\" class=\"alignnone size-full wp-image-7558\" src=\"https:\/\/www.bzdz.pl\/technikum-mundurowe-aleksandrow\/wp-content\/uploads\/2026\/03\/648096195-1540848604716210-3257676659811311464-n.jpg\" alt=\"\" width=\"526\" height=\"514\" srcset=\"https:\/\/www.bzdz.pl\/technikum-mundurowe-aleksandrow\/wp-content\/uploads\/2026\/03\/648096195-1540848604716210-3257676659811311464-n.jpg 526w, https:\/\/www.bzdz.pl\/technikum-mundurowe-aleksandrow\/wp-content\/uploads\/2026\/03\/648096195-1540848604716210-3257676659811311464-n-300x293.jpg 300w\" sizes=\"auto, (max-width: 526px) 85vw, 526px\" \/><\/p>\n<div class=\"xdj266r x14z9mp xat24cr x1lziwak x1vvkbs x126k92a\">\n<div dir=\"auto\">Z ogromn\u0105 dum\u0105 informujemy, \u017ce Marcelina Kempara z klasy IIID zosta\u0142a laureatk\u0105 tego wyj\u0105tkowego stypendium! <span class=\"html-span xexx8yu xyri2b x18d9i69 x1c1uobl x1hl2dhg x16tdsg8 x1vvkbs x3nfvp2 x1j61x8r x1fcty0u xdj266r xat24cr xm2jcoa x1mpyi22 xxymvpz xlup9mm x1kky2od\"><img loading=\"lazy\" decoding=\"async\" class=\"xz74otr x15mokao x1ga7v0g x16uus16 xbiv7yw\" src=\"https:\/\/static.xx.fbcdn.net\/images\/emoji.php\/v9\/tfe\/1\/16\/1f44f.png\" alt=\"\ud83d\udc4f\" width=\"16\" height=\"16\" \/><\/span><\/div>\n<\/div>\n<div class=\"x14z9mp xat24cr x1lziwak x1vvkbs xtlvy1s x126k92a\">\n<div dir=\"auto\">Marcelina to osoba ambitna, odpowiedzialna i konsekwentnie d\u0105\u017c\u0105ca do swoich cel\u00f3w. Wyr\u00f3\u017cnia si\u0119 wysok\u0105 kultur\u0105 osobist\u0105, zdyscyplinowaniem oraz \u015bwietnie radzi sobie zar\u00f3wno w pracy indywidualnej, jak i zespo\u0142owej.<\/div>\n<\/div>\n<div class=\"x14z9mp xat24cr x1lziwak x1vvkbs xtlvy1s x126k92a\">\n<div dir=\"auto\">Szczeg\u00f3lnie interesuje si\u0119 s\u0142u\u017cbami mundurowymi \u2013 aktywnie uczestniczy w zaj\u0119ciach zwi\u0105zanych z musztr\u0105, obronno\u015bci\u0105 i bezpiecze\u0144stwem. Z pasj\u0105 poznaje funkcjonowanie formacji mundurowych oraz rol\u0119 logistyki w ich dzia\u0142aniach.<\/div>\n<\/div>\n<div class=\"x14z9mp xat24cr x1lziwak x1vvkbs xtlvy1s x126k92a\">\n<div dir=\"auto\"><span class=\"html-span xexx8yu xyri2b x18d9i69 x1c1uobl x1hl2dhg x16tdsg8 x1vvkbs x3nfvp2 x1j61x8r x1fcty0u xdj266r xat24cr xm2jcoa x1mpyi22 xxymvpz xlup9mm x1kky2od\"><img loading=\"lazy\" decoding=\"async\" class=\"xz74otr x15mokao x1ga7v0g x16uus16 xbiv7yw\" src=\"https:\/\/static.xx.fbcdn.net\/images\/emoji.php\/v9\/t6c\/1\/16\/1f4aa.png\" alt=\"\ud83d\udcaa\" width=\"16\" height=\"16\" \/><\/span> W przysz\u0142o\u015bci planuje rozwija\u0107 swoj\u0105 karier\u0119 w s\u0142u\u017cbie publicznej lub logistyce w strukturach mundurowych.<\/div>\n<\/div>\n<div class=\"x14z9mp xat24cr x1lziwak x1vvkbs xtlvy1s x126k92a\">\n<div dir=\"auto\">Serdecznie gratulujemy Marcelinie tego osi\u0105gni\u0119cia i trzymamy kciuki za dalszy rozw\u00f3j! <span class=\"html-span xexx8yu xyri2b x18d9i69 x1c1uobl x1hl2dhg x16tdsg8 x1vvkbs x3nfvp2 x1j61x8r x1fcty0u xdj266r xat24cr xm2jcoa x1mpyi22 xxymvpz xlup9mm x1kky2od\"><img loading=\"lazy\" decoding=\"async\" class=\"xz74otr x15mokao x1ga7v0g x16uus16 xbiv7yw\" src=\"https:\/\/static.xx.fbcdn.net\/images\/emoji.php\/v9\/tfe\/1\/16\/1f44f.png\" alt=\"\ud83d\udc4f\" width=\"16\" height=\"16\" \/><\/span><span class=\"html-span xexx8yu xyri2b x18d9i69 x1c1uobl x1hl2dhg x16tdsg8 x1vvkbs x3nfvp2 x1j61x8r x1fcty0u xdj266r xat24cr xm2jcoa x1mpyi22 xxymvpz xlup9mm x1kky2od\"><img loading=\"lazy\" decoding=\"async\" class=\"xz74otr x15mokao x1ga7v0g x16uus16 xbiv7yw\" src=\"https:\/\/static.xx.fbcdn.net\/images\/emoji.php\/v9\/t25\/1\/16\/1f393.png\" alt=\"\ud83c\udf93\" width=\"16\" height=\"16\" \/><\/span><\/div>\n<\/div>\n","protected":false},"excerpt":{"rendered":"<p><img loading=\"lazy\" decoding=\"async\" class=\"alignnone size-full wp-image-7558\" src=\"https:\/\/www.bzdz.pl\/technikum-mundurowe-aleksandrow\/wp-content\/uploads\/2026\/03\/648096195-1540848604716210-3257676659811311464-n.jpg\" alt=\"\" width=\"526\" height=\"514\" srcset=\"https:\/\/www.bzdz.pl\/technikum-mundurowe-aleksandrow\/wp-content\/uploads\/2026\/03\/648096195-1540848604716210-3257676659811311464-n.jpg 526w, https:\/\/www.bzdz.pl\/technikum-mundurowe-aleksandrow\/wp-content\/uploads\/2026\/03\/648096195-1540848604716210-3257676659811311464-n-300x293.jpg 300w\" sizes=\"auto, (max-width: 526px) 85vw, 526px\" \/><\/p>\n<div class=\"xdj266r x14z9mp xat24cr x1lziwak x1vvkbs x126k92a\">\n<div dir=\"auto\">Z ogromn\u0105 dum\u0105 informujemy, \u017ce Marcelina Kempara z klasy IIID zosta\u0142a laureatk\u0105 tego wyj\u0105tkowego stypendium! <img loading=\"lazy\" decoding=\"async\" class=\"xz74otr x15mokao x1ga7v0g x16uus16 xbiv7yw\" src=\"https:\/\/static.xx.fbcdn.net\/images\/emoji.php\/v9\/tfe\/1\/16\/1f44f.png\" alt=\"\ud83d\udc4f\" width=\"16\" height=\"16\" \/><\/div>\n<\/div>\n<div class=\"x14z9mp xat24cr x1lziwak x1vvkbs xtlvy1s x126k92a\">\n<div dir=\"auto\">Marcelina to osoba ambitna, odpowiedzialna i konsekwentnie d\u0105\u017c\u0105ca do swoich cel\u00f3w. Wyr\u00f3\u017cnia si\u0119 wysok\u0105 kultur\u0105 osobist\u0105, zdyscyplinowaniem oraz \u015bwietnie radzi sobie zar\u00f3wno w pracy indywidualnej, jak i zespo\u0142owej.<\/div>\n<\/div>\n<div class=\"x14z9mp xat24cr x1lziwak x1vvkbs xtlvy1s x126k92a\">\n<div dir=\"auto\">Szczeg\u00f3lnie interesuje si\u0119 s\u0142u\u017cbami mundurowymi \u2013 aktywnie uczestniczy w zaj\u0119ciach zwi\u0105zanych z musztr\u0105, obronno\u015bci\u0105 i bezpiecze\u0144stwem. Z pasj\u0105 poznaje funkcjonowanie formacji mundurowych oraz rol\u0119 logistyki w ich dzia\u0142aniach.<\/div>\n<\/div>\n<div class=\"clr\"><\/div>\n<p><a href=\"https:\/\/www.bzdz.pl\/technikum-mundurowe-aleksandrow\/stypendystka-prestizowego-programu-zawodowe-talenty-kujaw-i-pomorza-2024-2025\/\" class=\"readmore\">Przeczytaj ca\u0142o\u015b\u0107<\/a><\/p>\n","protected":false},"author":5,"featured_media":0,"comment_status":"closed","ping_status":"closed","sticky":false,"template":"","format":"standard","meta":{"footnotes":""},"categories":[1],"tags":[],"class_list":["post-7557","post","type-post","status-publish","format-standard","hentry","category-aktualnosci"],"yoast_head":"<!-- This site is optimized with the Yoast SEO plugin v27.5 - https:\/\/yoast.com\/product\/yoast-seo-wordpress\/ -->\n<title>Stypendystka presti\u017cowego programu \u201eZawodowe Talenty Kujaw i Pomorza 2024\/2025\u201d - Technikum Mundurowe Aleksandr\u00f3w Kujawski<\/title>\n<meta name=\"robots\" content=\"index, follow, max-snippet:-1, max-image-preview:large, max-video-preview:-1\" \/>\n<link rel=\"canonical\" href=\"https:\/\/www.bzdz.pl\/technikum-mundurowe-aleksandrow\/stypendystka-prestizowego-programu-zawodowe-talenty-kujaw-i-pomorza-2024-2025\/\" \/>\n<meta property=\"og:locale\" content=\"pl_PL\" \/>\n<meta property=\"og:type\" content=\"article\" \/>\n<meta property=\"og:title\" content=\"Stypendystka presti\u017cowego programu \u201eZawodowe Talenty Kujaw i Pomorza 2024\/2025\u201d - Technikum Mundurowe Aleksandr\u00f3w Kujawski\" \/>\n<meta property=\"og:description\" content=\"Z ogromn\u0105 dum\u0105 informujemy, \u017ce Marcelina Kempara z klasy IIID zosta\u0142a laureatk\u0105 tego wyj\u0105tkowego stypendium!  Marcelina to osoba ambitna, odpowiedzialna i konsekwentnie d\u0105\u017c\u0105ca do swoich cel\u00f3w. Wyr\u00f3\u017cnia si\u0119 wysok\u0105 kultur\u0105 osobist\u0105, zdyscyplinowaniem oraz \u015bwietnie radzi sobie zar\u00f3wno w pracy indywidualnej, jak i zespo\u0142owej.  Szczeg\u00f3lnie interesuje si\u0119 s\u0142u\u017cbami mundurowymi \u2013 aktywnie uczestniczy w zaj\u0119ciach zwi\u0105zanych z musztr\u0105, obronno\u015bci\u0105 i bezpiecze\u0144stwem. Z pasj\u0105 poznaje funkcjonowanie formacji mundurowych oraz rol\u0119 logistyki w ich dzia\u0142aniach.Przeczytaj ca\u0142o\u015b\u0107\" \/>\n<meta property=\"og:url\" content=\"https:\/\/www.bzdz.pl\/technikum-mundurowe-aleksandrow\/stypendystka-prestizowego-programu-zawodowe-talenty-kujaw-i-pomorza-2024-2025\/\" \/>\n<meta property=\"og:site_name\" content=\"Technikum Mundurowe Aleksandr\u00f3w Kujawski\" \/>\n<meta property=\"article:published_time\" content=\"2026-03-06T21:31:49+00:00\" \/>\n<meta property=\"article:modified_time\" content=\"2026-03-18T21:32:47+00:00\" \/>\n<meta property=\"og:image\" content=\"https:\/\/www.bzdz.pl\/technikum-mundurowe-aleksandrow\/wp-content\/uploads\/2026\/03\/648096195-1540848604716210-3257676659811311464-n.jpg\" \/>\n\t<meta property=\"og:image:width\" content=\"526\" \/>\n\t<meta property=\"og:image:height\" content=\"514\" \/>\n\t<meta property=\"og:image:type\" content=\"image\/jpeg\" \/>\n<meta name=\"author\" content=\"Mariusz Fia\u0142kowski\" \/>\n<meta name=\"twitter:card\" content=\"summary_large_image\" \/>\n<meta name=\"twitter:label1\" content=\"Napisane przez\" \/>\n\t<meta name=\"twitter:data1\" content=\"Mariusz Fia\u0142kowski\" \/>\n\t<meta name=\"twitter:label2\" content=\"Szacowany czas czytania\" \/>\n\t<meta name=\"twitter:data2\" content=\"1 minuta\" \/>\n<script type=\"application\/ld+json\" class=\"yoast-schema-graph\">{\"@context\":\"https:\\\/\\\/schema.org\",\"@graph\":[{\"@type\":\"Article\",\"@id\":\"https:\\\/\\\/www.bzdz.pl\\\/technikum-mundurowe-aleksandrow\\\/stypendystka-prestizowego-programu-zawodowe-talenty-kujaw-i-pomorza-2024-2025\\\/#article\",\"isPartOf\":{\"@id\":\"https:\\\/\\\/www.bzdz.pl\\\/technikum-mundurowe-aleksandrow\\\/stypendystka-prestizowego-programu-zawodowe-talenty-kujaw-i-pomorza-2024-2025\\\/\"},\"author\":{\"name\":\"Mariusz Fia\u0142kowski\",\"@id\":\"https:\\\/\\\/www.bzdz.pl\\\/technikum-mundurowe-aleksandrow\\\/#\\\/schema\\\/person\\\/2b221b7fe104fe7f1641aefbef50a33b\"},\"headline\":\"Stypendystka presti\u017cowego programu \u201eZawodowe Talenty Kujaw i Pomorza 2024\\\/2025\u201d\",\"datePublished\":\"2026-03-06T21:31:49+00:00\",\"dateModified\":\"2026-03-18T21:32:47+00:00\",\"mainEntityOfPage\":{\"@id\":\"https:\\\/\\\/www.bzdz.pl\\\/technikum-mundurowe-aleksandrow\\\/stypendystka-prestizowego-programu-zawodowe-talenty-kujaw-i-pomorza-2024-2025\\\/\"},\"wordCount\":126,\"image\":{\"@id\":\"https:\\\/\\\/www.bzdz.pl\\\/technikum-mundurowe-aleksandrow\\\/stypendystka-prestizowego-programu-zawodowe-talenty-kujaw-i-pomorza-2024-2025\\\/#primaryimage\"},\"thumbnailUrl\":\"https:\\\/\\\/www.bzdz.pl\\\/technikum-mundurowe-aleksandrow\\\/wp-content\\\/uploads\\\/2026\\\/03\\\/648096195-1540848604716210-3257676659811311464-n.jpg\",\"articleSection\":[\"Aktualno\u015bci\"],\"inLanguage\":\"pl-PL\"},{\"@type\":\"WebPage\",\"@id\":\"https:\\\/\\\/www.bzdz.pl\\\/technikum-mundurowe-aleksandrow\\\/stypendystka-prestizowego-programu-zawodowe-talenty-kujaw-i-pomorza-2024-2025\\\/\",\"url\":\"https:\\\/\\\/www.bzdz.pl\\\/technikum-mundurowe-aleksandrow\\\/stypendystka-prestizowego-programu-zawodowe-talenty-kujaw-i-pomorza-2024-2025\\\/\",\"name\":\"Stypendystka presti\u017cowego programu \u201eZawodowe Talenty Kujaw i Pomorza 2024\\\/2025\u201d - Technikum Mundurowe Aleksandr\u00f3w Kujawski\",\"isPartOf\":{\"@id\":\"https:\\\/\\\/www.bzdz.pl\\\/technikum-mundurowe-aleksandrow\\\/#website\"},\"primaryImageOfPage\":{\"@id\":\"https:\\\/\\\/www.bzdz.pl\\\/technikum-mundurowe-aleksandrow\\\/stypendystka-prestizowego-programu-zawodowe-talenty-kujaw-i-pomorza-2024-2025\\\/#primaryimage\"},\"image\":{\"@id\":\"https:\\\/\\\/www.bzdz.pl\\\/technikum-mundurowe-aleksandrow\\\/stypendystka-prestizowego-programu-zawodowe-talenty-kujaw-i-pomorza-2024-2025\\\/#primaryimage\"},\"thumbnailUrl\":\"https:\\\/\\\/www.bzdz.pl\\\/technikum-mundurowe-aleksandrow\\\/wp-content\\\/uploads\\\/2026\\\/03\\\/648096195-1540848604716210-3257676659811311464-n.jpg\",\"datePublished\":\"2026-03-06T21:31:49+00:00\",\"dateModified\":\"2026-03-18T21:32:47+00:00\",\"author\":{\"@id\":\"https:\\\/\\\/www.bzdz.pl\\\/technikum-mundurowe-aleksandrow\\\/#\\\/schema\\\/person\\\/2b221b7fe104fe7f1641aefbef50a33b\"},\"breadcrumb\":{\"@id\":\"https:\\\/\\\/www.bzdz.pl\\\/technikum-mundurowe-aleksandrow\\\/stypendystka-prestizowego-programu-zawodowe-talenty-kujaw-i-pomorza-2024-2025\\\/#breadcrumb\"},\"inLanguage\":\"pl-PL\",\"potentialAction\":[{\"@type\":\"ReadAction\",\"target\":[\"https:\\\/\\\/www.bzdz.pl\\\/technikum-mundurowe-aleksandrow\\\/stypendystka-prestizowego-programu-zawodowe-talenty-kujaw-i-pomorza-2024-2025\\\/\"]}]},{\"@type\":\"ImageObject\",\"inLanguage\":\"pl-PL\",\"@id\":\"https:\\\/\\\/www.bzdz.pl\\\/technikum-mundurowe-aleksandrow\\\/stypendystka-prestizowego-programu-zawodowe-talenty-kujaw-i-pomorza-2024-2025\\\/#primaryimage\",\"url\":\"https:\\\/\\\/www.bzdz.pl\\\/technikum-mundurowe-aleksandrow\\\/wp-content\\\/uploads\\\/2026\\\/03\\\/648096195-1540848604716210-3257676659811311464-n.jpg\",\"contentUrl\":\"https:\\\/\\\/www.bzdz.pl\\\/technikum-mundurowe-aleksandrow\\\/wp-content\\\/uploads\\\/2026\\\/03\\\/648096195-1540848604716210-3257676659811311464-n.jpg\",\"width\":526,\"height\":514},{\"@type\":\"BreadcrumbList\",\"@id\":\"https:\\\/\\\/www.bzdz.pl\\\/technikum-mundurowe-aleksandrow\\\/stypendystka-prestizowego-programu-zawodowe-talenty-kujaw-i-pomorza-2024-2025\\\/#breadcrumb\",\"itemListElement\":[{\"@type\":\"ListItem\",\"position\":1,\"name\":\"Strona g\u0142\u00f3wna\",\"item\":\"https:\\\/\\\/www.bzdz.pl\\\/technikum-mundurowe-aleksandrow\\\/\"},{\"@type\":\"ListItem\",\"position\":2,\"name\":\"Stypendystka presti\u017cowego programu \u201eZawodowe Talenty Kujaw i Pomorza 2024\\\/2025\u201d\"}]},{\"@type\":\"WebSite\",\"@id\":\"https:\\\/\\\/www.bzdz.pl\\\/technikum-mundurowe-aleksandrow\\\/#website\",\"url\":\"https:\\\/\\\/www.bzdz.pl\\\/technikum-mundurowe-aleksandrow\\\/\",\"name\":\"Technikum Mundurowe Aleksandr\u00f3w Kujawski\",\"description\":\"\",\"potentialAction\":[{\"@type\":\"SearchAction\",\"target\":{\"@type\":\"EntryPoint\",\"urlTemplate\":\"https:\\\/\\\/www.bzdz.pl\\\/technikum-mundurowe-aleksandrow\\\/?s={search_term_string}\"},\"query-input\":{\"@type\":\"PropertyValueSpecification\",\"valueRequired\":true,\"valueName\":\"search_term_string\"}}],\"inLanguage\":\"pl-PL\"},{\"@type\":\"Person\",\"@id\":\"https:\\\/\\\/www.bzdz.pl\\\/technikum-mundurowe-aleksandrow\\\/#\\\/schema\\\/person\\\/2b221b7fe104fe7f1641aefbef50a33b\",\"name\":\"Mariusz Fia\u0142kowski\",\"image\":{\"@type\":\"ImageObject\",\"inLanguage\":\"pl-PL\",\"@id\":\"https:\\\/\\\/secure.gravatar.com\\\/avatar\\\/ffb18ebee0800728125ac87149404d1471fe4546d01a4e8357338a9f4d9dc328?s=96&d=mm&r=g\",\"url\":\"https:\\\/\\\/secure.gravatar.com\\\/avatar\\\/ffb18ebee0800728125ac87149404d1471fe4546d01a4e8357338a9f4d9dc328?s=96&d=mm&r=g\",\"contentUrl\":\"https:\\\/\\\/secure.gravatar.com\\\/avatar\\\/ffb18ebee0800728125ac87149404d1471fe4546d01a4e8357338a9f4d9dc328?s=96&d=mm&r=g\",\"caption\":\"Mariusz Fia\u0142kowski\"}}]}<\/script>\n<!-- \/ Yoast SEO plugin. -->","yoast_head_json":{"title":"Stypendystka presti\u017cowego programu \u201eZawodowe Talenty Kujaw i Pomorza 2024\/2025\u201d - Technikum Mundurowe Aleksandr\u00f3w Kujawski","robots":{"index":"index","follow":"follow","max-snippet":"max-snippet:-1","max-image-preview":"max-image-preview:large","max-video-preview":"max-video-preview:-1"},"canonical":"https:\/\/www.bzdz.pl\/technikum-mundurowe-aleksandrow\/stypendystka-prestizowego-programu-zawodowe-talenty-kujaw-i-pomorza-2024-2025\/","og_locale":"pl_PL","og_type":"article","og_title":"Stypendystka presti\u017cowego programu \u201eZawodowe Talenty Kujaw i Pomorza 2024\/2025\u201d - Technikum Mundurowe Aleksandr\u00f3w Kujawski","og_description":"Z ogromn\u0105 dum\u0105 informujemy, \u017ce Marcelina Kempara z klasy IIID zosta\u0142a laureatk\u0105 tego wyj\u0105tkowego stypendium!  Marcelina to osoba ambitna, odpowiedzialna i konsekwentnie d\u0105\u017c\u0105ca do swoich cel\u00f3w. Wyr\u00f3\u017cnia si\u0119 wysok\u0105 kultur\u0105 osobist\u0105, zdyscyplinowaniem oraz \u015bwietnie radzi sobie zar\u00f3wno w pracy indywidualnej, jak i zespo\u0142owej.  Szczeg\u00f3lnie interesuje si\u0119 s\u0142u\u017cbami mundurowymi \u2013 aktywnie uczestniczy w zaj\u0119ciach zwi\u0105zanych z musztr\u0105, obronno\u015bci\u0105 i bezpiecze\u0144stwem. Z pasj\u0105 poznaje funkcjonowanie formacji mundurowych oraz rol\u0119 logistyki w ich dzia\u0142aniach.Przeczytaj ca\u0142o\u015b\u0107","og_url":"https:\/\/www.bzdz.pl\/technikum-mundurowe-aleksandrow\/stypendystka-prestizowego-programu-zawodowe-talenty-kujaw-i-pomorza-2024-2025\/","og_site_name":"Technikum Mundurowe Aleksandr\u00f3w Kujawski","article_published_time":"2026-03-06T21:31:49+00:00","article_modified_time":"2026-03-18T21:32:47+00:00","og_image":[{"width":526,"height":514,"url":"https:\/\/www.bzdz.pl\/technikum-mundurowe-aleksandrow\/wp-content\/uploads\/2026\/03\/648096195-1540848604716210-3257676659811311464-n.jpg","type":"image\/jpeg"}],"author":"Mariusz Fia\u0142kowski","twitter_card":"summary_large_image","twitter_misc":{"Napisane przez":"Mariusz Fia\u0142kowski","Szacowany czas czytania":"1 minuta"},"schema":{"@context":"https:\/\/schema.org","@graph":[{"@type":"Article","@id":"https:\/\/www.bzdz.pl\/technikum-mundurowe-aleksandrow\/stypendystka-prestizowego-programu-zawodowe-talenty-kujaw-i-pomorza-2024-2025\/#article","isPartOf":{"@id":"https:\/\/www.bzdz.pl\/technikum-mundurowe-aleksandrow\/stypendystka-prestizowego-programu-zawodowe-talenty-kujaw-i-pomorza-2024-2025\/"},"author":{"name":"Mariusz Fia\u0142kowski","@id":"https:\/\/www.bzdz.pl\/technikum-mundurowe-aleksandrow\/#\/schema\/person\/2b221b7fe104fe7f1641aefbef50a33b"},"headline":"Stypendystka presti\u017cowego programu \u201eZawodowe Talenty Kujaw i Pomorza 2024\/2025\u201d","datePublished":"2026-03-06T21:31:49+00:00","dateModified":"2026-03-18T21:32:47+00:00","mainEntityOfPage":{"@id":"https:\/\/www.bzdz.pl\/technikum-mundurowe-aleksandrow\/stypendystka-prestizowego-programu-zawodowe-talenty-kujaw-i-pomorza-2024-2025\/"},"wordCount":126,"image":{"@id":"https:\/\/www.bzdz.pl\/technikum-mundurowe-aleksandrow\/stypendystka-prestizowego-programu-zawodowe-talenty-kujaw-i-pomorza-2024-2025\/#primaryimage"},"thumbnailUrl":"https:\/\/www.bzdz.pl\/technikum-mundurowe-aleksandrow\/wp-content\/uploads\/2026\/03\/648096195-1540848604716210-3257676659811311464-n.jpg","articleSection":["Aktualno\u015bci"],"inLanguage":"pl-PL"},{"@type":"WebPage","@id":"https:\/\/www.bzdz.pl\/technikum-mundurowe-aleksandrow\/stypendystka-prestizowego-programu-zawodowe-talenty-kujaw-i-pomorza-2024-2025\/","url":"https:\/\/www.bzdz.pl\/technikum-mundurowe-aleksandrow\/stypendystka-prestizowego-programu-zawodowe-talenty-kujaw-i-pomorza-2024-2025\/","name":"Stypendystka presti\u017cowego programu \u201eZawodowe Talenty Kujaw i Pomorza 2024\/2025\u201d - Technikum Mundurowe Aleksandr\u00f3w Kujawski","isPartOf":{"@id":"https:\/\/www.bzdz.pl\/technikum-mundurowe-aleksandrow\/#website"},"primaryImageOfPage":{"@id":"https:\/\/www.bzdz.pl\/technikum-mundurowe-aleksandrow\/stypendystka-prestizowego-programu-zawodowe-talenty-kujaw-i-pomorza-2024-2025\/#primaryimage"},"image":{"@id":"https:\/\/www.bzdz.pl\/technikum-mundurowe-aleksandrow\/stypendystka-prestizowego-programu-zawodowe-talenty-kujaw-i-pomorza-2024-2025\/#primaryimage"},"thumbnailUrl":"https:\/\/www.bzdz.pl\/technikum-mundurowe-aleksandrow\/wp-content\/uploads\/2026\/03\/648096195-1540848604716210-3257676659811311464-n.jpg","datePublished":"2026-03-06T21:31:49+00:00","dateModified":"2026-03-18T21:32:47+00:00","author":{"@id":"https:\/\/www.bzdz.pl\/technikum-mundurowe-aleksandrow\/#\/schema\/person\/2b221b7fe104fe7f1641aefbef50a33b"},"breadcrumb":{"@id":"https:\/\/www.bzdz.pl\/technikum-mundurowe-aleksandrow\/stypendystka-prestizowego-programu-zawodowe-talenty-kujaw-i-pomorza-2024-2025\/#breadcrumb"},"inLanguage":"pl-PL","potentialAction":[{"@type":"ReadAction","target":["https:\/\/www.bzdz.pl\/technikum-mundurowe-aleksandrow\/stypendystka-prestizowego-programu-zawodowe-talenty-kujaw-i-pomorza-2024-2025\/"]}]},{"@type":"ImageObject","inLanguage":"pl-PL","@id":"https:\/\/www.bzdz.pl\/technikum-mundurowe-aleksandrow\/stypendystka-prestizowego-programu-zawodowe-talenty-kujaw-i-pomorza-2024-2025\/#primaryimage","url":"https:\/\/www.bzdz.pl\/technikum-mundurowe-aleksandrow\/wp-content\/uploads\/2026\/03\/648096195-1540848604716210-3257676659811311464-n.jpg","contentUrl":"https:\/\/www.bzdz.pl\/technikum-mundurowe-aleksandrow\/wp-content\/uploads\/2026\/03\/648096195-1540848604716210-3257676659811311464-n.jpg","width":526,"height":514},{"@type":"BreadcrumbList","@id":"https:\/\/www.bzdz.pl\/technikum-mundurowe-aleksandrow\/stypendystka-prestizowego-programu-zawodowe-talenty-kujaw-i-pomorza-2024-2025\/#breadcrumb","itemListElement":[{"@type":"ListItem","position":1,"name":"Strona g\u0142\u00f3wna","item":"https:\/\/www.bzdz.pl\/technikum-mundurowe-aleksandrow\/"},{"@type":"ListItem","position":2,"name":"Stypendystka presti\u017cowego programu \u201eZawodowe Talenty Kujaw i Pomorza 2024\/2025\u201d"}]},{"@type":"WebSite","@id":"https:\/\/www.bzdz.pl\/technikum-mundurowe-aleksandrow\/#website","url":"https:\/\/www.bzdz.pl\/technikum-mundurowe-aleksandrow\/","name":"Technikum Mundurowe Aleksandr\u00f3w Kujawski","description":"","potentialAction":[{"@type":"SearchAction","target":{"@type":"EntryPoint","urlTemplate":"https:\/\/www.bzdz.pl\/technikum-mundurowe-aleksandrow\/?s={search_term_string}"},"query-input":{"@type":"PropertyValueSpecification","valueRequired":true,"valueName":"search_term_string"}}],"inLanguage":"pl-PL"},{"@type":"Person","@id":"https:\/\/www.bzdz.pl\/technikum-mundurowe-aleksandrow\/#\/schema\/person\/2b221b7fe104fe7f1641aefbef50a33b","name":"Mariusz Fia\u0142kowski","image":{"@type":"ImageObject","inLanguage":"pl-PL","@id":"https:\/\/secure.gravatar.com\/avatar\/ffb18ebee0800728125ac87149404d1471fe4546d01a4e8357338a9f4d9dc328?s=96&d=mm&r=g","url":"https:\/\/secure.gravatar.com\/avatar\/ffb18ebee0800728125ac87149404d1471fe4546d01a4e8357338a9f4d9dc328?s=96&d=mm&r=g","contentUrl":"https:\/\/secure.gravatar.com\/avatar\/ffb18ebee0800728125ac87149404d1471fe4546d01a4e8357338a9f4d9dc328?s=96&d=mm&r=g","caption":"Mariusz Fia\u0142kowski"}}]}},"_links":{"self":[{"href":"https:\/\/www.bzdz.pl\/technikum-mundurowe-aleksandrow\/wp-json\/wp\/v2\/posts\/7557","targetHints":{"allow":["GET"]}}],"collection":[{"href":"https:\/\/www.bzdz.pl\/technikum-mundurowe-aleksandrow\/wp-json\/wp\/v2\/posts"}],"about":[{"href":"https:\/\/www.bzdz.pl\/technikum-mundurowe-aleksandrow\/wp-json\/wp\/v2\/types\/post"}],"author":[{"embeddable":true,"href":"https:\/\/www.bzdz.pl\/technikum-mundurowe-aleksandrow\/wp-json\/wp\/v2\/users\/5"}],"replies":[{"embeddable":true,"href":"https:\/\/www.bzdz.pl\/technikum-mundurowe-aleksandrow\/wp-json\/wp\/v2\/comments?post=7557"}],"version-history":[{"count":1,"href":"https:\/\/www.bzdz.pl\/technikum-mundurowe-aleksandrow\/wp-json\/wp\/v2\/posts\/7557\/revisions"}],"predecessor-version":[{"id":7559,"href":"https:\/\/www.bzdz.pl\/technikum-mundurowe-aleksandrow\/wp-json\/wp\/v2\/posts\/7557\/revisions\/7559"}],"wp:attachment":[{"href":"https:\/\/www.bzdz.pl\/technikum-mundurowe-aleksandrow\/wp-json\/wp\/v2\/media?parent=7557"}],"wp:term":[{"taxonomy":"category","embeddable":true,"href":"https:\/\/www.bzdz.pl\/technikum-mundurowe-aleksandrow\/wp-json\/wp\/v2\/categories?post=7557"},{"taxonomy":"post_tag","embeddable":true,"href":"https:\/\/www.bzdz.pl\/technikum-mundurowe-aleksandrow\/wp-json\/wp\/v2\/tags?post=7557"}],"curies":[{"name":"wp","href":"https:\/\/api.w.org\/{rel}","templated":true}]}}