{"id":5827,"date":"2023-01-23T12:44:56","date_gmt":"2023-01-23T11:44:56","guid":{"rendered":"https:\/\/www.bzdz.pl\/technikum-mundurowe-aleksandrow\/?p=5827"},"modified":"2023-01-26T12:46:58","modified_gmt":"2023-01-26T11:46:58","slug":"160-rocznica-powstania-styczniowego","status":"publish","type":"post","link":"https:\/\/www.bzdz.pl\/technikum-mundurowe-aleksandrow\/160-rocznica-powstania-styczniowego\/","title":{"rendered":"160. rocznica Powstania Styczniowego"},"content":{"rendered":"<p><img loading=\"lazy\" decoding=\"async\" class=\"alignnone size-full wp-image-5828\" src=\"https:\/\/www.bzdz.pl\/technikum-mundurowe-aleksandrow\/wp-content\/uploads\/2023\/01\/327454521-1139620083415502-5478894659056305072-n.jpg\" alt=\"\" width=\"450\" height=\"950\" srcset=\"https:\/\/www.bzdz.pl\/technikum-mundurowe-aleksandrow\/wp-content\/uploads\/2023\/01\/327454521-1139620083415502-5478894659056305072-n.jpg 450w, https:\/\/www.bzdz.pl\/technikum-mundurowe-aleksandrow\/wp-content\/uploads\/2023\/01\/327454521-1139620083415502-5478894659056305072-n-142x300.jpg 142w\" sizes=\"auto, (max-width: 450px) 85vw, 450px\" \/><\/p>\n<p><img loading=\"lazy\" decoding=\"async\" class=\"alignnone size-full wp-image-5829\" src=\"https:\/\/www.bzdz.pl\/technikum-mundurowe-aleksandrow\/wp-content\/uploads\/2023\/01\/327396448-1366630880838208-7851548871293650102-n.jpg\" alt=\"\" width=\"1267\" height=\"950\" srcset=\"https:\/\/www.bzdz.pl\/technikum-mundurowe-aleksandrow\/wp-content\/uploads\/2023\/01\/327396448-1366630880838208-7851548871293650102-n.jpg 1267w, https:\/\/www.bzdz.pl\/technikum-mundurowe-aleksandrow\/wp-content\/uploads\/2023\/01\/327396448-1366630880838208-7851548871293650102-n-300x225.jpg 300w, https:\/\/www.bzdz.pl\/technikum-mundurowe-aleksandrow\/wp-content\/uploads\/2023\/01\/327396448-1366630880838208-7851548871293650102-n-1024x768.jpg 1024w, https:\/\/www.bzdz.pl\/technikum-mundurowe-aleksandrow\/wp-content\/uploads\/2023\/01\/327396448-1366630880838208-7851548871293650102-n-768x576.jpg 768w, https:\/\/www.bzdz.pl\/technikum-mundurowe-aleksandrow\/wp-content\/uploads\/2023\/01\/327396448-1366630880838208-7851548871293650102-n-1200x900.jpg 1200w\" sizes=\"auto, (max-width: 709px) 85vw, (max-width: 909px) 67vw, (max-width: 1362px) 62vw, 840px\" \/><\/p>\n<div class=\"x11i5rnm xat24cr x1mh8g0r x1vvkbs xdj266r x126k92a\">\n<div dir=\"auto\">W nocy z dnia 22 na 23 stycznia 1863 roku wybuch\u0142o Powstanie Styczniowe tym samym \u015bwi\u0119tujemy 160. rocznic\u0119 tego wydarzenia i wspominamy bohater\u00f3w zrywu niepodleg\u0142o\u015bciowego.<\/div>\n<\/div>\n<div class=\"x11i5rnm xat24cr x1mh8g0r x1vvkbs xtlvy1s x126k92a\">\n<div dir=\"auto\">Kadeci z klas I mundurowych w tym <a class=\"x1i10hfl xjbqb8w x6umtig x1b1mbwd xaqea5y xav7gou x9f619 x1ypdohk xt0psk2 xe8uvvx xdj266r x11i5rnm xat24cr x1mh8g0r xexx8yu x4uap5 x18d9i69 xkhd6sd x16tdsg8 x1hl2dhg xggy1nq x1a2a7pz xt0b8zv x1qq9wsj xo1l8bm\" tabindex=\"0\" role=\"link\" href=\"https:\/\/www.facebook.com\/hashtag\/opw?__eep__=6&amp;__cft__[0]=AZW8LNj1IV09OCJmG7oIBVIMIIt-_vOq-hvrQQRVAvpr_BAdRtKAHlOY905IzvyZFryAHGpkcerVTpKY08sapP2dFTmnccW0yQYY5qK5m80p0gNe7QyllsWaHz9REFROMNvJpZnFFvrrvC0XVkpS_djvQPHzIgWACi9wN3U_ZuW4AVm_2b_pmWt9pwt05Cpavoo&amp;__tn__=*NK-R\">#OPW<\/a> uczcili pami\u0119\u0107 Powsta\u0144c\u00f3w sk\u0142adaj\u0105c okoliczno\u015bciow\u0105 wi\u0105zank\u0119 na grobie W\u0142adys\u0142awa Koneckiego &#8211; Powsta\u0144ca Styczniowego spoczywaj\u0105cego na aleksandrowskim cmentarzu.<\/div>\n<\/div>\n<div class=\"x11i5rnm xat24cr x1mh8g0r x1vvkbs xtlvy1s x126k92a\">\n<div dir=\"auto\">Na zdj\u0119ciach:<\/div>\n<\/div>\n<div class=\"x11i5rnm xat24cr x1mh8g0r x1vvkbs xtlvy1s x126k92a\">\n<div dir=\"auto\">Natalia Mazur 1a<\/div>\n<div dir=\"auto\">Marcel Borucki 1a<\/div>\n<div dir=\"auto\">Martyna Urba\u0144ska 1b<\/div>\n<div dir=\"auto\">Kinga Lisi\u0144ska 1b<\/div>\n<div dir=\"auto\">Alicja W\u0105salska 1c\u00a0<\/div>\n<div dir=\"auto\">\n<div id='gallery-1' class='gallery galleryid-5827 gallery-columns-3 gallery-size-thumbnail'><figure class='gallery-item'>\n\t\t\t<div class='gallery-icon portrait'>\n\t\t\t\t<a href='https:\/\/www.bzdz.pl\/technikum-mundurowe-aleksandrow\/wp-content\/uploads\/2023\/01\/327454521-1139620083415502-5478894659056305072-n-1.jpg' title=\"\" data-rl_title=\"\" class=\"rl-gallery-link\" data-rl_caption=\"\" data-rel=\"lightbox-gallery-1\"><img loading=\"lazy\" decoding=\"async\" width=\"150\" height=\"150\" src=\"https:\/\/www.bzdz.pl\/technikum-mundurowe-aleksandrow\/wp-content\/uploads\/2023\/01\/327454521-1139620083415502-5478894659056305072-n-1-150x150.jpg\" class=\"attachment-thumbnail size-thumbnail\" alt=\"\" \/><\/a>\n\t\t\t<\/div><\/figure><figure class='gallery-item'>\n\t\t\t<div class='gallery-icon landscape'>\n\t\t\t\t<a href='https:\/\/www.bzdz.pl\/technikum-mundurowe-aleksandrow\/wp-content\/uploads\/2023\/01\/326284541-512482210990594-7819004635150542972-n.jpg' title=\"\" data-rl_title=\"\" class=\"rl-gallery-link\" data-rl_caption=\"\" data-rel=\"lightbox-gallery-1\"><img loading=\"lazy\" decoding=\"async\" width=\"150\" height=\"150\" src=\"https:\/\/www.bzdz.pl\/technikum-mundurowe-aleksandrow\/wp-content\/uploads\/2023\/01\/326284541-512482210990594-7819004635150542972-n-150x150.jpg\" class=\"attachment-thumbnail size-thumbnail\" alt=\"\" \/><\/a>\n\t\t\t<\/div><\/figure>\n\t\t<\/div>\n\n<\/div>\n<\/div>\n","protected":false},"excerpt":{"rendered":"<p><img loading=\"lazy\" decoding=\"async\" class=\"alignnone size-full wp-image-5828\" src=\"https:\/\/www.bzdz.pl\/technikum-mundurowe-aleksandrow\/wp-content\/uploads\/2023\/01\/327454521-1139620083415502-5478894659056305072-n.jpg\" alt=\"\" width=\"450\" height=\"950\" srcset=\"https:\/\/www.bzdz.pl\/technikum-mundurowe-aleksandrow\/wp-content\/uploads\/2023\/01\/327454521-1139620083415502-5478894659056305072-n.jpg 450w, https:\/\/www.bzdz.pl\/technikum-mundurowe-aleksandrow\/wp-content\/uploads\/2023\/01\/327454521-1139620083415502-5478894659056305072-n-142x300.jpg 142w\" sizes=\"auto, (max-width: 450px) 85vw, 450px\" \/><\/p>\n<p><img loading=\"lazy\" decoding=\"async\" class=\"alignnone size-full wp-image-5829\" src=\"https:\/\/www.bzdz.pl\/technikum-mundurowe-aleksandrow\/wp-content\/uploads\/2023\/01\/327396448-1366630880838208-7851548871293650102-n.jpg\" alt=\"\" width=\"1267\" height=\"950\" srcset=\"https:\/\/www.bzdz.pl\/technikum-mundurowe-aleksandrow\/wp-content\/uploads\/2023\/01\/327396448-1366630880838208-7851548871293650102-n.jpg 1267w, https:\/\/www.bzdz.pl\/technikum-mundurowe-aleksandrow\/wp-content\/uploads\/2023\/01\/327396448-1366630880838208-7851548871293650102-n-300x225.jpg 300w, https:\/\/www.bzdz.pl\/technikum-mundurowe-aleksandrow\/wp-content\/uploads\/2023\/01\/327396448-1366630880838208-7851548871293650102-n-1024x768.jpg 1024w, https:\/\/www.bzdz.pl\/technikum-mundurowe-aleksandrow\/wp-content\/uploads\/2023\/01\/327396448-1366630880838208-7851548871293650102-n-768x576.jpg 768w, https:\/\/www.bzdz.pl\/technikum-mundurowe-aleksandrow\/wp-content\/uploads\/2023\/01\/327396448-1366630880838208-7851548871293650102-n-1200x900.jpg 1200w\" sizes=\"auto, (max-width: 709px) 85vw, (max-width: 909px) 67vw, (max-width: 1362px) 62vw, 840px\" \/><\/p>\n<div class=\"x11i5rnm xat24cr x1mh8g0r x1vvkbs xdj266r x126k92a\">\n<div dir=\"auto\">W nocy z dnia 22 na 23 stycznia 1863 roku wybuch\u0142o Powstanie Styczniowe tym samym \u015bwi\u0119tujemy 160. rocznic\u0119 tego wydarzenia i wspominamy bohater\u00f3w zrywu niepodleg\u0142o\u015bciowego.<\/div>\n<\/div>\n<div class=\"x11i5rnm xat24cr x1mh8g0r x1vvkbs xtlvy1s x126k92a\">\n<div dir=\"auto\">Kadeci z klas I mundurowych w tym <a class=\"x1i10hfl xjbqb8w x6umtig x1b1mbwd xaqea5y xav7gou x9f619 x1ypdohk xt0psk2 xe8uvvx xdj266r x11i5rnm xat24cr x1mh8g0r xexx8yu x4uap5 x18d9i69 xkhd6sd x16tdsg8 x1hl2dhg xggy1nq x1a2a7pz xt0b8zv x1qq9wsj xo1l8bm\" tabindex=\"0\" role=\"link\" href=\"https:\/\/www.facebook.com\/hashtag\/opw?__eep__=6&amp;__cft__[0]=AZW8LNj1IV09OCJmG7oIBVIMIIt-_vOq-hvrQQRVAvpr_BAdRtKAHlOY905IzvyZFryAHGpkcerVTpKY08sapP2dFTmnccW0yQYY5qK5m80p0gNe7QyllsWaHz9REFROMNvJpZnFFvrrvC0XVkpS_djvQPHzIgWACi9wN3U_ZuW4AVm_2b_pmWt9pwt05Cpavoo&amp;__tn__=*NK-R\">#OPW<\/a> uczcili pami\u0119\u0107 Powsta\u0144c\u00f3w sk\u0142adaj\u0105c okoliczno\u015bciow\u0105 wi\u0105zank\u0119 na grobie W\u0142adys\u0142awa Koneckiego &#8211; Powsta\u0144ca Styczniowego spoczywaj\u0105cego na aleksandrowskim cmentarzu.<\/div>\n<\/div>\n<div class=\"x11i5rnm xat24cr x1mh8g0r x1vvkbs xtlvy1s x126k92a\">\n<div dir=\"auto\">Na zdj\u0119ciach:<\/div>\n<\/div>\n<div class=\"x11i5rnm xat24cr x1mh8g0r x1vvkbs xtlvy1s x126k92a\">\n<div dir=\"auto\">Natalia Mazur 1a<\/div>\n<div dir=\"auto\">Marcel Borucki 1a<\/div>\n<div dir=\"auto\">Martyna Urba\u0144ska 1b<\/div>\n<div dir=\"auto\">Kinga Lisi\u0144ska 1b<\/div>\n<div dir=\"auto\">Alicja W\u0105salska 1c\u00a0<\/div>\n<div dir=\"auto\">\n<\/div>\n<\/div>\n<div class=\"clr\"><\/div>\n<p><a href=\"https:\/\/www.bzdz.pl\/technikum-mundurowe-aleksandrow\/160-rocznica-powstania-styczniowego\/\" class=\"readmore\">Przeczytaj ca\u0142o\u015b\u0107<\/a><\/p>\n","protected":false},"author":5,"featured_media":0,"comment_status":"closed","ping_status":"closed","sticky":false,"template":"","format":"standard","meta":{"footnotes":""},"categories":[1],"tags":[],"class_list":["post-5827","post","type-post","status-publish","format-standard","hentry","category-aktualnosci"],"yoast_head":"<!-- This site is optimized with the Yoast SEO plugin v27.5 - https:\/\/yoast.com\/product\/yoast-seo-wordpress\/ -->\n<title>160. rocznica Powstania Styczniowego - Technikum Mundurowe Aleksandr\u00f3w Kujawski<\/title>\n<meta name=\"robots\" content=\"index, follow, max-snippet:-1, max-image-preview:large, max-video-preview:-1\" \/>\n<link rel=\"canonical\" href=\"https:\/\/www.bzdz.pl\/technikum-mundurowe-aleksandrow\/160-rocznica-powstania-styczniowego\/\" \/>\n<meta property=\"og:locale\" content=\"pl_PL\" \/>\n<meta property=\"og:type\" content=\"article\" \/>\n<meta property=\"og:title\" content=\"160. rocznica Powstania Styczniowego - Technikum Mundurowe Aleksandr\u00f3w Kujawski\" \/>\n<meta property=\"og:description\" content=\"W nocy z dnia 22 na 23 stycznia 1863 roku wybuch\u0142o Powstanie Styczniowe tym samym \u015bwi\u0119tujemy 160. rocznic\u0119 tego wydarzenia i wspominamy bohater\u00f3w zrywu niepodleg\u0142o\u015bciowego.  Kadeci z klas I mundurowych w tym #OPW uczcili pami\u0119\u0107 Powsta\u0144c\u00f3w sk\u0142adaj\u0105c okoliczno\u015bciow\u0105 wi\u0105zank\u0119 na grobie W\u0142adys\u0142awa Koneckiego &#8211; Powsta\u0144ca Styczniowego spoczywaj\u0105cego na aleksandrowskim cmentarzu.  Na zdj\u0119ciach:  Natalia Mazur 1a Marcel Borucki 1a Martyna Urba\u0144ska 1b Kinga Lisi\u0144ska 1b Alicja W\u0105salska 1c\u00a0  Przeczytaj ca\u0142o\u015b\u0107\" \/>\n<meta property=\"og:url\" content=\"https:\/\/www.bzdz.pl\/technikum-mundurowe-aleksandrow\/160-rocznica-powstania-styczniowego\/\" \/>\n<meta property=\"og:site_name\" content=\"Technikum Mundurowe Aleksandr\u00f3w Kujawski\" \/>\n<meta property=\"article:published_time\" content=\"2023-01-23T11:44:56+00:00\" \/>\n<meta property=\"article:modified_time\" content=\"2023-01-26T11:46:58+00:00\" \/>\n<meta property=\"og:image\" content=\"https:\/\/www.bzdz.pl\/technikum-mundurowe-aleksandrow\/wp-content\/uploads\/2023\/01\/326740830-541368934625069-133197394432029707-n-150x150.jpg\" \/>\n<meta name=\"author\" content=\"Mariusz Fia\u0142kowski\" \/>\n<meta name=\"twitter:card\" content=\"summary_large_image\" \/>\n<meta name=\"twitter:label1\" content=\"Napisane przez\" \/>\n\t<meta name=\"twitter:data1\" content=\"Mariusz Fia\u0142kowski\" \/>\n\t<meta name=\"twitter:label2\" content=\"Szacowany czas czytania\" \/>\n\t<meta name=\"twitter:data2\" content=\"1 minuta\" \/>\n<script type=\"application\/ld+json\" class=\"yoast-schema-graph\">{\"@context\":\"https:\\\/\\\/schema.org\",\"@graph\":[{\"@type\":\"Article\",\"@id\":\"https:\\\/\\\/www.bzdz.pl\\\/technikum-mundurowe-aleksandrow\\\/160-rocznica-powstania-styczniowego\\\/#article\",\"isPartOf\":{\"@id\":\"https:\\\/\\\/www.bzdz.pl\\\/technikum-mundurowe-aleksandrow\\\/160-rocznica-powstania-styczniowego\\\/\"},\"author\":{\"name\":\"Mariusz Fia\u0142kowski\",\"@id\":\"https:\\\/\\\/www.bzdz.pl\\\/technikum-mundurowe-aleksandrow\\\/#\\\/schema\\\/person\\\/2b221b7fe104fe7f1641aefbef50a33b\"},\"headline\":\"160. rocznica Powstania Styczniowego\",\"datePublished\":\"2023-01-23T11:44:56+00:00\",\"dateModified\":\"2023-01-26T11:46:58+00:00\",\"mainEntityOfPage\":{\"@id\":\"https:\\\/\\\/www.bzdz.pl\\\/technikum-mundurowe-aleksandrow\\\/160-rocznica-powstania-styczniowego\\\/\"},\"wordCount\":87,\"image\":{\"@id\":\"https:\\\/\\\/www.bzdz.pl\\\/technikum-mundurowe-aleksandrow\\\/160-rocznica-powstania-styczniowego\\\/#primaryimage\"},\"thumbnailUrl\":\"https:\\\/\\\/www.bzdz.pl\\\/technikum-mundurowe-aleksandrow\\\/wp-content\\\/uploads\\\/2023\\\/01\\\/327454521-1139620083415502-5478894659056305072-n.jpg\",\"articleSection\":[\"Aktualno\u015bci\"],\"inLanguage\":\"pl-PL\"},{\"@type\":\"WebPage\",\"@id\":\"https:\\\/\\\/www.bzdz.pl\\\/technikum-mundurowe-aleksandrow\\\/160-rocznica-powstania-styczniowego\\\/\",\"url\":\"https:\\\/\\\/www.bzdz.pl\\\/technikum-mundurowe-aleksandrow\\\/160-rocznica-powstania-styczniowego\\\/\",\"name\":\"160. rocznica Powstania Styczniowego - Technikum Mundurowe Aleksandr\u00f3w Kujawski\",\"isPartOf\":{\"@id\":\"https:\\\/\\\/www.bzdz.pl\\\/technikum-mundurowe-aleksandrow\\\/#website\"},\"primaryImageOfPage\":{\"@id\":\"https:\\\/\\\/www.bzdz.pl\\\/technikum-mundurowe-aleksandrow\\\/160-rocznica-powstania-styczniowego\\\/#primaryimage\"},\"image\":{\"@id\":\"https:\\\/\\\/www.bzdz.pl\\\/technikum-mundurowe-aleksandrow\\\/160-rocznica-powstania-styczniowego\\\/#primaryimage\"},\"thumbnailUrl\":\"https:\\\/\\\/www.bzdz.pl\\\/technikum-mundurowe-aleksandrow\\\/wp-content\\\/uploads\\\/2023\\\/01\\\/327454521-1139620083415502-5478894659056305072-n.jpg\",\"datePublished\":\"2023-01-23T11:44:56+00:00\",\"dateModified\":\"2023-01-26T11:46:58+00:00\",\"author\":{\"@id\":\"https:\\\/\\\/www.bzdz.pl\\\/technikum-mundurowe-aleksandrow\\\/#\\\/schema\\\/person\\\/2b221b7fe104fe7f1641aefbef50a33b\"},\"breadcrumb\":{\"@id\":\"https:\\\/\\\/www.bzdz.pl\\\/technikum-mundurowe-aleksandrow\\\/160-rocznica-powstania-styczniowego\\\/#breadcrumb\"},\"inLanguage\":\"pl-PL\",\"potentialAction\":[{\"@type\":\"ReadAction\",\"target\":[\"https:\\\/\\\/www.bzdz.pl\\\/technikum-mundurowe-aleksandrow\\\/160-rocznica-powstania-styczniowego\\\/\"]}]},{\"@type\":\"ImageObject\",\"inLanguage\":\"pl-PL\",\"@id\":\"https:\\\/\\\/www.bzdz.pl\\\/technikum-mundurowe-aleksandrow\\\/160-rocznica-powstania-styczniowego\\\/#primaryimage\",\"url\":\"https:\\\/\\\/www.bzdz.pl\\\/technikum-mundurowe-aleksandrow\\\/wp-content\\\/uploads\\\/2023\\\/01\\\/327454521-1139620083415502-5478894659056305072-n.jpg\",\"contentUrl\":\"https:\\\/\\\/www.bzdz.pl\\\/technikum-mundurowe-aleksandrow\\\/wp-content\\\/uploads\\\/2023\\\/01\\\/327454521-1139620083415502-5478894659056305072-n.jpg\",\"width\":450,\"height\":950},{\"@type\":\"BreadcrumbList\",\"@id\":\"https:\\\/\\\/www.bzdz.pl\\\/technikum-mundurowe-aleksandrow\\\/160-rocznica-powstania-styczniowego\\\/#breadcrumb\",\"itemListElement\":[{\"@type\":\"ListItem\",\"position\":1,\"name\":\"Strona g\u0142\u00f3wna\",\"item\":\"https:\\\/\\\/www.bzdz.pl\\\/technikum-mundurowe-aleksandrow\\\/\"},{\"@type\":\"ListItem\",\"position\":2,\"name\":\"160. rocznica Powstania Styczniowego\"}]},{\"@type\":\"WebSite\",\"@id\":\"https:\\\/\\\/www.bzdz.pl\\\/technikum-mundurowe-aleksandrow\\\/#website\",\"url\":\"https:\\\/\\\/www.bzdz.pl\\\/technikum-mundurowe-aleksandrow\\\/\",\"name\":\"Technikum Mundurowe Aleksandr\u00f3w Kujawski\",\"description\":\"\",\"potentialAction\":[{\"@type\":\"SearchAction\",\"target\":{\"@type\":\"EntryPoint\",\"urlTemplate\":\"https:\\\/\\\/www.bzdz.pl\\\/technikum-mundurowe-aleksandrow\\\/?s={search_term_string}\"},\"query-input\":{\"@type\":\"PropertyValueSpecification\",\"valueRequired\":true,\"valueName\":\"search_term_string\"}}],\"inLanguage\":\"pl-PL\"},{\"@type\":\"Person\",\"@id\":\"https:\\\/\\\/www.bzdz.pl\\\/technikum-mundurowe-aleksandrow\\\/#\\\/schema\\\/person\\\/2b221b7fe104fe7f1641aefbef50a33b\",\"name\":\"Mariusz Fia\u0142kowski\",\"image\":{\"@type\":\"ImageObject\",\"inLanguage\":\"pl-PL\",\"@id\":\"https:\\\/\\\/secure.gravatar.com\\\/avatar\\\/ffb18ebee0800728125ac87149404d1471fe4546d01a4e8357338a9f4d9dc328?s=96&d=mm&r=g\",\"url\":\"https:\\\/\\\/secure.gravatar.com\\\/avatar\\\/ffb18ebee0800728125ac87149404d1471fe4546d01a4e8357338a9f4d9dc328?s=96&d=mm&r=g\",\"contentUrl\":\"https:\\\/\\\/secure.gravatar.com\\\/avatar\\\/ffb18ebee0800728125ac87149404d1471fe4546d01a4e8357338a9f4d9dc328?s=96&d=mm&r=g\",\"caption\":\"Mariusz Fia\u0142kowski\"}}]}<\/script>\n<!-- \/ Yoast SEO plugin. -->","yoast_head_json":{"title":"160. rocznica Powstania Styczniowego - Technikum Mundurowe Aleksandr\u00f3w Kujawski","robots":{"index":"index","follow":"follow","max-snippet":"max-snippet:-1","max-image-preview":"max-image-preview:large","max-video-preview":"max-video-preview:-1"},"canonical":"https:\/\/www.bzdz.pl\/technikum-mundurowe-aleksandrow\/160-rocznica-powstania-styczniowego\/","og_locale":"pl_PL","og_type":"article","og_title":"160. rocznica Powstania Styczniowego - Technikum Mundurowe Aleksandr\u00f3w Kujawski","og_description":"W nocy z dnia 22 na 23 stycznia 1863 roku wybuch\u0142o Powstanie Styczniowe tym samym \u015bwi\u0119tujemy 160. rocznic\u0119 tego wydarzenia i wspominamy bohater\u00f3w zrywu niepodleg\u0142o\u015bciowego.  Kadeci z klas I mundurowych w tym #OPW uczcili pami\u0119\u0107 Powsta\u0144c\u00f3w sk\u0142adaj\u0105c okoliczno\u015bciow\u0105 wi\u0105zank\u0119 na grobie W\u0142adys\u0142awa Koneckiego &#8211; Powsta\u0144ca Styczniowego spoczywaj\u0105cego na aleksandrowskim cmentarzu.  Na zdj\u0119ciach:  Natalia Mazur 1a Marcel Borucki 1a Martyna Urba\u0144ska 1b Kinga Lisi\u0144ska 1b Alicja W\u0105salska 1c\u00a0  Przeczytaj ca\u0142o\u015b\u0107","og_url":"https:\/\/www.bzdz.pl\/technikum-mundurowe-aleksandrow\/160-rocznica-powstania-styczniowego\/","og_site_name":"Technikum Mundurowe Aleksandr\u00f3w Kujawski","article_published_time":"2023-01-23T11:44:56+00:00","article_modified_time":"2023-01-26T11:46:58+00:00","og_image":[{"url":"https:\/\/www.bzdz.pl\/technikum-mundurowe-aleksandrow\/wp-content\/uploads\/2023\/01\/326740830-541368934625069-133197394432029707-n-150x150.jpg","type":"","width":"","height":""}],"author":"Mariusz Fia\u0142kowski","twitter_card":"summary_large_image","twitter_misc":{"Napisane przez":"Mariusz Fia\u0142kowski","Szacowany czas czytania":"1 minuta"},"schema":{"@context":"https:\/\/schema.org","@graph":[{"@type":"Article","@id":"https:\/\/www.bzdz.pl\/technikum-mundurowe-aleksandrow\/160-rocznica-powstania-styczniowego\/#article","isPartOf":{"@id":"https:\/\/www.bzdz.pl\/technikum-mundurowe-aleksandrow\/160-rocznica-powstania-styczniowego\/"},"author":{"name":"Mariusz Fia\u0142kowski","@id":"https:\/\/www.bzdz.pl\/technikum-mundurowe-aleksandrow\/#\/schema\/person\/2b221b7fe104fe7f1641aefbef50a33b"},"headline":"160. rocznica Powstania Styczniowego","datePublished":"2023-01-23T11:44:56+00:00","dateModified":"2023-01-26T11:46:58+00:00","mainEntityOfPage":{"@id":"https:\/\/www.bzdz.pl\/technikum-mundurowe-aleksandrow\/160-rocznica-powstania-styczniowego\/"},"wordCount":87,"image":{"@id":"https:\/\/www.bzdz.pl\/technikum-mundurowe-aleksandrow\/160-rocznica-powstania-styczniowego\/#primaryimage"},"thumbnailUrl":"https:\/\/www.bzdz.pl\/technikum-mundurowe-aleksandrow\/wp-content\/uploads\/2023\/01\/327454521-1139620083415502-5478894659056305072-n.jpg","articleSection":["Aktualno\u015bci"],"inLanguage":"pl-PL"},{"@type":"WebPage","@id":"https:\/\/www.bzdz.pl\/technikum-mundurowe-aleksandrow\/160-rocznica-powstania-styczniowego\/","url":"https:\/\/www.bzdz.pl\/technikum-mundurowe-aleksandrow\/160-rocznica-powstania-styczniowego\/","name":"160. rocznica Powstania Styczniowego - Technikum Mundurowe Aleksandr\u00f3w Kujawski","isPartOf":{"@id":"https:\/\/www.bzdz.pl\/technikum-mundurowe-aleksandrow\/#website"},"primaryImageOfPage":{"@id":"https:\/\/www.bzdz.pl\/technikum-mundurowe-aleksandrow\/160-rocznica-powstania-styczniowego\/#primaryimage"},"image":{"@id":"https:\/\/www.bzdz.pl\/technikum-mundurowe-aleksandrow\/160-rocznica-powstania-styczniowego\/#primaryimage"},"thumbnailUrl":"https:\/\/www.bzdz.pl\/technikum-mundurowe-aleksandrow\/wp-content\/uploads\/2023\/01\/327454521-1139620083415502-5478894659056305072-n.jpg","datePublished":"2023-01-23T11:44:56+00:00","dateModified":"2023-01-26T11:46:58+00:00","author":{"@id":"https:\/\/www.bzdz.pl\/technikum-mundurowe-aleksandrow\/#\/schema\/person\/2b221b7fe104fe7f1641aefbef50a33b"},"breadcrumb":{"@id":"https:\/\/www.bzdz.pl\/technikum-mundurowe-aleksandrow\/160-rocznica-powstania-styczniowego\/#breadcrumb"},"inLanguage":"pl-PL","potentialAction":[{"@type":"ReadAction","target":["https:\/\/www.bzdz.pl\/technikum-mundurowe-aleksandrow\/160-rocznica-powstania-styczniowego\/"]}]},{"@type":"ImageObject","inLanguage":"pl-PL","@id":"https:\/\/www.bzdz.pl\/technikum-mundurowe-aleksandrow\/160-rocznica-powstania-styczniowego\/#primaryimage","url":"https:\/\/www.bzdz.pl\/technikum-mundurowe-aleksandrow\/wp-content\/uploads\/2023\/01\/327454521-1139620083415502-5478894659056305072-n.jpg","contentUrl":"https:\/\/www.bzdz.pl\/technikum-mundurowe-aleksandrow\/wp-content\/uploads\/2023\/01\/327454521-1139620083415502-5478894659056305072-n.jpg","width":450,"height":950},{"@type":"BreadcrumbList","@id":"https:\/\/www.bzdz.pl\/technikum-mundurowe-aleksandrow\/160-rocznica-powstania-styczniowego\/#breadcrumb","itemListElement":[{"@type":"ListItem","position":1,"name":"Strona g\u0142\u00f3wna","item":"https:\/\/www.bzdz.pl\/technikum-mundurowe-aleksandrow\/"},{"@type":"ListItem","position":2,"name":"160. rocznica Powstania Styczniowego"}]},{"@type":"WebSite","@id":"https:\/\/www.bzdz.pl\/technikum-mundurowe-aleksandrow\/#website","url":"https:\/\/www.bzdz.pl\/technikum-mundurowe-aleksandrow\/","name":"Technikum Mundurowe Aleksandr\u00f3w Kujawski","description":"","potentialAction":[{"@type":"SearchAction","target":{"@type":"EntryPoint","urlTemplate":"https:\/\/www.bzdz.pl\/technikum-mundurowe-aleksandrow\/?s={search_term_string}"},"query-input":{"@type":"PropertyValueSpecification","valueRequired":true,"valueName":"search_term_string"}}],"inLanguage":"pl-PL"},{"@type":"Person","@id":"https:\/\/www.bzdz.pl\/technikum-mundurowe-aleksandrow\/#\/schema\/person\/2b221b7fe104fe7f1641aefbef50a33b","name":"Mariusz Fia\u0142kowski","image":{"@type":"ImageObject","inLanguage":"pl-PL","@id":"https:\/\/secure.gravatar.com\/avatar\/ffb18ebee0800728125ac87149404d1471fe4546d01a4e8357338a9f4d9dc328?s=96&d=mm&r=g","url":"https:\/\/secure.gravatar.com\/avatar\/ffb18ebee0800728125ac87149404d1471fe4546d01a4e8357338a9f4d9dc328?s=96&d=mm&r=g","contentUrl":"https:\/\/secure.gravatar.com\/avatar\/ffb18ebee0800728125ac87149404d1471fe4546d01a4e8357338a9f4d9dc328?s=96&d=mm&r=g","caption":"Mariusz Fia\u0142kowski"}}]}},"_links":{"self":[{"href":"https:\/\/www.bzdz.pl\/technikum-mundurowe-aleksandrow\/wp-json\/wp\/v2\/posts\/5827","targetHints":{"allow":["GET"]}}],"collection":[{"href":"https:\/\/www.bzdz.pl\/technikum-mundurowe-aleksandrow\/wp-json\/wp\/v2\/posts"}],"about":[{"href":"https:\/\/www.bzdz.pl\/technikum-mundurowe-aleksandrow\/wp-json\/wp\/v2\/types\/post"}],"author":[{"embeddable":true,"href":"https:\/\/www.bzdz.pl\/technikum-mundurowe-aleksandrow\/wp-json\/wp\/v2\/users\/5"}],"replies":[{"embeddable":true,"href":"https:\/\/www.bzdz.pl\/technikum-mundurowe-aleksandrow\/wp-json\/wp\/v2\/comments?post=5827"}],"version-history":[{"count":1,"href":"https:\/\/www.bzdz.pl\/technikum-mundurowe-aleksandrow\/wp-json\/wp\/v2\/posts\/5827\/revisions"}],"predecessor-version":[{"id":5835,"href":"https:\/\/www.bzdz.pl\/technikum-mundurowe-aleksandrow\/wp-json\/wp\/v2\/posts\/5827\/revisions\/5835"}],"wp:attachment":[{"href":"https:\/\/www.bzdz.pl\/technikum-mundurowe-aleksandrow\/wp-json\/wp\/v2\/media?parent=5827"}],"wp:term":[{"taxonomy":"category","embeddable":true,"href":"https:\/\/www.bzdz.pl\/technikum-mundurowe-aleksandrow\/wp-json\/wp\/v2\/categories?post=5827"},{"taxonomy":"post_tag","embeddable":true,"href":"https:\/\/www.bzdz.pl\/technikum-mundurowe-aleksandrow\/wp-json\/wp\/v2\/tags?post=5827"}],"curies":[{"name":"wp","href":"https:\/\/api.w.org\/{rel}","templated":true}]}}