{"id":5781,"date":"2023-01-20T17:05:17","date_gmt":"2023-01-20T16:05:17","guid":{"rendered":"https:\/\/www.bzdz.pl\/technikum-mundurowe-aleksandrow\/?p=5781"},"modified":"2023-01-20T17:05:17","modified_gmt":"2023-01-20T16:05:17","slug":"dzien-babci-i-dzien-dziadka","status":"publish","type":"post","link":"https:\/\/www.bzdz.pl\/technikum-mundurowe-aleksandrow\/dzien-babci-i-dzien-dziadka\/","title":{"rendered":"Dzie\u0144 Babci i Dzie\u0144 Dziadka"},"content":{"rendered":"<p><img loading=\"lazy\" decoding=\"async\" class=\"alignnone size-full wp-image-5782\" src=\"https:\/\/www.bzdz.pl\/technikum-mundurowe-aleksandrow\/wp-content\/uploads\/2023\/01\/326065959-456273370054090-7385996611805350868-n.jpg\" alt=\"\" width=\"1500\" height=\"844\" srcset=\"https:\/\/www.bzdz.pl\/technikum-mundurowe-aleksandrow\/wp-content\/uploads\/2023\/01\/326065959-456273370054090-7385996611805350868-n.jpg 1500w, https:\/\/www.bzdz.pl\/technikum-mundurowe-aleksandrow\/wp-content\/uploads\/2023\/01\/326065959-456273370054090-7385996611805350868-n-300x169.jpg 300w, https:\/\/www.bzdz.pl\/technikum-mundurowe-aleksandrow\/wp-content\/uploads\/2023\/01\/326065959-456273370054090-7385996611805350868-n-1024x576.jpg 1024w, https:\/\/www.bzdz.pl\/technikum-mundurowe-aleksandrow\/wp-content\/uploads\/2023\/01\/326065959-456273370054090-7385996611805350868-n-768x432.jpg 768w, https:\/\/www.bzdz.pl\/technikum-mundurowe-aleksandrow\/wp-content\/uploads\/2023\/01\/326065959-456273370054090-7385996611805350868-n-1200x675.jpg 1200w\" sizes=\"auto, (max-width: 709px) 85vw, (max-width: 909px) 67vw, (max-width: 1362px) 62vw, 840px\" \/><\/p>\n<div class=\"x11i5rnm xat24cr x1mh8g0r x1vvkbs xdj266r x126k92a\">\n<div dir=\"auto\">Dzie\u0144 Babci i Dzie\u0144 Dziadka <span class=\"x3nfvp2 x1j61x8r x1fcty0u xdj266r xhhsvwb xat24cr xgzva0m xxymvpz xlup9mm x1kky2od\"><img loading=\"lazy\" decoding=\"async\" src=\"https:\/\/static.xx.fbcdn.net\/images\/emoji.php\/v9\/tbe\/1.5\/16\/1f475_1f3fb.png\" alt=\"\ud83d\udc75\ud83c\udffb\" width=\"16\" height=\"16\" \/><\/span><span class=\"x3nfvp2 x1j61x8r x1fcty0u xdj266r xhhsvwb xat24cr xgzva0m xxymvpz xlup9mm x1kky2od\"><img loading=\"lazy\" decoding=\"async\" src=\"https:\/\/static.xx.fbcdn.net\/images\/emoji.php\/v9\/t74\/1.5\/16\/1f9d3_1f3fb.png\" alt=\"\ud83e\uddd3\ud83c\udffb\" width=\"16\" height=\"16\" \/><\/span><\/div>\n<\/div>\n<div class=\"x11i5rnm xat24cr x1mh8g0r x1vvkbs xtlvy1s x126k92a\">\n<div dir=\"auto\">Uwielbiamy naszych Senior\u00f3w i w tym dniu ZWYCZAJNIE NIE MOG\u0141O ZABRAKN\u0104\u0106 \u017bYCZE\u0143 OD NAS <span class=\"x3nfvp2 x1j61x8r x1fcty0u xdj266r xhhsvwb xat24cr xgzva0m xxymvpz xlup9mm x1kky2od\"><img loading=\"lazy\" decoding=\"async\" src=\"https:\/\/static.xx.fbcdn.net\/images\/emoji.php\/v9\/tf3\/1.5\/16\/2764.png\" alt=\"\u2764\ufe0f\" width=\"16\" height=\"16\" \/><\/span><span class=\"x3nfvp2 x1j61x8r x1fcty0u xdj266r xhhsvwb xat24cr xgzva0m xxymvpz xlup9mm x1kky2od\"><img loading=\"lazy\" decoding=\"async\" src=\"https:\/\/static.xx.fbcdn.net\/images\/emoji.php\/v9\/tfe\/1.5\/16\/203c.png\" alt=\"\u203c\ufe0f\" width=\"16\" height=\"16\" \/><\/span><\/div>\n<\/div>\n<div class=\"x11i5rnm xat24cr x1mh8g0r x1vvkbs xtlvy1s x126k92a\">\n<div dir=\"auto\">Jeste\u015bcie Pa\u0144stwo WSPANIALI !<\/div>\n<div dir=\"auto\">\u2014\u2014<\/div>\n<div dir=\"auto\">20.01.2023 r. Przedstawiciele Samorz\u0105du Uczniowskiego wraz z opiekunem &#8211; Pani\u0105 Ma\u0142gorzat\u0105 Juchniewicz sk\u0142adaj\u0105c \u017cyczenia z okazji \u015awi\u0119ta Bab\u0107 i Dziadk\u00f3w odwiedzili Dzienny Dom Pobytu w Aleksandrowie Kujawskim.<\/div>\n<\/div>\n","protected":false},"excerpt":{"rendered":"<p><img loading=\"lazy\" decoding=\"async\" class=\"alignnone size-full wp-image-5782\" src=\"https:\/\/www.bzdz.pl\/technikum-mundurowe-aleksandrow\/wp-content\/uploads\/2023\/01\/326065959-456273370054090-7385996611805350868-n.jpg\" alt=\"\" width=\"1500\" height=\"844\" srcset=\"https:\/\/www.bzdz.pl\/technikum-mundurowe-aleksandrow\/wp-content\/uploads\/2023\/01\/326065959-456273370054090-7385996611805350868-n.jpg 1500w, https:\/\/www.bzdz.pl\/technikum-mundurowe-aleksandrow\/wp-content\/uploads\/2023\/01\/326065959-456273370054090-7385996611805350868-n-300x169.jpg 300w, https:\/\/www.bzdz.pl\/technikum-mundurowe-aleksandrow\/wp-content\/uploads\/2023\/01\/326065959-456273370054090-7385996611805350868-n-1024x576.jpg 1024w, https:\/\/www.bzdz.pl\/technikum-mundurowe-aleksandrow\/wp-content\/uploads\/2023\/01\/326065959-456273370054090-7385996611805350868-n-768x432.jpg 768w, https:\/\/www.bzdz.pl\/technikum-mundurowe-aleksandrow\/wp-content\/uploads\/2023\/01\/326065959-456273370054090-7385996611805350868-n-1200x675.jpg 1200w\" sizes=\"auto, (max-width: 709px) 85vw, (max-width: 909px) 67vw, (max-width: 1362px) 62vw, 840px\" \/><\/p>\n<div class=\"x11i5rnm xat24cr x1mh8g0r x1vvkbs xdj266r x126k92a\">\n<div dir=\"auto\">Dzie\u0144 Babci i Dzie\u0144 Dziadka <img loading=\"lazy\" decoding=\"async\" src=\"https:\/\/static.xx.fbcdn.net\/images\/emoji.php\/v9\/tbe\/1.5\/16\/1f475_1f3fb.png\" alt=\"\ud83d\udc75\ud83c\udffb\" width=\"16\" height=\"16\" \/><img loading=\"lazy\" decoding=\"async\" src=\"https:\/\/static.xx.fbcdn.net\/images\/emoji.php\/v9\/t74\/1.5\/16\/1f9d3_1f3fb.png\" alt=\"\ud83e\uddd3\ud83c\udffb\" width=\"16\" height=\"16\" \/><\/div>\n<\/div>\n<div class=\"x11i5rnm xat24cr x1mh8g0r x1vvkbs xtlvy1s x126k92a\">\n<div dir=\"auto\">Uwielbiamy naszych Senior\u00f3w i w tym dniu ZWYCZAJNIE NIE MOG\u0141O ZABRAKN\u0104\u0106 \u017bYCZE\u0143 OD NAS <img loading=\"lazy\" decoding=\"async\" src=\"https:\/\/static.xx.fbcdn.net\/images\/emoji.php\/v9\/tf3\/1.5\/16\/2764.png\" alt=\"\u2764\ufe0f\" width=\"16\" height=\"16\" \/><img loading=\"lazy\" decoding=\"async\" src=\"https:\/\/static.xx.fbcdn.net\/images\/emoji.php\/v9\/tfe\/1.5\/16\/203c.png\" alt=\"\u203c\ufe0f\" width=\"16\" height=\"16\" \/><\/div>\n<\/div>\n<div class=\"x11i5rnm xat24cr x1mh8g0r x1vvkbs xtlvy1s x126k92a\">\n<div dir=\"auto\">Jeste\u015bcie Pa\u0144stwo WSPANIALI !<\/div>\n<div dir=\"auto\">\u2014\u2014<\/div>\n<div dir=\"auto\">20.01.2023 r. Przedstawiciele Samorz\u0105du Uczniowskiego wraz z opiekunem &#8211; Pani\u0105 Ma\u0142gorzat\u0105 Juchniewicz sk\u0142adaj\u0105c \u017cyczenia z okazji \u015awi\u0119ta Bab\u0107 i Dziadk\u00f3w odwiedzili Dzienny Dom Pobytu w Aleksandrowie Kujawskim.<\/div>\n<\/div>\n<div class=\"clr\"><\/div>\n<p><a href=\"https:\/\/www.bzdz.pl\/technikum-mundurowe-aleksandrow\/dzien-babci-i-dzien-dziadka\/\" class=\"readmore\">Przeczytaj ca\u0142o\u015b\u0107<\/a><\/p>\n","protected":false},"author":5,"featured_media":0,"comment_status":"closed","ping_status":"closed","sticky":false,"template":"","format":"standard","meta":{"footnotes":""},"categories":[1],"tags":[],"class_list":["post-5781","post","type-post","status-publish","format-standard","hentry","category-aktualnosci"],"yoast_head":"<!-- This site is optimized with the Yoast SEO plugin v27.5 - https:\/\/yoast.com\/product\/yoast-seo-wordpress\/ -->\n<title>Dzie\u0144 Babci i Dzie\u0144 Dziadka - Technikum Mundurowe Aleksandr\u00f3w Kujawski<\/title>\n<meta name=\"robots\" content=\"index, follow, max-snippet:-1, max-image-preview:large, max-video-preview:-1\" \/>\n<link rel=\"canonical\" href=\"https:\/\/www.bzdz.pl\/technikum-mundurowe-aleksandrow\/dzien-babci-i-dzien-dziadka\/\" \/>\n<meta property=\"og:locale\" content=\"pl_PL\" \/>\n<meta property=\"og:type\" content=\"article\" \/>\n<meta property=\"og:title\" content=\"Dzie\u0144 Babci i Dzie\u0144 Dziadka - Technikum Mundurowe Aleksandr\u00f3w Kujawski\" \/>\n<meta property=\"og:description\" content=\"Dzie\u0144 Babci i Dzie\u0144 Dziadka  Uwielbiamy naszych Senior\u00f3w i w tym dniu ZWYCZAJNIE NIE MOG\u0141O ZABRAKN\u0104\u0106 \u017bYCZE\u0143 OD NAS  Jeste\u015bcie Pa\u0144stwo WSPANIALI ! \u2014\u2014 20.01.2023 r. Przedstawiciele Samorz\u0105du Uczniowskiego wraz z opiekunem &#8211; Pani\u0105 Ma\u0142gorzat\u0105 Juchniewicz sk\u0142adaj\u0105c \u017cyczenia z okazji \u015awi\u0119ta Bab\u0107 i Dziadk\u00f3w odwiedzili Dzienny Dom Pobytu w Aleksandrowie Kujawskim. Przeczytaj ca\u0142o\u015b\u0107\" \/>\n<meta property=\"og:url\" content=\"https:\/\/www.bzdz.pl\/technikum-mundurowe-aleksandrow\/dzien-babci-i-dzien-dziadka\/\" \/>\n<meta property=\"og:site_name\" content=\"Technikum Mundurowe Aleksandr\u00f3w Kujawski\" \/>\n<meta property=\"article:published_time\" content=\"2023-01-20T16:05:17+00:00\" \/>\n<meta property=\"og:image\" content=\"https:\/\/www.bzdz.pl\/technikum-mundurowe-aleksandrow\/wp-content\/uploads\/2023\/01\/326065959-456273370054090-7385996611805350868-n.jpg\" \/>\n<meta name=\"author\" content=\"Mariusz Fia\u0142kowski\" \/>\n<meta name=\"twitter:card\" content=\"summary_large_image\" \/>\n<meta name=\"twitter:label1\" content=\"Napisane przez\" \/>\n\t<meta name=\"twitter:data1\" content=\"Mariusz Fia\u0142kowski\" \/>\n\t<meta name=\"twitter:label2\" content=\"Szacowany czas czytania\" \/>\n\t<meta name=\"twitter:data2\" content=\"2 minuty\" \/>\n<script type=\"application\/ld+json\" class=\"yoast-schema-graph\">{\"@context\":\"https:\\\/\\\/schema.org\",\"@graph\":[{\"@type\":\"Article\",\"@id\":\"https:\\\/\\\/www.bzdz.pl\\\/technikum-mundurowe-aleksandrow\\\/dzien-babci-i-dzien-dziadka\\\/#article\",\"isPartOf\":{\"@id\":\"https:\\\/\\\/www.bzdz.pl\\\/technikum-mundurowe-aleksandrow\\\/dzien-babci-i-dzien-dziadka\\\/\"},\"author\":{\"name\":\"Mariusz Fia\u0142kowski\",\"@id\":\"https:\\\/\\\/www.bzdz.pl\\\/technikum-mundurowe-aleksandrow\\\/#\\\/schema\\\/person\\\/2b221b7fe104fe7f1641aefbef50a33b\"},\"headline\":\"Dzie\u0144 Babci i Dzie\u0144 Dziadka\",\"datePublished\":\"2023-01-20T16:05:17+00:00\",\"mainEntityOfPage\":{\"@id\":\"https:\\\/\\\/www.bzdz.pl\\\/technikum-mundurowe-aleksandrow\\\/dzien-babci-i-dzien-dziadka\\\/\"},\"wordCount\":63,\"image\":{\"@id\":\"https:\\\/\\\/www.bzdz.pl\\\/technikum-mundurowe-aleksandrow\\\/dzien-babci-i-dzien-dziadka\\\/#primaryimage\"},\"thumbnailUrl\":\"https:\\\/\\\/www.bzdz.pl\\\/technikum-mundurowe-aleksandrow\\\/wp-content\\\/uploads\\\/2023\\\/01\\\/326065959-456273370054090-7385996611805350868-n.jpg\",\"articleSection\":[\"Aktualno\u015bci\"],\"inLanguage\":\"pl-PL\"},{\"@type\":\"WebPage\",\"@id\":\"https:\\\/\\\/www.bzdz.pl\\\/technikum-mundurowe-aleksandrow\\\/dzien-babci-i-dzien-dziadka\\\/\",\"url\":\"https:\\\/\\\/www.bzdz.pl\\\/technikum-mundurowe-aleksandrow\\\/dzien-babci-i-dzien-dziadka\\\/\",\"name\":\"Dzie\u0144 Babci i Dzie\u0144 Dziadka - Technikum Mundurowe Aleksandr\u00f3w Kujawski\",\"isPartOf\":{\"@id\":\"https:\\\/\\\/www.bzdz.pl\\\/technikum-mundurowe-aleksandrow\\\/#website\"},\"primaryImageOfPage\":{\"@id\":\"https:\\\/\\\/www.bzdz.pl\\\/technikum-mundurowe-aleksandrow\\\/dzien-babci-i-dzien-dziadka\\\/#primaryimage\"},\"image\":{\"@id\":\"https:\\\/\\\/www.bzdz.pl\\\/technikum-mundurowe-aleksandrow\\\/dzien-babci-i-dzien-dziadka\\\/#primaryimage\"},\"thumbnailUrl\":\"https:\\\/\\\/www.bzdz.pl\\\/technikum-mundurowe-aleksandrow\\\/wp-content\\\/uploads\\\/2023\\\/01\\\/326065959-456273370054090-7385996611805350868-n.jpg\",\"datePublished\":\"2023-01-20T16:05:17+00:00\",\"author\":{\"@id\":\"https:\\\/\\\/www.bzdz.pl\\\/technikum-mundurowe-aleksandrow\\\/#\\\/schema\\\/person\\\/2b221b7fe104fe7f1641aefbef50a33b\"},\"breadcrumb\":{\"@id\":\"https:\\\/\\\/www.bzdz.pl\\\/technikum-mundurowe-aleksandrow\\\/dzien-babci-i-dzien-dziadka\\\/#breadcrumb\"},\"inLanguage\":\"pl-PL\",\"potentialAction\":[{\"@type\":\"ReadAction\",\"target\":[\"https:\\\/\\\/www.bzdz.pl\\\/technikum-mundurowe-aleksandrow\\\/dzien-babci-i-dzien-dziadka\\\/\"]}]},{\"@type\":\"ImageObject\",\"inLanguage\":\"pl-PL\",\"@id\":\"https:\\\/\\\/www.bzdz.pl\\\/technikum-mundurowe-aleksandrow\\\/dzien-babci-i-dzien-dziadka\\\/#primaryimage\",\"url\":\"https:\\\/\\\/www.bzdz.pl\\\/technikum-mundurowe-aleksandrow\\\/wp-content\\\/uploads\\\/2023\\\/01\\\/326065959-456273370054090-7385996611805350868-n.jpg\",\"contentUrl\":\"https:\\\/\\\/www.bzdz.pl\\\/technikum-mundurowe-aleksandrow\\\/wp-content\\\/uploads\\\/2023\\\/01\\\/326065959-456273370054090-7385996611805350868-n.jpg\",\"width\":1500,\"height\":844},{\"@type\":\"BreadcrumbList\",\"@id\":\"https:\\\/\\\/www.bzdz.pl\\\/technikum-mundurowe-aleksandrow\\\/dzien-babci-i-dzien-dziadka\\\/#breadcrumb\",\"itemListElement\":[{\"@type\":\"ListItem\",\"position\":1,\"name\":\"Strona g\u0142\u00f3wna\",\"item\":\"https:\\\/\\\/www.bzdz.pl\\\/technikum-mundurowe-aleksandrow\\\/\"},{\"@type\":\"ListItem\",\"position\":2,\"name\":\"Dzie\u0144 Babci i Dzie\u0144 Dziadka\"}]},{\"@type\":\"WebSite\",\"@id\":\"https:\\\/\\\/www.bzdz.pl\\\/technikum-mundurowe-aleksandrow\\\/#website\",\"url\":\"https:\\\/\\\/www.bzdz.pl\\\/technikum-mundurowe-aleksandrow\\\/\",\"name\":\"Technikum Mundurowe Aleksandr\u00f3w Kujawski\",\"description\":\"\",\"potentialAction\":[{\"@type\":\"SearchAction\",\"target\":{\"@type\":\"EntryPoint\",\"urlTemplate\":\"https:\\\/\\\/www.bzdz.pl\\\/technikum-mundurowe-aleksandrow\\\/?s={search_term_string}\"},\"query-input\":{\"@type\":\"PropertyValueSpecification\",\"valueRequired\":true,\"valueName\":\"search_term_string\"}}],\"inLanguage\":\"pl-PL\"},{\"@type\":\"Person\",\"@id\":\"https:\\\/\\\/www.bzdz.pl\\\/technikum-mundurowe-aleksandrow\\\/#\\\/schema\\\/person\\\/2b221b7fe104fe7f1641aefbef50a33b\",\"name\":\"Mariusz Fia\u0142kowski\",\"image\":{\"@type\":\"ImageObject\",\"inLanguage\":\"pl-PL\",\"@id\":\"https:\\\/\\\/secure.gravatar.com\\\/avatar\\\/ffb18ebee0800728125ac87149404d1471fe4546d01a4e8357338a9f4d9dc328?s=96&d=mm&r=g\",\"url\":\"https:\\\/\\\/secure.gravatar.com\\\/avatar\\\/ffb18ebee0800728125ac87149404d1471fe4546d01a4e8357338a9f4d9dc328?s=96&d=mm&r=g\",\"contentUrl\":\"https:\\\/\\\/secure.gravatar.com\\\/avatar\\\/ffb18ebee0800728125ac87149404d1471fe4546d01a4e8357338a9f4d9dc328?s=96&d=mm&r=g\",\"caption\":\"Mariusz Fia\u0142kowski\"}}]}<\/script>\n<!-- \/ Yoast SEO plugin. -->","yoast_head_json":{"title":"Dzie\u0144 Babci i Dzie\u0144 Dziadka - Technikum Mundurowe Aleksandr\u00f3w Kujawski","robots":{"index":"index","follow":"follow","max-snippet":"max-snippet:-1","max-image-preview":"max-image-preview:large","max-video-preview":"max-video-preview:-1"},"canonical":"https:\/\/www.bzdz.pl\/technikum-mundurowe-aleksandrow\/dzien-babci-i-dzien-dziadka\/","og_locale":"pl_PL","og_type":"article","og_title":"Dzie\u0144 Babci i Dzie\u0144 Dziadka - Technikum Mundurowe Aleksandr\u00f3w Kujawski","og_description":"Dzie\u0144 Babci i Dzie\u0144 Dziadka  Uwielbiamy naszych Senior\u00f3w i w tym dniu ZWYCZAJNIE NIE MOG\u0141O ZABRAKN\u0104\u0106 \u017bYCZE\u0143 OD NAS  Jeste\u015bcie Pa\u0144stwo WSPANIALI ! \u2014\u2014 20.01.2023 r. Przedstawiciele Samorz\u0105du Uczniowskiego wraz z opiekunem &#8211; Pani\u0105 Ma\u0142gorzat\u0105 Juchniewicz sk\u0142adaj\u0105c \u017cyczenia z okazji \u015awi\u0119ta Bab\u0107 i Dziadk\u00f3w odwiedzili Dzienny Dom Pobytu w Aleksandrowie Kujawskim. Przeczytaj ca\u0142o\u015b\u0107","og_url":"https:\/\/www.bzdz.pl\/technikum-mundurowe-aleksandrow\/dzien-babci-i-dzien-dziadka\/","og_site_name":"Technikum Mundurowe Aleksandr\u00f3w Kujawski","article_published_time":"2023-01-20T16:05:17+00:00","og_image":[{"url":"https:\/\/www.bzdz.pl\/technikum-mundurowe-aleksandrow\/wp-content\/uploads\/2023\/01\/326065959-456273370054090-7385996611805350868-n.jpg","type":"","width":"","height":""}],"author":"Mariusz Fia\u0142kowski","twitter_card":"summary_large_image","twitter_misc":{"Napisane przez":"Mariusz Fia\u0142kowski","Szacowany czas czytania":"2 minuty"},"schema":{"@context":"https:\/\/schema.org","@graph":[{"@type":"Article","@id":"https:\/\/www.bzdz.pl\/technikum-mundurowe-aleksandrow\/dzien-babci-i-dzien-dziadka\/#article","isPartOf":{"@id":"https:\/\/www.bzdz.pl\/technikum-mundurowe-aleksandrow\/dzien-babci-i-dzien-dziadka\/"},"author":{"name":"Mariusz Fia\u0142kowski","@id":"https:\/\/www.bzdz.pl\/technikum-mundurowe-aleksandrow\/#\/schema\/person\/2b221b7fe104fe7f1641aefbef50a33b"},"headline":"Dzie\u0144 Babci i Dzie\u0144 Dziadka","datePublished":"2023-01-20T16:05:17+00:00","mainEntityOfPage":{"@id":"https:\/\/www.bzdz.pl\/technikum-mundurowe-aleksandrow\/dzien-babci-i-dzien-dziadka\/"},"wordCount":63,"image":{"@id":"https:\/\/www.bzdz.pl\/technikum-mundurowe-aleksandrow\/dzien-babci-i-dzien-dziadka\/#primaryimage"},"thumbnailUrl":"https:\/\/www.bzdz.pl\/technikum-mundurowe-aleksandrow\/wp-content\/uploads\/2023\/01\/326065959-456273370054090-7385996611805350868-n.jpg","articleSection":["Aktualno\u015bci"],"inLanguage":"pl-PL"},{"@type":"WebPage","@id":"https:\/\/www.bzdz.pl\/technikum-mundurowe-aleksandrow\/dzien-babci-i-dzien-dziadka\/","url":"https:\/\/www.bzdz.pl\/technikum-mundurowe-aleksandrow\/dzien-babci-i-dzien-dziadka\/","name":"Dzie\u0144 Babci i Dzie\u0144 Dziadka - Technikum Mundurowe Aleksandr\u00f3w Kujawski","isPartOf":{"@id":"https:\/\/www.bzdz.pl\/technikum-mundurowe-aleksandrow\/#website"},"primaryImageOfPage":{"@id":"https:\/\/www.bzdz.pl\/technikum-mundurowe-aleksandrow\/dzien-babci-i-dzien-dziadka\/#primaryimage"},"image":{"@id":"https:\/\/www.bzdz.pl\/technikum-mundurowe-aleksandrow\/dzien-babci-i-dzien-dziadka\/#primaryimage"},"thumbnailUrl":"https:\/\/www.bzdz.pl\/technikum-mundurowe-aleksandrow\/wp-content\/uploads\/2023\/01\/326065959-456273370054090-7385996611805350868-n.jpg","datePublished":"2023-01-20T16:05:17+00:00","author":{"@id":"https:\/\/www.bzdz.pl\/technikum-mundurowe-aleksandrow\/#\/schema\/person\/2b221b7fe104fe7f1641aefbef50a33b"},"breadcrumb":{"@id":"https:\/\/www.bzdz.pl\/technikum-mundurowe-aleksandrow\/dzien-babci-i-dzien-dziadka\/#breadcrumb"},"inLanguage":"pl-PL","potentialAction":[{"@type":"ReadAction","target":["https:\/\/www.bzdz.pl\/technikum-mundurowe-aleksandrow\/dzien-babci-i-dzien-dziadka\/"]}]},{"@type":"ImageObject","inLanguage":"pl-PL","@id":"https:\/\/www.bzdz.pl\/technikum-mundurowe-aleksandrow\/dzien-babci-i-dzien-dziadka\/#primaryimage","url":"https:\/\/www.bzdz.pl\/technikum-mundurowe-aleksandrow\/wp-content\/uploads\/2023\/01\/326065959-456273370054090-7385996611805350868-n.jpg","contentUrl":"https:\/\/www.bzdz.pl\/technikum-mundurowe-aleksandrow\/wp-content\/uploads\/2023\/01\/326065959-456273370054090-7385996611805350868-n.jpg","width":1500,"height":844},{"@type":"BreadcrumbList","@id":"https:\/\/www.bzdz.pl\/technikum-mundurowe-aleksandrow\/dzien-babci-i-dzien-dziadka\/#breadcrumb","itemListElement":[{"@type":"ListItem","position":1,"name":"Strona g\u0142\u00f3wna","item":"https:\/\/www.bzdz.pl\/technikum-mundurowe-aleksandrow\/"},{"@type":"ListItem","position":2,"name":"Dzie\u0144 Babci i Dzie\u0144 Dziadka"}]},{"@type":"WebSite","@id":"https:\/\/www.bzdz.pl\/technikum-mundurowe-aleksandrow\/#website","url":"https:\/\/www.bzdz.pl\/technikum-mundurowe-aleksandrow\/","name":"Technikum Mundurowe Aleksandr\u00f3w Kujawski","description":"","potentialAction":[{"@type":"SearchAction","target":{"@type":"EntryPoint","urlTemplate":"https:\/\/www.bzdz.pl\/technikum-mundurowe-aleksandrow\/?s={search_term_string}"},"query-input":{"@type":"PropertyValueSpecification","valueRequired":true,"valueName":"search_term_string"}}],"inLanguage":"pl-PL"},{"@type":"Person","@id":"https:\/\/www.bzdz.pl\/technikum-mundurowe-aleksandrow\/#\/schema\/person\/2b221b7fe104fe7f1641aefbef50a33b","name":"Mariusz Fia\u0142kowski","image":{"@type":"ImageObject","inLanguage":"pl-PL","@id":"https:\/\/secure.gravatar.com\/avatar\/ffb18ebee0800728125ac87149404d1471fe4546d01a4e8357338a9f4d9dc328?s=96&d=mm&r=g","url":"https:\/\/secure.gravatar.com\/avatar\/ffb18ebee0800728125ac87149404d1471fe4546d01a4e8357338a9f4d9dc328?s=96&d=mm&r=g","contentUrl":"https:\/\/secure.gravatar.com\/avatar\/ffb18ebee0800728125ac87149404d1471fe4546d01a4e8357338a9f4d9dc328?s=96&d=mm&r=g","caption":"Mariusz Fia\u0142kowski"}}]}},"_links":{"self":[{"href":"https:\/\/www.bzdz.pl\/technikum-mundurowe-aleksandrow\/wp-json\/wp\/v2\/posts\/5781","targetHints":{"allow":["GET"]}}],"collection":[{"href":"https:\/\/www.bzdz.pl\/technikum-mundurowe-aleksandrow\/wp-json\/wp\/v2\/posts"}],"about":[{"href":"https:\/\/www.bzdz.pl\/technikum-mundurowe-aleksandrow\/wp-json\/wp\/v2\/types\/post"}],"author":[{"embeddable":true,"href":"https:\/\/www.bzdz.pl\/technikum-mundurowe-aleksandrow\/wp-json\/wp\/v2\/users\/5"}],"replies":[{"embeddable":true,"href":"https:\/\/www.bzdz.pl\/technikum-mundurowe-aleksandrow\/wp-json\/wp\/v2\/comments?post=5781"}],"version-history":[{"count":1,"href":"https:\/\/www.bzdz.pl\/technikum-mundurowe-aleksandrow\/wp-json\/wp\/v2\/posts\/5781\/revisions"}],"predecessor-version":[{"id":5783,"href":"https:\/\/www.bzdz.pl\/technikum-mundurowe-aleksandrow\/wp-json\/wp\/v2\/posts\/5781\/revisions\/5783"}],"wp:attachment":[{"href":"https:\/\/www.bzdz.pl\/technikum-mundurowe-aleksandrow\/wp-json\/wp\/v2\/media?parent=5781"}],"wp:term":[{"taxonomy":"category","embeddable":true,"href":"https:\/\/www.bzdz.pl\/technikum-mundurowe-aleksandrow\/wp-json\/wp\/v2\/categories?post=5781"},{"taxonomy":"post_tag","embeddable":true,"href":"https:\/\/www.bzdz.pl\/technikum-mundurowe-aleksandrow\/wp-json\/wp\/v2\/tags?post=5781"}],"curies":[{"name":"wp","href":"https:\/\/api.w.org\/{rel}","templated":true}]}}